{"id":70757,"date":"2008-07-21T22:20:09","date_gmt":"2008-07-21T22:20:09","guid":{"rendered":"http:\/\/diariodominicano.ddns.net\/?p=70757"},"modified":"2008-07-21T22:20:09","modified_gmt":"2008-07-21T22:20:09","slug":"reinauguran-parque-colon","status":"publish","type":"post","link":"https:\/\/diariodominicano.com\/?p=70757","title":{"rendered":"Reinauguran Parque Col\u00f3n"},"content":{"rendered":"<p><body><\/p>\n<p align=\"justify\"><strong class=\"titulogrande1\">Reinauguran Parque Col\u00f3n <\/strong> <br \/>&#13;<br \/>\n  \u00a0<br \/>&#13;<br \/>\n  <span class=\"text1noticias\"><strong><img loading=\"lazy\" decoding=\"async\" src=\"http:\/\/localhost:8080\/img\/reinagura parque.jpg\" width=\"375\" height=\"743\" hspace=\"4\" align=\"left\" \/>SANTIAGO.-<\/strong> En todo un derroche de emoci\u00f3n, alegr\u00eda, tradici\u00f3n y cultura se  convirti\u00f3 la reinauguraci\u00f3n del Parque Col\u00f3n por parte del Ayuntamiento, que  asumi\u00f3 los trabajos de esta obra a un costo que alcanzan los 22 millones de pesos.  El espect\u00e1culo art\u00edstico presentado y la exhibici\u00f3n de fuegos artificiales  marcaron la diferencia en este tipo de actividad.<br \/>&#13;<br \/>\n  \u00a0<br \/>&#13;<br \/>\n  El s\u00edndico Jos\u00e9 Enrique Sued Sem y Monse\u00f1or Ram\u00f3n Benito de la Rosa y Carpio, presidente de la Comisi\u00f3n Municipal  de Celebraci\u00f3n de los 500 a\u00f1os del Escudo de Armas, encabezaron la ceremonia en  la que estuvieron presentes tambi\u00e9n regidores, autoridades civiles y militares,  invitados especiales y otras personalidades, as\u00ed como gente del pueblo. <br \/>&#13;<br \/>\n  \u00a0<br \/>&#13;<br \/>\n  Las presentaciones del Ballet Folcl\u00f3rico de Santiago y del grupo de lechones de  Los Jardines fueron elementos que sirvieron para hacer m\u00e1s atractivo y ameno el  acto, que se celebr\u00f3 con buena asistencia pese a una constante amenaza de  lluvia. <br \/>&#13;<br \/>\n  \u00a0<br \/>&#13;<br \/>\n  El Himno Nacional interpretado por la   Banda de M\u00fasica del Ej\u00e9rcito Nacional sirvi\u00f3 como colof\u00f3n al  programa, que continu\u00f3 con las palabras del arquitecto C\u00e9sar Ventura Cuello.  Luego Monse\u00f1or De la Rosa  y Carpio, acompa\u00f1ado del sacerdote Carlos Santana, bendijo la obra, que est\u00e1  enmarcada dentro de los actos de conmemoraci\u00f3n de los 500 a\u00f1os del escudo. <br \/>&#13;<br \/>\n  \u00a0<br \/>&#13;<br \/>\n  Las palabras centrales estuvieron a cargo del s\u00edndico Sued quien, entre otras  cosas, destac\u00f3 que para el Gobierno de la ciudad es un gran motivo de gran  regocijo la entrega de los trabajos de remodelaci\u00f3n\u00a0 del Parque Colon, ya  que se trata de una obra municipal que da esplendor al \u00e1rea del Centro  Hist\u00f3rico de Santiago. <br \/>&#13;<br \/>\n  \u00a0<br \/>&#13;<br \/>\n\u201cNos satisface seguir invirtiendo en mejorar y rehabilitar los pulmones verdes  de la ciudad, en raz\u00f3n de que se trata de un esfuerzo que aumenta la calidad de  vida de la poblaci\u00f3n.\u201d, argument\u00f3 m\u00e1s adelante el alcalde. <br \/>&#13;<br \/>\n  \u00a0<br \/>&#13;<br \/>\n  Record\u00f3 que, aparte del Col\u00f3n, la administraci\u00f3n remodel\u00f3 y remoz\u00f3 la reata  recreativa de la avenida Hermanas Mirabal, los parques profesora Ercilia Pep\u00edn,  Arzobispo Portes (Los Chachases) y el Plaza General Fernando Valerio, que ser\u00e1  entregado el d\u00eda del Patr\u00f3n Santiago, este 25 de julio. <br \/>&#13;<br \/>\n  \u00a0<br \/>&#13;<br \/>\n  En adici\u00f3n a estos parques del casco urbano, la gesti\u00f3n municipal se ha ocupado  tambi\u00e9n de acondicionar aquellos espacios recreativos de los sectores  perif\u00e9ricos, lo que representa una inversi\u00f3n planificada en aras de dotar a la  municipalidad de lugares apropiados para el esparcimiento familiar. <br \/>&#13;<br \/>\n  \u00a0<br \/>&#13;<br \/>\nORGULLO Y SATISFACCION \u00a0<br \/>&#13;<br \/>\n<br \/>&#13;<br \/>\n\u201cEl Parque Col\u00f3n, al igual que  el Ercilia Pep\u00edn, el Plaza Valerio y otras obras municipales de inter\u00e9s social,  son realizaciones del gobierno local que nos llenan de orgullo y satisfacci\u00f3n  en estos 500 a\u00f1os de celebraci\u00f3n de nuestro Escudo de Armas\u201d, sostuvo  Sued.\u00a0<br \/>&#13;<br \/>\n  \u00a0<br \/>&#13;<br \/>\n  Destac\u00f3 con relaci\u00f3n a esto \u00faltimo que se trata de un hist\u00f3rico acontecimiento  con proyecci\u00f3n internacional que nos permitir\u00e1 reencontrarnos con nuestras  ra\u00edces y vinculaci\u00f3n con la   Madre Patria, que nos dieron hace 500 a\u00f1os el privilegio Real  de Villa en esta parte del nuevo mundo. <br \/>&#13;<br \/>\n  \u00a0<br \/>&#13;<br \/>\n  El proyecto de remodelaci\u00f3n de del Parque Col\u00f3n tiene una escultura con la  r\u00e9plica de las tres embarcaciones, las carabelas La pinta, La Ni\u00f1a y La Santa Mar\u00eda,  utilizadas por el Almirante Crist\u00f3bal Col\u00f3n en su sue\u00f1o-aventura del  Descubrimiento de Am\u00e9rica.\u00a0<br \/>&#13;<br \/>\n  \u00a0<br \/>&#13;<br \/>\n  El programa incluy\u00f3 corte de cinta por parte del sindico, monse\u00f1or De la Rosa y Carpio y otros  invitados, develizamiento de la tarja del Almirante Col\u00f3n, palabras de gracias  a nombre de la comunidad por parte de Miguel Ventura y una exhibici\u00f3n de fuegos  artificiales que puso a disfrutar a grandes y chicos. <br \/>&#13;<br \/>\n  \u00a0<br \/>&#13;<br \/>\n  ATRACTIVOS DEL PARQUE <br \/>&#13;<br \/>\n  \u00a0<br \/>&#13;<br \/>\n  El Col\u00f3n es, en lo adelante, un parque adoquinado, tiene una completa  iluminaci\u00f3n con luces empotradas, as\u00ed como una cascada y lago artificial, dos  murales aleg\u00f3ricos al descubrimiento y r\u00e9plicas de las tres carabelas. <br \/>&#13;<br \/>\n  \u00a0<br \/>&#13;<br \/>\n  Cuenta, por igual, con un sistema de riego por aspersi\u00f3n que ser\u00e1, incluso,  computarizado, seg\u00fan detalles ofrecidos por los ingenieros que est\u00e1n a cargo de  esta majestuosa obra, cuyos primeros trabajos se iniciaron el 12 de octubre de  1892 e inaugurada en 1897 durante la conmemoraci\u00f3n de la Guerra Restauradora.\u00a0<br \/>&#13;<br \/>\n  \u00a0<br \/>&#13;<br \/>\nEl plano para la construcci\u00f3n de este parque fue levantado en septiembre de  1892 por el ingeniero belga Luis Bogaert, quien lo hizo gratuitamente. La mano  de obra estuvo a cargo del maestro constructor Onofre de Lora, el cual tuvo  como ayudante al se\u00f1or Manuel Maria Garc\u00eda.\u00a0<\/span><\/p>\n<p>&#13;<\/p>\n<h6> 2008-07-21 22:20:09 <\/h6>\n<p><!--\n<link rel=\"stylesheet\" href=\"css\/bootstrap.min.css\">\n\n\n<ul class=\"pagination\">\n\t    \n\t\n\n<li >\n\t<a href='?page_no=22434'>Previous<\/a>\n\t<\/li>\n\n\n       \n    \n\n<li><a href='?page_no=1'>1<\/a><\/li>\n\n\n\n<li><a href='?page_no=2'>2<\/a><\/li>\n\n\n\n<li><a>...<\/a><\/li>\n\n\n\n<li><a href='?page_no=22433'>22433<\/a><\/li>\n\n\n\n<li><a href='?page_no=22434'>22434<\/a><\/li>\n\n\n\n<li class='active'><a>22435<\/a><\/li>\n\n\n\n<li><a href='?page_no=22436'>22436<\/a><\/li>\n\n\n\n<li><a href='?page_no=22437'>22437<\/a><\/li>\n\n\n\n<li><a>...<\/a><\/li>\n\n\n\n<li><a href='?page_no=22911'>22911<\/a><\/li>\n\n\n\n<li><a href='?page_no=22912'>22912<\/a><\/li>\n\n    \n\t\n\n<li >\n\t<a href='?page_no=22436'>Next<\/a>\n\t<\/li>\n\n\n    \n\n<li><a href='?page_no=22912'>Last &rsaquo;&rsaquo;<\/a><\/li>\n\n<\/ul>\n\n\n--><br \/>\n<\/body><\/p>\n","protected":false},"excerpt":{"rendered":"<p>Reinauguran Parque Col\u00f3n &#13; \u00a0&#13; SANTIAGO.- En todo un derroche de emoci\u00f3n, alegr\u00eda, tradici\u00f3n y cultura se convirti\u00f3 la reinauguraci\u00f3n del Parque Col\u00f3n por parte del Ayuntamiento, que asumi\u00f3 los trabajos de esta obra a un costo que alcanzan los 22 millones de pesos. El espect\u00e1culo art\u00edstico presentado y la exhibici\u00f3n de fuegos artificiales marcaron [&hellip;]<\/p>\n","protected":false},"author":3,"featured_media":0,"comment_status":"open","ping_status":"open","sticky":false,"template":"","format":"standard","meta":{"footnotes":""},"categories":[21],"tags":[],"class_list":["post-70757","post","type-post","status-publish","format-standard","hentry","category-cultura"],"_links":{"self":[{"href":"https:\/\/diariodominicano.com\/index.php?rest_route=\/wp\/v2\/posts\/70757","targetHints":{"allow":["GET"]}}],"collection":[{"href":"https:\/\/diariodominicano.com\/index.php?rest_route=\/wp\/v2\/posts"}],"about":[{"href":"https:\/\/diariodominicano.com\/index.php?rest_route=\/wp\/v2\/types\/post"}],"author":[{"embeddable":true,"href":"https:\/\/diariodominicano.com\/index.php?rest_route=\/wp\/v2\/users\/3"}],"replies":[{"embeddable":true,"href":"https:\/\/diariodominicano.com\/index.php?rest_route=%2Fwp%2Fv2%2Fcomments&post=70757"}],"version-history":[{"count":0,"href":"https:\/\/diariodominicano.com\/index.php?rest_route=\/wp\/v2\/posts\/70757\/revisions"}],"wp:attachment":[{"href":"https:\/\/diariodominicano.com\/index.php?rest_route=%2Fwp%2Fv2%2Fmedia&parent=70757"}],"wp:term":[{"taxonomy":"category","embeddable":true,"href":"https:\/\/diariodominicano.com\/index.php?rest_route=%2Fwp%2Fv2%2Fcategories&post=70757"},{"taxonomy":"post_tag","embeddable":true,"href":"https:\/\/diariodominicano.com\/index.php?rest_route=%2Fwp%2Fv2%2Ftags&post=70757"}],"curies":[{"name":"wp","href":"https:\/\/api.w.org\/{rel}","templated":true}]}}