{"id":70756,"date":"2008-07-21T22:23:09","date_gmt":"2008-07-21T22:23:09","guid":{"rendered":"http:\/\/diariodominicano.ddns.net\/?p=70756"},"modified":"2008-07-21T22:23:09","modified_gmt":"2008-07-21T22:23:09","slug":"dgdc-inicia-actos-conmemorativos-de-la-restauracion","status":"publish","type":"post","link":"https:\/\/diariodominicano.com\/?p=70756","title":{"rendered":"DGDC- inicia actos conmemorativos de la restauraci\u00f3n"},"content":{"rendered":"<p><body><\/p>\n<p align=\"justify\"><span class=\"titulogrande1\">DGDC- inicia actos  conmemorativos de la restauraci\u00f3n<\/span><br \/>&#13;<br \/>\n  \u00a0<br \/>&#13;<br \/>\n  <span class=\"text1noticias\"><strong><img loading=\"lazy\" decoding=\"async\" src=\"http:\/\/localhost:8080\/img\/dgdc libros.jpg\" width=\"375\" height=\"564\" hspace=\"4\" align=\"left\" \/>PUERTO PLATA.- <\/strong>Con motivo del  145 aniversario de La   Restauraci\u00f3n de La Rep\u00fablica, La Direcci\u00f3n General  de Desarrollo de La   Comunidad \u2013DGDC-, La Fundaci\u00f3n Educarte  y un grupo de organizaciones culturales de Puerto Plata iniciaron en esa ciudad  una serie de actividades para recordar la gesta restauradora de 1863.<br \/>&#13;<br \/>\n  \u00a0<br \/>&#13;<br \/>\n  Las actividades se iniciaron  en el Parque Central de Puerto Plata con la presentaci\u00f3n de la obra \u201cDon  Quijote Sin la Mancha\u201d,  escrita por Tom\u00e1s Castro Burdiez y dirigida por Arisleyda Bier, bajo la  coordinaci\u00f3n del Grupo Cultural B\u00e1lsamo y el Colectivo de Artistas Pl\u00e1sticos  ARTE 48. <br \/>&#13;<br \/>\n  \u00a0<br \/>&#13;<br \/>\n  La actividad reuni\u00f3  centenares de ni\u00f1os y adultos en el Parque Central de Puerto Plata, e incluy\u00f3  la presentaci\u00f3n de la exposici\u00f3n El Quijote Infantil del maestro Cesteros,\u00a0 un desfile del Batton Ballet de La Direcci\u00f3n General  de Desarrollo de La   Comunidad, rifas de libros, regalos y la colocaci\u00f3n de la Mancha Del Quijote en  la mejilla de ni\u00f1as y ni\u00f1os congregados en el Lugar. <br \/>&#13;<br \/>\n  \u00a0<br \/>&#13;<br \/>\n  Al concluir la actividad,  Luis Acosta Moreta, director General de la \u2013DGDC-, resalt\u00f3 la importancia que  tuvo para los dominicanos la gesta restauradora que dirigi\u00f3 el general  puertoplate\u00f1o Gregorio Luper\u00f3n, y lo que significa para el pa\u00eds educar las  ni\u00f1as y ni\u00f1os en base a los valores patri\u00f3ticos, \u00e9ticos y culturales. <br \/>&#13;<br \/>\n  \u00a0<br \/>&#13;<br \/>\n  Las actividades  conmemorativas del 145 aniversario de La Restauraci\u00f3n de La Rep\u00fablica se extender\u00e1n  hasta el mes de agosto en otros municipios de la Provincia Puerto  Plata, pueblos y comunidades de todo el pa\u00eds que podr\u00e1n disfrutar de la obra  \u201cDon Quijote sin La Mancha\u201d. <br \/>&#13;<br \/>\n\u00a0<\/span><\/p>\n<p>&#13;<\/p>\n<h6> 2008-07-21 22:23:09 <\/h6>\n<p><!--\n<link rel=\"stylesheet\" href=\"css\/bootstrap.min.css\">\n\n\n<ul class=\"pagination\">\n\t    \n\t\n\n<li >\n\t<a href='?page_no=22433'>Previous<\/a>\n\t<\/li>\n\n\n       \n    \n\n<li><a href='?page_no=1'>1<\/a><\/li>\n\n\n\n<li><a href='?page_no=2'>2<\/a><\/li>\n\n\n\n<li><a>...<\/a><\/li>\n\n\n\n<li><a href='?page_no=22432'>22432<\/a><\/li>\n\n\n\n<li><a href='?page_no=22433'>22433<\/a><\/li>\n\n\n\n<li class='active'><a>22434<\/a><\/li>\n\n\n\n<li><a href='?page_no=22435'>22435<\/a><\/li>\n\n\n\n<li><a href='?page_no=22436'>22436<\/a><\/li>\n\n\n\n<li><a>...<\/a><\/li>\n\n\n\n<li><a href='?page_no=22911'>22911<\/a><\/li>\n\n\n\n<li><a href='?page_no=22912'>22912<\/a><\/li>\n\n    \n\t\n\n<li >\n\t<a href='?page_no=22435'>Next<\/a>\n\t<\/li>\n\n\n    \n\n<li><a href='?page_no=22912'>Last &rsaquo;&rsaquo;<\/a><\/li>\n\n<\/ul>\n\n\n--><br \/>\n<\/body><\/p>\n","protected":false},"excerpt":{"rendered":"<p>DGDC- inicia actos conmemorativos de la restauraci\u00f3n&#13; \u00a0&#13; PUERTO PLATA.- Con motivo del 145 aniversario de La Restauraci\u00f3n de La Rep\u00fablica, La Direcci\u00f3n General de Desarrollo de La Comunidad \u2013DGDC-, La Fundaci\u00f3n Educarte y un grupo de organizaciones culturales de Puerto Plata iniciaron en esa ciudad una serie de actividades para recordar la gesta restauradora [&hellip;]<\/p>\n","protected":false},"author":3,"featured_media":0,"comment_status":"open","ping_status":"open","sticky":false,"template":"","format":"standard","meta":{"footnotes":""},"categories":[21],"tags":[],"class_list":["post-70756","post","type-post","status-publish","format-standard","hentry","category-cultura"],"_links":{"self":[{"href":"https:\/\/diariodominicano.com\/index.php?rest_route=\/wp\/v2\/posts\/70756","targetHints":{"allow":["GET"]}}],"collection":[{"href":"https:\/\/diariodominicano.com\/index.php?rest_route=\/wp\/v2\/posts"}],"about":[{"href":"https:\/\/diariodominicano.com\/index.php?rest_route=\/wp\/v2\/types\/post"}],"author":[{"embeddable":true,"href":"https:\/\/diariodominicano.com\/index.php?rest_route=\/wp\/v2\/users\/3"}],"replies":[{"embeddable":true,"href":"https:\/\/diariodominicano.com\/index.php?rest_route=%2Fwp%2Fv2%2Fcomments&post=70756"}],"version-history":[{"count":0,"href":"https:\/\/diariodominicano.com\/index.php?rest_route=\/wp\/v2\/posts\/70756\/revisions"}],"wp:attachment":[{"href":"https:\/\/diariodominicano.com\/index.php?rest_route=%2Fwp%2Fv2%2Fmedia&parent=70756"}],"wp:term":[{"taxonomy":"category","embeddable":true,"href":"https:\/\/diariodominicano.com\/index.php?rest_route=%2Fwp%2Fv2%2Fcategories&post=70756"},{"taxonomy":"post_tag","embeddable":true,"href":"https:\/\/diariodominicano.com\/index.php?rest_route=%2Fwp%2Fv2%2Ftags&post=70756"}],"curies":[{"name":"wp","href":"https:\/\/api.w.org\/{rel}","templated":true}]}}