{"id":70755,"date":"2008-07-21T22:25:46","date_gmt":"2008-07-21T22:25:46","guid":{"rendered":"http:\/\/diariodominicano.ddns.net\/?p=70755"},"modified":"2008-07-21T22:25:46","modified_gmt":"2008-07-21T22:25:46","slug":"dpd-realiza-muestra-del-libro-infantil-y-juvenil-en-san-pedro-de-macoris","status":"publish","type":"post","link":"https:\/\/diariodominicano.com\/?p=70755","title":{"rendered":"DPD realiza Muestra del Libro Infantil y Juvenil en San Pedro de Macor\u00eds"},"content":{"rendered":"<p><body><\/p>\n<p align=\"justify\"><span class=\"titulogrande1\">DPD  realiza Muestra del Libro Infantil y Juvenil en San Pedro de Macor\u00eds <\/span><br \/>&#13;<br \/>\n  <br \/>&#13;<br \/>\n    <span class=\"text1noticias\"><strong><img loading=\"lazy\" decoding=\"async\" src=\"http:\/\/localhost:8080\/img\/dpd libros.jpg\" width=\"375\" height=\"755\" hspace=\"4\" align=\"left\" \/>SANTO DOMINGO.- <\/strong>Con el objetivo de mantener  las actividades de promoci\u00f3n de la lectura, el Despacho de la Primera Dama realiz\u00f3 la Muestra del Libro Infantil  y Juvenil 2008 en el Parque Infantil de San Pedro de Macor\u00eds.<br \/>&#13;<br \/>\n    <br \/>&#13;<br \/>\n    El Despacho de la Primera Dama, que  dirige Margarita Cede\u00f1o de Fern\u00e1ndez,\u00a0 eligi\u00f3 un Aula Multigrado como  espacio educativo para la realizaci\u00f3n de las actividades en la muestra. <br \/>&#13;<br \/>\n    <br \/>&#13;<br \/>\n    En esta unidad, acondicionada como espacio  apropiado para el desenvolvimiento educativo, se estar\u00e1 desarrollando un  variado programa de actividades, que contempla la realizaci\u00f3n de\u00a0 muestras  art\u00edsticas, concursos de lectura, funciones de cuenta cuentos, talleres,  charlas, teatro de t\u00edteres, entre otras actividades.<br \/>&#13;<br \/>\n    <br \/>&#13;<br \/>\n    Durante los meses de julio y agosto, el aula  multigrado estar\u00e1 instalada en el parque infantil para acoger a todos los ni\u00f1os  y ni\u00f1as que quieran compartir un momento de sano y educativo entretenimiento. <br \/>&#13;<br \/>\n    <br \/>&#13;<br \/>\n    Adem\u00e1s, la actividad contar\u00e1 con la  participaci\u00f3n de las Librer\u00edas EDUPROGRESO, EDUCARTE, Asesores Culturales,  Ciencia y Cultura.<br \/>&#13;<br \/>\n    <br \/>&#13;<br \/>\n    Con esta iniciativa la Primera Dama,  promueve a trav\u00e9s del Programa Leyendo Aprendo, el fomento de la lectura en los  ni\u00f1os, ni\u00f1as y adolescentes e integra a la comunidad de la Provincia San Pedro  Macor\u00eds en una actividad cultural y educativa sin precedentes.<br \/>&#13;<br \/>\n    <br \/>&#13;<br \/>\nLa Muestra del  Libro Infantil y Juvenil 2008 es la segunda versi\u00f3n que se realiza de eventos  de este tipo, ya que el pasado a\u00f1o fue la primera versi\u00f3n en el Parque La Canqui\u00f1a, del Mirador Sur.  \u00a0<\/span><\/p>\n<p>&#13;<\/p>\n<h6> 2008-07-21 22:25:46 <\/h6>\n<p><!--\n<link rel=\"stylesheet\" href=\"css\/bootstrap.min.css\">\n\n\n<ul class=\"pagination\">\n\t    \n\t\n\n<li >\n\t<a href='?page_no=22432'>Previous<\/a>\n\t<\/li>\n\n\n       \n    \n\n<li><a href='?page_no=1'>1<\/a><\/li>\n\n\n\n<li><a href='?page_no=2'>2<\/a><\/li>\n\n\n\n<li><a>...<\/a><\/li>\n\n\n\n<li><a href='?page_no=22431'>22431<\/a><\/li>\n\n\n\n<li><a href='?page_no=22432'>22432<\/a><\/li>\n\n\n\n<li class='active'><a>22433<\/a><\/li>\n\n\n\n<li><a href='?page_no=22434'>22434<\/a><\/li>\n\n\n\n<li><a href='?page_no=22435'>22435<\/a><\/li>\n\n\n\n<li><a>...<\/a><\/li>\n\n\n\n<li><a href='?page_no=22911'>22911<\/a><\/li>\n\n\n\n<li><a href='?page_no=22912'>22912<\/a><\/li>\n\n    \n\t\n\n<li >\n\t<a href='?page_no=22434'>Next<\/a>\n\t<\/li>\n\n\n    \n\n<li><a href='?page_no=22912'>Last &rsaquo;&rsaquo;<\/a><\/li>\n\n<\/ul>\n\n\n--><br \/>\n<\/body><\/p>\n","protected":false},"excerpt":{"rendered":"<p>DPD realiza Muestra del Libro Infantil y Juvenil en San Pedro de Macor\u00eds &#13; &#13; SANTO DOMINGO.- Con el objetivo de mantener las actividades de promoci\u00f3n de la lectura, el Despacho de la Primera Dama realiz\u00f3 la Muestra del Libro Infantil y Juvenil 2008 en el Parque Infantil de San Pedro de Macor\u00eds.&#13; &#13; El [&hellip;]<\/p>\n","protected":false},"author":3,"featured_media":0,"comment_status":"open","ping_status":"open","sticky":false,"template":"","format":"standard","meta":{"footnotes":""},"categories":[21],"tags":[],"class_list":["post-70755","post","type-post","status-publish","format-standard","hentry","category-cultura"],"_links":{"self":[{"href":"https:\/\/diariodominicano.com\/index.php?rest_route=\/wp\/v2\/posts\/70755","targetHints":{"allow":["GET"]}}],"collection":[{"href":"https:\/\/diariodominicano.com\/index.php?rest_route=\/wp\/v2\/posts"}],"about":[{"href":"https:\/\/diariodominicano.com\/index.php?rest_route=\/wp\/v2\/types\/post"}],"author":[{"embeddable":true,"href":"https:\/\/diariodominicano.com\/index.php?rest_route=\/wp\/v2\/users\/3"}],"replies":[{"embeddable":true,"href":"https:\/\/diariodominicano.com\/index.php?rest_route=%2Fwp%2Fv2%2Fcomments&post=70755"}],"version-history":[{"count":0,"href":"https:\/\/diariodominicano.com\/index.php?rest_route=\/wp\/v2\/posts\/70755\/revisions"}],"wp:attachment":[{"href":"https:\/\/diariodominicano.com\/index.php?rest_route=%2Fwp%2Fv2%2Fmedia&parent=70755"}],"wp:term":[{"taxonomy":"category","embeddable":true,"href":"https:\/\/diariodominicano.com\/index.php?rest_route=%2Fwp%2Fv2%2Fcategories&post=70755"},{"taxonomy":"post_tag","embeddable":true,"href":"https:\/\/diariodominicano.com\/index.php?rest_route=%2Fwp%2Fv2%2Ftags&post=70755"}],"curies":[{"name":"wp","href":"https:\/\/api.w.org\/{rel}","templated":true}]}}