{"id":70754,"date":"2008-07-22T17:48:47","date_gmt":"2008-07-22T17:48:47","guid":{"rendered":"http:\/\/diariodominicano.ddns.net\/?p=70754"},"modified":"2008-07-22T17:48:47","modified_gmt":"2008-07-22T17:48:47","slug":"tobey-maguire-protagonizara-the-crusaders","status":"publish","type":"post","link":"https:\/\/diariodominicano.com\/?p=70754","title":{"rendered":"Tobey Maguire protagonizar\u00e1 &#8216;The Crusaders&#8217;"},"content":{"rendered":"<p><body><\/p>\n<p align=\"justify\"><strong class=\"titulogrande1\">Tobey Maguire protagonizar\u00e1 &#8216;The Crusaders&#8217;<\/strong><br \/>&#13;<br \/>\n  <br \/>&#13;<br \/>\n    <span class=\"text1noticias\">La pel\u00edcula cuenta la lucha contra la segregaci\u00f3n racial en los colegios  del abogado Jack Greenberg <br \/>&#13;<br \/>\n    <br \/>&#13;<br \/>\n    <strong>EFE<\/strong> &#8211; Los \u00c1ngeles &#8211; 22\/07\/2008 <\/span><\/p>\n<p>&#13;<\/p>\n<p align=\"justify\" class=\"text1noticias\"><img loading=\"lazy\" decoding=\"async\" src=\"http:\/\/localhost:8080\/img\/tobey pelicula.jpg\" width=\"375\" height=\"283\" hspace=\"4\" align=\"left\" \/>Tobey Maguire (<em>Spiderman<\/em>)  protagonizar\u00e1 la pel\u00edcula <em>The Crusaders<\/em>, un drama sobre la lucha legal  contra la segregaci\u00f3n en las escuelas de EE UU en la d\u00e9cada de los 50,  informaron hoy medios estadounidenses.<br \/>&#13;<br \/>\n  <br \/>&#13;<br \/>\n  El actor interpretar\u00e1 a un joven  abogado (Jack Greenberg) que al acabar sus estudios de Derecho lleva hasta el  Tribunal Supremo de EE.UU. las desigualdades raciales en los colegios. La  pel\u00edcula est\u00e1 basada en el caso Brown vs. Board of Education de 1954.<br \/>&#13;<br \/>\n  <br \/>&#13;<br \/>\n  El director ser\u00e1 Gary Ross, con  quien Maguire ya trabaj\u00f3 en <em>Pleasantville<\/em> (1998) y <em>Seabiscuit<\/em> (2003).<br \/>&#13;<br \/>\n  <br \/>&#13;<br \/>\n  El proyecto se basa en las  memorias de Jack Greenberg, <em>Crusaders in the Courts<\/em>, y en un principio  fue desarrollado por la productora New Line, que lo dej\u00f3 escapar al ser  absorbido por la Warner Brothers. <br \/>&#13;<br \/>\n  <br \/>&#13;<br \/>\n  Finalmente Universal Pictures llevar\u00e1 la  historia a la gran pantalla.<br \/>&#13;<br \/>\n  <br \/>&#13;<br \/>\n  Tobey Maguire tiene previsto  estrenar este a\u00f1o la pel\u00edcula <em>Brothers<\/em> en el que estar\u00e1 acompa\u00f1ado por  Jake Gyllenhaal y la actriz Natalie Portman.<\/p>\n<p>&#13;<\/p>\n<h6> 2008-07-22 17:48:47 <\/h6>\n<p><!--\n<link rel=\"stylesheet\" href=\"css\/bootstrap.min.css\">\n\n\n<ul class=\"pagination\">\n\t    \n\t\n\n<li >\n\t<a href='?page_no=22431'>Previous<\/a>\n\t<\/li>\n\n\n       \n    \n\n<li><a href='?page_no=1'>1<\/a><\/li>\n\n\n\n<li><a href='?page_no=2'>2<\/a><\/li>\n\n\n\n<li><a>...<\/a><\/li>\n\n\n\n<li><a href='?page_no=22430'>22430<\/a><\/li>\n\n\n\n<li><a href='?page_no=22431'>22431<\/a><\/li>\n\n\n\n<li class='active'><a>22432<\/a><\/li>\n\n\n\n<li><a href='?page_no=22433'>22433<\/a><\/li>\n\n\n\n<li><a href='?page_no=22434'>22434<\/a><\/li>\n\n\n\n<li><a>...<\/a><\/li>\n\n\n\n<li><a href='?page_no=22911'>22911<\/a><\/li>\n\n\n\n<li><a href='?page_no=22912'>22912<\/a><\/li>\n\n    \n\t\n\n<li >\n\t<a href='?page_no=22433'>Next<\/a>\n\t<\/li>\n\n\n    \n\n<li><a href='?page_no=22912'>Last &rsaquo;&rsaquo;<\/a><\/li>\n\n<\/ul>\n\n\n--><br \/>\n<\/body><\/p>\n","protected":false},"excerpt":{"rendered":"<p>Tobey Maguire protagonizar\u00e1 &#8216;The Crusaders&#8217;&#13; &#13; La pel\u00edcula cuenta la lucha contra la segregaci\u00f3n racial en los colegios del abogado Jack Greenberg &#13; &#13; EFE &#8211; Los \u00c1ngeles &#8211; 22\/07\/2008 &#13; Tobey Maguire (Spiderman) protagonizar\u00e1 la pel\u00edcula The Crusaders, un drama sobre la lucha legal contra la segregaci\u00f3n en las escuelas de EE UU en [&hellip;]<\/p>\n","protected":false},"author":3,"featured_media":0,"comment_status":"open","ping_status":"open","sticky":false,"template":"","format":"standard","meta":{"footnotes":""},"categories":[21],"tags":[],"class_list":["post-70754","post","type-post","status-publish","format-standard","hentry","category-cultura"],"_links":{"self":[{"href":"https:\/\/diariodominicano.com\/index.php?rest_route=\/wp\/v2\/posts\/70754","targetHints":{"allow":["GET"]}}],"collection":[{"href":"https:\/\/diariodominicano.com\/index.php?rest_route=\/wp\/v2\/posts"}],"about":[{"href":"https:\/\/diariodominicano.com\/index.php?rest_route=\/wp\/v2\/types\/post"}],"author":[{"embeddable":true,"href":"https:\/\/diariodominicano.com\/index.php?rest_route=\/wp\/v2\/users\/3"}],"replies":[{"embeddable":true,"href":"https:\/\/diariodominicano.com\/index.php?rest_route=%2Fwp%2Fv2%2Fcomments&post=70754"}],"version-history":[{"count":0,"href":"https:\/\/diariodominicano.com\/index.php?rest_route=\/wp\/v2\/posts\/70754\/revisions"}],"wp:attachment":[{"href":"https:\/\/diariodominicano.com\/index.php?rest_route=%2Fwp%2Fv2%2Fmedia&parent=70754"}],"wp:term":[{"taxonomy":"category","embeddable":true,"href":"https:\/\/diariodominicano.com\/index.php?rest_route=%2Fwp%2Fv2%2Fcategories&post=70754"},{"taxonomy":"post_tag","embeddable":true,"href":"https:\/\/diariodominicano.com\/index.php?rest_route=%2Fwp%2Fv2%2Ftags&post=70754"}],"curies":[{"name":"wp","href":"https:\/\/api.w.org\/{rel}","templated":true}]}}