{"id":70746,"date":"2008-07-23T22:46:14","date_gmt":"2008-07-23T22:46:14","guid":{"rendered":"http:\/\/diariodominicano.ddns.net\/?p=70746"},"modified":"2008-07-23T22:46:14","modified_gmt":"2008-07-23T22:46:14","slug":"madonna-cancela-su-concierto-en-madrid","status":"publish","type":"post","link":"https:\/\/diariodominicano.com\/?p=70746","title":{"rendered":"Madonna cancela su concierto en Madrid"},"content":{"rendered":"<p><body><\/p>\n<p align=\"justify\"><strong class=\"titulogrande1\">Madonna cancela su concierto en Madrid<\/strong><br \/>&#13;<br \/>\n  <br \/>&#13;<br \/>\n    <span class=\"text1noticias\">La promotora espa\u00f1ola Last Tour International ha anunciado que la artista  no actuar\u00e1 \u00abpor decisi\u00f3n de su agencia europea\u00bb <br \/>&#13;<br \/>\n    <br \/>&#13;<br \/>\n    <strong>EFE \/  ELPA\u00cdS.com<\/strong> &#8211; Madrid &#8211; 23\/07\/2008 <\/span><\/p>\n<p>&#13;<\/p>\n<p align=\"justify\" class=\"text1noticias\"><img loading=\"lazy\" decoding=\"async\" src=\"http:\/\/localhost:8080\/img\/madonna cancela.jpg\" width=\"375\" height=\"510\" hspace=\"4\" align=\"left\" \/>Madonna ha cancelado el concierto  que iba a ofrecer en Madrid el 16 de septiembre debido a que \u00abla agencia  europea de la artista ha decidido unilateralmente no realizar el concierto que  ten\u00eda acordado con Last Tour International\u00bb, ha asegurado hoy en un comunicado  la promotora vasca.<br \/>&#13;<br \/>\n  <br \/>&#13;<br \/>\n  La cantante estadounidense  mantiene a\u00fan su cita en el circuito de Cheste (Valencia) programado para el 18  de septiembre, del que se vendieron en 24 horas m\u00e1s de la mitad de las 60.000  entradas disponibles. En la p\u00e1gina web oficial de Madonna ya ha sido suprimida la actuaci\u00f3n de  Madrid.<br \/>&#13;<br \/>\n  <br \/>&#13;<br \/>\n  Con este escueto comunicado de  Last Tour International se anuncia la ausencia de Madonna en su cita de Madrid  y, por el momento, ninguna de las principales promotoras de conciertos  espa\u00f1olas consultadas por Efe tiene previsto concertar una segunda fecha  espa\u00f1ola con la artista estadounidense.<br \/>&#13;<br \/>\n  <br \/>&#13;<br \/>\n  La agencia de Madonna no ha dado  razones de la suspensi\u00f3n de este concierto. La vida privada de la cantante ha  ganado protagonismo en los \u00faltimos d\u00edas. Durante unas semanas se especul\u00f3 con  la posibilidad de que Madonna anunciara su separaci\u00f3n del cineasta Guy Ritchie  una vez finalizada su gira, que debe terminar en noviembre en M\u00e9xico.<\/p>\n<p>&#13;<\/p>\n<h6> 2008-07-23 22:46:14 <\/h6>\n<p><!--\n<link rel=\"stylesheet\" href=\"css\/bootstrap.min.css\">\n\n\n<ul class=\"pagination\">\n\t    \n\t\n\n<li >\n\t<a href='?page_no=22423'>Previous<\/a>\n\t<\/li>\n\n\n       \n    \n\n<li><a href='?page_no=1'>1<\/a><\/li>\n\n\n\n<li><a href='?page_no=2'>2<\/a><\/li>\n\n\n\n<li><a>...<\/a><\/li>\n\n\n\n<li><a href='?page_no=22422'>22422<\/a><\/li>\n\n\n\n<li><a href='?page_no=22423'>22423<\/a><\/li>\n\n\n\n<li class='active'><a>22424<\/a><\/li>\n\n\n\n<li><a href='?page_no=22425'>22425<\/a><\/li>\n\n\n\n<li><a href='?page_no=22426'>22426<\/a><\/li>\n\n\n\n<li><a>...<\/a><\/li>\n\n\n\n<li><a href='?page_no=22911'>22911<\/a><\/li>\n\n\n\n<li><a href='?page_no=22912'>22912<\/a><\/li>\n\n    \n\t\n\n<li >\n\t<a href='?page_no=22425'>Next<\/a>\n\t<\/li>\n\n\n    \n\n<li><a href='?page_no=22912'>Last &rsaquo;&rsaquo;<\/a><\/li>\n\n<\/ul>\n\n\n--><br \/>\n<\/body><\/p>\n","protected":false},"excerpt":{"rendered":"<p>Madonna cancela su concierto en Madrid&#13; &#13; La promotora espa\u00f1ola Last Tour International ha anunciado que la artista no actuar\u00e1 \u00abpor decisi\u00f3n de su agencia europea\u00bb &#13; &#13; EFE \/ ELPA\u00cdS.com &#8211; Madrid &#8211; 23\/07\/2008 &#13; Madonna ha cancelado el concierto que iba a ofrecer en Madrid el 16 de septiembre debido a que \u00abla [&hellip;]<\/p>\n","protected":false},"author":3,"featured_media":0,"comment_status":"open","ping_status":"open","sticky":false,"template":"","format":"standard","meta":{"footnotes":""},"categories":[21],"tags":[],"class_list":["post-70746","post","type-post","status-publish","format-standard","hentry","category-cultura"],"_links":{"self":[{"href":"https:\/\/diariodominicano.com\/index.php?rest_route=\/wp\/v2\/posts\/70746","targetHints":{"allow":["GET"]}}],"collection":[{"href":"https:\/\/diariodominicano.com\/index.php?rest_route=\/wp\/v2\/posts"}],"about":[{"href":"https:\/\/diariodominicano.com\/index.php?rest_route=\/wp\/v2\/types\/post"}],"author":[{"embeddable":true,"href":"https:\/\/diariodominicano.com\/index.php?rest_route=\/wp\/v2\/users\/3"}],"replies":[{"embeddable":true,"href":"https:\/\/diariodominicano.com\/index.php?rest_route=%2Fwp%2Fv2%2Fcomments&post=70746"}],"version-history":[{"count":0,"href":"https:\/\/diariodominicano.com\/index.php?rest_route=\/wp\/v2\/posts\/70746\/revisions"}],"wp:attachment":[{"href":"https:\/\/diariodominicano.com\/index.php?rest_route=%2Fwp%2Fv2%2Fmedia&parent=70746"}],"wp:term":[{"taxonomy":"category","embeddable":true,"href":"https:\/\/diariodominicano.com\/index.php?rest_route=%2Fwp%2Fv2%2Fcategories&post=70746"},{"taxonomy":"post_tag","embeddable":true,"href":"https:\/\/diariodominicano.com\/index.php?rest_route=%2Fwp%2Fv2%2Ftags&post=70746"}],"curies":[{"name":"wp","href":"https:\/\/api.w.org\/{rel}","templated":true}]}}