{"id":70745,"date":"2008-07-24T00:08:30","date_gmt":"2008-07-24T00:08:30","guid":{"rendered":"http:\/\/diariodominicano.ddns.net\/?p=70745"},"modified":"2008-07-24T00:08:30","modified_gmt":"2008-07-24T00:08:30","slug":"uasd-realizara-feria-de-textos-y-utiles-escolares","status":"publish","type":"post","link":"https:\/\/diariodominicano.com\/?p=70745","title":{"rendered":"UASD realizar\u00e1 feria de textos y \u00fatiles escolares"},"content":{"rendered":"<p><body><\/p>\n<p align=\"justify\"><span class=\"titulogrande1\"><strong>UASD  realizar\u00e1 feria de textos y \u00fatiles escolares<\/strong>\u00a0<\/span><br \/>&#13;<br \/>\n  <br \/>&#13;<br \/>\n    <span class=\"text1noticias\"><strong>Santo Domingo.-<\/strong> La Universidad Aut\u00f3noma de Santo Domingo realizar\u00e1 la Primera Feria de  Ventas de Textos y \u00datiles Escolares, del 11 al 31 de agosto, en la plaza H\u00e9roes  de Abril.\u00a0<br \/>&#13;<br \/>\n<br \/>&#13;<br \/>\n    El objetivo que tiene el acontecimiento es facilitar  el acceso a los estudiantes, hijos de servidores universitarios y al p\u00fablico en  general la venta masiva y a bajo costo de los materiales did\u00e1cticos y \u00fatiles  escolares necesarios para el inicio del semestre y el a\u00f1o escolar.\u00a0<br \/>&#13;<br \/>\n    <br \/>&#13;<br \/>\n    La informaci\u00f3n la ofreci\u00f3 el coordinador  general de Empresas Productivas de la   UASD, el maestro Editrudis Beltr\u00e1n Cris\u00f3stomo, quien dijo que  participara la   Editora Universitaria, y a trav\u00e9s del Economato varias  editoras m\u00e1s.\u00a0<br \/>&#13;<br \/>\n    <br \/>&#13;<br \/>\n\u201cEl rector Franklin Garc\u00eda Ferm\u00edn es el  principal impulsor de esta actividad\u201d, subray\u00f3 Beltr\u00e1n Cris\u00f3stomo, quien fue  vicerector Administrativo en la pasada gesti\u00f3n universitaria.\u00a0<br \/>&#13;<br \/>\n<br \/>&#13;<br \/>\nIgualmente la Facultad de Ciencias  Agron\u00f3micas y Veterinarias tendr\u00e1 un stand vendiendo quesos, yogurt y otros  productos que genera dicha unidad acad\u00e9mica.<br \/>&#13;<br \/>\n\u00a0\u00a0\u00a0\u00a0\u00a0\u00a0\u00a0 <br \/>&#13;<br \/>\nLas personas\u00a0 interesadas en obtener m\u00e1s  informaciones sobre\u00a0 en el evento deben dirigirse a la\u00a0 Coordinaci\u00f3n  General\u00a0 de Empresas Productivas de la UASD o llamar a los tel\u00e9fonos 809-535-8273,  extensi\u00f3n 3179. \u00a0<br \/>&#13;<br \/>\n<br \/>&#13;<br \/>\nLa actividad es organizada por la Rector\u00eda de la  universidad estatal a trav\u00e9s de la   CGEP.<\/span><\/p>\n<p>&#13;<\/p>\n<h6> 2008-07-24 00:08:30 <\/h6>\n<p><!--\n<link rel=\"stylesheet\" href=\"css\/bootstrap.min.css\">\n\n\n<ul class=\"pagination\">\n\t    \n\t\n\n<li >\n\t<a href='?page_no=22422'>Previous<\/a>\n\t<\/li>\n\n\n       \n    \n\n<li><a href='?page_no=1'>1<\/a><\/li>\n\n\n\n<li><a href='?page_no=2'>2<\/a><\/li>\n\n\n\n<li><a>...<\/a><\/li>\n\n\n\n<li><a href='?page_no=22421'>22421<\/a><\/li>\n\n\n\n<li><a href='?page_no=22422'>22422<\/a><\/li>\n\n\n\n<li class='active'><a>22423<\/a><\/li>\n\n\n\n<li><a href='?page_no=22424'>22424<\/a><\/li>\n\n\n\n<li><a href='?page_no=22425'>22425<\/a><\/li>\n\n\n\n<li><a>...<\/a><\/li>\n\n\n\n<li><a href='?page_no=22911'>22911<\/a><\/li>\n\n\n\n<li><a href='?page_no=22912'>22912<\/a><\/li>\n\n    \n\t\n\n<li >\n\t<a href='?page_no=22424'>Next<\/a>\n\t<\/li>\n\n\n    \n\n<li><a href='?page_no=22912'>Last &rsaquo;&rsaquo;<\/a><\/li>\n\n<\/ul>\n\n\n--><br \/>\n<\/body><\/p>\n","protected":false},"excerpt":{"rendered":"<p>UASD realizar\u00e1 feria de textos y \u00fatiles escolares\u00a0&#13; &#13; Santo Domingo.- La Universidad Aut\u00f3noma de Santo Domingo realizar\u00e1 la Primera Feria de Ventas de Textos y \u00datiles Escolares, del 11 al 31 de agosto, en la plaza H\u00e9roes de Abril.\u00a0&#13; &#13; El objetivo que tiene el acontecimiento es facilitar el acceso a los estudiantes, hijos [&hellip;]<\/p>\n","protected":false},"author":3,"featured_media":0,"comment_status":"open","ping_status":"open","sticky":false,"template":"","format":"standard","meta":{"footnotes":""},"categories":[21],"tags":[],"class_list":["post-70745","post","type-post","status-publish","format-standard","hentry","category-cultura"],"_links":{"self":[{"href":"https:\/\/diariodominicano.com\/index.php?rest_route=\/wp\/v2\/posts\/70745","targetHints":{"allow":["GET"]}}],"collection":[{"href":"https:\/\/diariodominicano.com\/index.php?rest_route=\/wp\/v2\/posts"}],"about":[{"href":"https:\/\/diariodominicano.com\/index.php?rest_route=\/wp\/v2\/types\/post"}],"author":[{"embeddable":true,"href":"https:\/\/diariodominicano.com\/index.php?rest_route=\/wp\/v2\/users\/3"}],"replies":[{"embeddable":true,"href":"https:\/\/diariodominicano.com\/index.php?rest_route=%2Fwp%2Fv2%2Fcomments&post=70745"}],"version-history":[{"count":0,"href":"https:\/\/diariodominicano.com\/index.php?rest_route=\/wp\/v2\/posts\/70745\/revisions"}],"wp:attachment":[{"href":"https:\/\/diariodominicano.com\/index.php?rest_route=%2Fwp%2Fv2%2Fmedia&parent=70745"}],"wp:term":[{"taxonomy":"category","embeddable":true,"href":"https:\/\/diariodominicano.com\/index.php?rest_route=%2Fwp%2Fv2%2Fcategories&post=70745"},{"taxonomy":"post_tag","embeddable":true,"href":"https:\/\/diariodominicano.com\/index.php?rest_route=%2Fwp%2Fv2%2Ftags&post=70745"}],"curies":[{"name":"wp","href":"https:\/\/api.w.org\/{rel}","templated":true}]}}