{"id":70742,"date":"2008-07-24T00:24:53","date_gmt":"2008-07-24T00:24:53","guid":{"rendered":"http:\/\/diariodominicano.ddns.net\/?p=70742"},"modified":"2008-07-24T00:24:53","modified_gmt":"2008-07-24T00:24:53","slug":"ccn-y-casa-de-teatro-anuncian-concurso-fotografico","status":"publish","type":"post","link":"https:\/\/diariodominicano.com\/?p=70742","title":{"rendered":"CCN y Casa de Teatro anuncian concurso fotogr\u00e1fico"},"content":{"rendered":"<p><body><\/p>\n<p align=\"justify\"><span class=\"titulogrande1\">CCN y Casa de Teatro anuncian  concurso fotogr\u00e1fico<\/span><br \/>&#13;<br \/>\n  \u00a0<br \/>&#13;<br \/>\n  <span class=\"text1noticias\"><strong><img loading=\"lazy\" decoding=\"async\" src=\"http:\/\/localhost:8080\/img\/ccn fotografia.jpg\" width=\"375\" height=\"2063\" hspace=\"4\" align=\"left\" \/>SANTO DOMINGO.-<\/strong> Centro Cuesta  Nacional (CCN) y Casa de Teatro anunciaron el primer concurso de fotograf\u00eda  \u201cRetrata lo mejor de Saman\u00e1\u201d, que en esta edici\u00f3n estar\u00e1 orientado a resaltar  los atributos naturales, culturales y gastron\u00f3micos de esta importante regi\u00f3n  eco-tur\u00edstica del pa\u00eds.<br \/>&#13;<br \/>\n  \u00a0<br \/>&#13;<br \/>\n  Los detalles del concurso  fueron ofrecidos este martes por Jos\u00e9 Miguel Gonz\u00e1lez Cuadra, presidente de  CCN; Vicky Malla, vicepresidenta de responsabilidad social y asuntos  corporativos y Freddy Ginebra, presidente de Casa de Teatro, durante un  encuentro efectuado en el Foro Pedro Mir de Librer\u00eda Cuesta.<br \/>&#13;<br \/>\n  \u00a0<br \/>&#13;<br \/>\n  Se dieron cita, adem\u00e1s,  ejecutivos y empleados de CCN, representantes de Casa de Teatro, miembros del  jurado, artistas del lente e invitados especiales.<br \/>&#13;<br \/>\n  \u00a0<br \/>&#13;<br \/>\n  Jos\u00e9 Miguel Gonz\u00e1lez,  presidente ejecutivo de CCN destac\u00f3 que \u201ceste concurso enfocar\u00e1 en cada edici\u00f3n  una zona espec\u00edfica del pa\u00eds, brindando la oportunidad a que profesionales,  estudiantes y aficionados del lente que plasmen con su talento las singulares  regiones de la   Rep\u00fablica Dominicana\u201d.<br \/>&#13;<br \/>\n  \u00a0<br \/>&#13;<br \/>\n  Durante la actividad, la  se\u00f1ora Vicky Malla inform\u00f3 que los participantes podr\u00e1n entregar sus trabajos  del 4 de agosto al 5 de septiembre de este a\u00f1o, de lunes a viernes, en el horario  de 9 de la ma\u00f1ana a 5 de la tarde, en Casa de Teatro, ubicada en la calle  arzobispo Meri\u00f1o n\u00famero 110, de la Zona Colonial.<br \/>&#13;<br \/>\n  \u00a0<br \/>&#13;<br \/>\n  Agreg\u00f3 que las fotograf\u00edas  calificadas ser\u00e1n exhibidas en una exposici\u00f3n que se llevar\u00e1 a cabo del 25 de  septiembre al 7 de octubre de este a\u00f1o, en Casa de Teatro, y que el p\u00fablico  podr\u00e1 votar por las gr\u00e1ficas de su preferencia en la p\u00e1gina web:  centrocuestanacional.com.do.<br \/>&#13;<br \/>\n  \u00a0<br \/>&#13;<br \/>\n  A\u00f1adi\u00f3 que el jurado estar\u00e1  integrado por Alejandro Gonz\u00e1lez, vicepresidente ejecutivo de CCN; Lu\u00eds Alcal\u00e1,  invitado internacional de Puerto Rico; Domingo Batista, Jeannette Miller, entre  otros, quienes tendr\u00e1n a su cargo la evaluaci\u00f3n de las diferentes propuestas.<br \/>&#13;<br \/>\n  \u00a0<br \/>&#13;<br \/>\n  Detalles del Concurso<br \/>&#13;<br \/>\n  \u00a0<br \/>&#13;<br \/>\n  Los autores deber\u00e1n depositar  sus trabajos junto con sus datos personales en un sobre cerrado que contenga su  firma, copia de la c\u00e9dula de identidad, direcci\u00f3n, tel\u00e9fono, fax y su correo  electr\u00f3nico.<br \/>&#13;<br \/>\n  \u00a0<br \/>&#13;<br \/>\n  Podr\u00e1n participar, sin  distinci\u00f3n, todos los dominicanos mayores de 18 a\u00f1os de edad y extranjeros con  residencias en el pa\u00eds por m\u00e1s de tres a\u00f1os.<br \/>&#13;<br \/>\n  \u00a0<br \/>&#13;<br \/>\n  Las fotograf\u00edas deber\u00e1n ser  in\u00e9ditas, y no podr\u00e1n participar los trabajos que hayan sido utilizados en  otros concursos o exposiciones.<br \/>&#13;<br \/>\n  \u00a0<br \/>&#13;<br \/>\n  Las propuestas deber\u00e1n estar  enfocadas en la provincia de Saman\u00e1, la pen\u00ednsula, la bah\u00eda, los Haitises y  otras \u00e1reas de esta importante zona tur\u00edstica del pa\u00eds.<br \/>&#13;<br \/>\n  \u00a0<br \/>&#13;<br \/>\n  El concurso permitir\u00e1 a los  participantes presentar hasta 2 propuestas, y tendr\u00e1n la libertad de utilizar  las t\u00e9cnicas an\u00e1logas, digitales o un h\u00edbrido, producto de los nuevos medios de  edici\u00f3n y reproducci\u00f3n.<br \/>&#13;<br \/>\n  \u00a0<br \/>&#13;<br \/>\n  Las fotograf\u00edas ser\u00e1n  entregadas a color, en tama\u00f1o 16&#215;20 pulgadas, y tendr\u00e1n que ser presentadas en  cart\u00f3n o cualquier tipo de soporte r\u00edgido y aditamento para ser colgadas, y  deber\u00e1n tener una monturas\u00a0 de\u00a0 2 pulgadas de ancho en cada lado.<br \/>&#13;<br \/>\n  \u00a0<br \/>&#13;<br \/>\n  Las mismas deber\u00e1n tratar  sobre historia, atributos caracter\u00edsticos de la regi\u00f3n, biodiversidad,  tradici\u00f3n y folklore, gastronom\u00eda, artesan\u00edas tradicionales o sitios de inter\u00e9s  tur\u00edsticos.<br \/>&#13;<br \/>\n  \u00a0<br \/>&#13;<br \/>\nEl jurado evaluar\u00e1 los  trabajos tomando en cuenta los criterios de relaci\u00f3n de las fotograf\u00edas con los  temas del concurso; calidad t\u00e9cnica y art\u00edstica; composici\u00f3n, iluminaci\u00f3n,  concepto; originalidad y creatividad.<\/span><\/p>\n<p>&#13;<\/p>\n<h6> 2008-07-24 00:24:53 <\/h6>\n<p><!--\n<link rel=\"stylesheet\" href=\"css\/bootstrap.min.css\">\n\n\n<ul class=\"pagination\">\n\t    \n\t\n\n<li >\n\t<a href='?page_no=22419'>Previous<\/a>\n\t<\/li>\n\n\n       \n    \n\n<li><a href='?page_no=1'>1<\/a><\/li>\n\n\n\n<li><a href='?page_no=2'>2<\/a><\/li>\n\n\n\n<li><a>...<\/a><\/li>\n\n\n\n<li><a href='?page_no=22418'>22418<\/a><\/li>\n\n\n\n<li><a href='?page_no=22419'>22419<\/a><\/li>\n\n\n\n<li class='active'><a>22420<\/a><\/li>\n\n\n\n<li><a href='?page_no=22421'>22421<\/a><\/li>\n\n\n\n<li><a href='?page_no=22422'>22422<\/a><\/li>\n\n\n\n<li><a>...<\/a><\/li>\n\n\n\n<li><a href='?page_no=22911'>22911<\/a><\/li>\n\n\n\n<li><a href='?page_no=22912'>22912<\/a><\/li>\n\n    \n\t\n\n<li >\n\t<a href='?page_no=22421'>Next<\/a>\n\t<\/li>\n\n\n    \n\n<li><a href='?page_no=22912'>Last &rsaquo;&rsaquo;<\/a><\/li>\n\n<\/ul>\n\n\n--><br \/>\n<\/body><\/p>\n","protected":false},"excerpt":{"rendered":"<p>CCN y Casa de Teatro anuncian concurso fotogr\u00e1fico&#13; \u00a0&#13; SANTO DOMINGO.- Centro Cuesta Nacional (CCN) y Casa de Teatro anunciaron el primer concurso de fotograf\u00eda \u201cRetrata lo mejor de Saman\u00e1\u201d, que en esta edici\u00f3n estar\u00e1 orientado a resaltar los atributos naturales, culturales y gastron\u00f3micos de esta importante regi\u00f3n eco-tur\u00edstica del pa\u00eds.&#13; \u00a0&#13; Los detalles del [&hellip;]<\/p>\n","protected":false},"author":3,"featured_media":0,"comment_status":"open","ping_status":"open","sticky":false,"template":"","format":"standard","meta":{"footnotes":""},"categories":[21],"tags":[],"class_list":["post-70742","post","type-post","status-publish","format-standard","hentry","category-cultura"],"_links":{"self":[{"href":"https:\/\/diariodominicano.com\/index.php?rest_route=\/wp\/v2\/posts\/70742","targetHints":{"allow":["GET"]}}],"collection":[{"href":"https:\/\/diariodominicano.com\/index.php?rest_route=\/wp\/v2\/posts"}],"about":[{"href":"https:\/\/diariodominicano.com\/index.php?rest_route=\/wp\/v2\/types\/post"}],"author":[{"embeddable":true,"href":"https:\/\/diariodominicano.com\/index.php?rest_route=\/wp\/v2\/users\/3"}],"replies":[{"embeddable":true,"href":"https:\/\/diariodominicano.com\/index.php?rest_route=%2Fwp%2Fv2%2Fcomments&post=70742"}],"version-history":[{"count":0,"href":"https:\/\/diariodominicano.com\/index.php?rest_route=\/wp\/v2\/posts\/70742\/revisions"}],"wp:attachment":[{"href":"https:\/\/diariodominicano.com\/index.php?rest_route=%2Fwp%2Fv2%2Fmedia&parent=70742"}],"wp:term":[{"taxonomy":"category","embeddable":true,"href":"https:\/\/diariodominicano.com\/index.php?rest_route=%2Fwp%2Fv2%2Fcategories&post=70742"},{"taxonomy":"post_tag","embeddable":true,"href":"https:\/\/diariodominicano.com\/index.php?rest_route=%2Fwp%2Fv2%2Ftags&post=70742"}],"curies":[{"name":"wp","href":"https:\/\/api.w.org\/{rel}","templated":true}]}}