{"id":70740,"date":"2008-07-24T20:01:51","date_gmt":"2008-07-24T20:01:51","guid":{"rendered":"http:\/\/diariodominicano.ddns.net\/?p=70740"},"modified":"2008-07-24T20:01:51","modified_gmt":"2008-07-24T20:01:51","slug":"la-ultima-novela-de-la-gran-entrevistadora-oriana-fallaci","status":"publish","type":"post","link":"https:\/\/diariodominicano.com\/?p=70740","title":{"rendered":"La \u00faltima novela de la gran entrevistadora Oriana Fallaci"},"content":{"rendered":"<p><body><\/p>\n<p align=\"justify\"><strong class=\"titulogrande1\">La \u00faltima novela de la gran entrevistadora Oriana Fallaci<\/strong><br \/>&#13;<br \/>\n  <br \/>&#13;<br \/>\n    <span class=\"text1noticias\">La obra p\u00f3stuma de la periodista italiana, que combina la fantas\u00eda con las  vivencias de su familia entre los siglos XVIII y XIX, se publica el 30 de julio <br \/>&#13;<br \/>\n    <br \/>&#13;<br \/>\n    <strong>EFE<\/strong> &#8211; Roma &#8211; 24\/07\/2008 <\/span><\/p>\n<p>&#13;<\/p>\n<p align=\"justify\" class=\"text1noticias\"><img loading=\"lazy\" decoding=\"async\" src=\"http:\/\/localhost:8080\/img\/novela fallaci.jpg\" width=\"375\" height=\"375\" hspace=\"4\" align=\"left\" \/>El pr\u00f3ximo 30 de julio saldr\u00e1 a la  venta la \u00faltima novela de la desaparecida periodista y escritora italiana  Oriana Fallaci (1930-2006), una obra en la que invirti\u00f3 los \u00faltimos a\u00f1os de su  vida y en la que combina la fantas\u00eda con las vivencias de su familia entre los  siglos XVIII y XIX. La propia Fallaci calific\u00f3 este trabajo, que se publica  bajo el t\u00edtulo <em>Un cappello pieno di ciliege<\/em> (<em>Un sombrero lleno de  cerezas<\/em>), como una \u00absaga\u00bb que narra a trav\u00e9s de sus personajes  episodios familiares durante momentos claves de la historia italiana como la  unificaci\u00f3n del pa\u00eds. La editorial Rizzoli es la encargada del proyecto y  lanzar\u00e1 una primera edici\u00f3n de 350.000 copias.<br \/>&#13;<br \/>\n  <br \/>&#13;<br \/>\n\u00abLa realidad se desliz\u00f3 en la  imaginaci\u00f3n y lo verdadero se uni\u00f3 a aquello que pod\u00eda ser inventado y despu\u00e9s  a la invenci\u00f3n\u00bb, as\u00ed describi\u00f3 Fallaci el proceso de creaci\u00f3n de este  libro, seg\u00fan recoge el diario <em>Il Messaggero<\/em>.<br \/>&#13;<br \/>\n<br \/> &#13;<br \/>\nUna creaci\u00f3n literaria que  le permiti\u00f3 convertir a todos sus antepasados en sus hijos porque, en esta  ocasi\u00f3n, era ella la que \u00ables daba la vida como ellos se la hab\u00edan dado a  ella\u00bb.<br \/>&#13;<br \/>\n<br \/>&#13;<br \/>\n  <strong>La gran entrevistadora del siglo  XX<\/strong> <br \/>&#13;<br \/>\n  <br \/>&#13;<br \/>\n  Fallaci, nacida en Florencia en  1930, sigui\u00f3 gran parte de los conflictos de Vietnam, Oriente Medio, India,  Pakist\u00e1n, o Latinoam\u00e9rica como corresponsal de guerra. Logr\u00f3 entrevistar a los  principales l\u00edderes y celebridades del mundo pol\u00edtico y social, como Henry  Kissinger, el Sha de Persia, el ayatol\u00e1 Jomeini, Willy Brandt, Ali Bhutto,  Muammar Gaddafi, Federico Fellini, Yaser Arafat, Indira Gandhi, Golda Meir,  Robert Kennedy o Sean Connery.<br \/>&#13;<br \/>\n  <br \/>&#13;<br \/>\n  En 1973 conoci\u00f3 a Alekos Panagulis,  un resistente a la dictadura griega que fue el autor de un atentado fallido  contra Papadopulos -uno de los coroneles que encabezaron el golpe militar del  21 de abril de 1967 en Grecia-. Panagulis fue detenido y condenado a muerte,  pero finalmente s\u00f3lo permaneci\u00f3 cinco a\u00f1os en prisi\u00f3n; Fallaci convivi\u00f3 con \u00e9l  durante tres a\u00f1os, hasta el 1 de mayo de 1976, fecha en la que Panagulis fue  asesinado en una calle de Atenas.<br \/>&#13;<br \/>\n  <br \/>&#13;<br \/>\nFallaci <strong>falleci\u00f3 el 15 de septiembre de  2006<\/strong> en un hospital de Florencia tras  una larga lucha contra un c\u00e1ncer de mama. Dos de sus \u00faltimos libros, <em>La  rabia y el orgullo<\/em> y <em>La fuerza de la raz\u00f3n<\/em> suscitaron una enorme  pol\u00e9mica por sus cr\u00edticas al fundamentalismo y al Isl\u00e1m, al igual que su obra  posterior, <em>Oriana Fallaci entrevista a Oriana Fallaci<\/em>, en la que analiz\u00f3  el \u00abc\u00e1ncer moral que devora a Occidente\u00bb y su propia enfermedad.<\/p>\n<p>&#13;<\/p>\n<h6> 2008-07-24 20:01:51 <\/h6>\n<p><!--\n<link rel=\"stylesheet\" href=\"css\/bootstrap.min.css\">\n\n\n<ul class=\"pagination\">\n\t    \n\t\n\n<li >\n\t<a href='?page_no=22417'>Previous<\/a>\n\t<\/li>\n\n\n       \n    \n\n<li><a href='?page_no=1'>1<\/a><\/li>\n\n\n\n<li><a href='?page_no=2'>2<\/a><\/li>\n\n\n\n<li><a>...<\/a><\/li>\n\n\n\n<li><a href='?page_no=22416'>22416<\/a><\/li>\n\n\n\n<li><a href='?page_no=22417'>22417<\/a><\/li>\n\n\n\n<li class='active'><a>22418<\/a><\/li>\n\n\n\n<li><a href='?page_no=22419'>22419<\/a><\/li>\n\n\n\n<li><a href='?page_no=22420'>22420<\/a><\/li>\n\n\n\n<li><a>...<\/a><\/li>\n\n\n\n<li><a href='?page_no=22911'>22911<\/a><\/li>\n\n\n\n<li><a href='?page_no=22912'>22912<\/a><\/li>\n\n    \n\t\n\n<li >\n\t<a href='?page_no=22419'>Next<\/a>\n\t<\/li>\n\n\n    \n\n<li><a href='?page_no=22912'>Last &rsaquo;&rsaquo;<\/a><\/li>\n\n<\/ul>\n\n\n--><br \/>\n<\/body><\/p>\n","protected":false},"excerpt":{"rendered":"<p>La \u00faltima novela de la gran entrevistadora Oriana Fallaci&#13; &#13; La obra p\u00f3stuma de la periodista italiana, que combina la fantas\u00eda con las vivencias de su familia entre los siglos XVIII y XIX, se publica el 30 de julio &#13; &#13; EFE &#8211; Roma &#8211; 24\/07\/2008 &#13; El pr\u00f3ximo 30 de julio saldr\u00e1 a la [&hellip;]<\/p>\n","protected":false},"author":3,"featured_media":0,"comment_status":"open","ping_status":"open","sticky":false,"template":"","format":"standard","meta":{"footnotes":""},"categories":[21],"tags":[],"class_list":["post-70740","post","type-post","status-publish","format-standard","hentry","category-cultura"],"_links":{"self":[{"href":"https:\/\/diariodominicano.com\/index.php?rest_route=\/wp\/v2\/posts\/70740","targetHints":{"allow":["GET"]}}],"collection":[{"href":"https:\/\/diariodominicano.com\/index.php?rest_route=\/wp\/v2\/posts"}],"about":[{"href":"https:\/\/diariodominicano.com\/index.php?rest_route=\/wp\/v2\/types\/post"}],"author":[{"embeddable":true,"href":"https:\/\/diariodominicano.com\/index.php?rest_route=\/wp\/v2\/users\/3"}],"replies":[{"embeddable":true,"href":"https:\/\/diariodominicano.com\/index.php?rest_route=%2Fwp%2Fv2%2Fcomments&post=70740"}],"version-history":[{"count":0,"href":"https:\/\/diariodominicano.com\/index.php?rest_route=\/wp\/v2\/posts\/70740\/revisions"}],"wp:attachment":[{"href":"https:\/\/diariodominicano.com\/index.php?rest_route=%2Fwp%2Fv2%2Fmedia&parent=70740"}],"wp:term":[{"taxonomy":"category","embeddable":true,"href":"https:\/\/diariodominicano.com\/index.php?rest_route=%2Fwp%2Fv2%2Fcategories&post=70740"},{"taxonomy":"post_tag","embeddable":true,"href":"https:\/\/diariodominicano.com\/index.php?rest_route=%2Fwp%2Fv2%2Ftags&post=70740"}],"curies":[{"name":"wp","href":"https:\/\/api.w.org\/{rel}","templated":true}]}}