{"id":70738,"date":"2008-07-24T20:12:59","date_gmt":"2008-07-24T20:12:59","guid":{"rendered":"http:\/\/diariodominicano.ddns.net\/?p=70738"},"modified":"2008-07-24T20:12:59","modified_gmt":"2008-07-24T20:12:59","slug":"paolo-conte-me-gusta-la-musica-moderna-pero-es-debil-como-el-mundo-actual","status":"publish","type":"post","link":"https:\/\/diariodominicano.com\/?p=70738","title":{"rendered":"Paolo Conte: \u00abMe gusta la m\u00fasica moderna, pero es d\u00e9bil como el mundo actual\u00bb"},"content":{"rendered":"<p><body><\/p>\n<p align=\"justify\"><strong class=\"titulogrande1\">Paolo Conte: \u00abMe gusta la m\u00fasica moderna, pero es d\u00e9bil como el mundo  actual\u00bb<\/strong><br \/>&#13;<br \/>\n  <br \/>&#13;<br \/>\n    <span class=\"text1noticias\">El m\u00fasico italiano vuelve a Madrid para ofrecer su repertorio de siempre y  un adelanto de su pr\u00f3ximo disco <br \/>&#13;<br \/>\n    <br \/>&#13;<br \/>\n    <strong>EFE<\/strong> &#8211; Madrid &#8211; 24\/07\/2008 <br \/>&#13;<br \/>\n    <br \/>&#13;<br \/>\n    <img loading=\"lazy\" decoding=\"async\" src=\"http:\/\/localhost:8080\/img\/paolo contes.jpg\" width=\"375\" height=\"276\" hspace=\"4\" align=\"left\" \/>Tras treinta a\u00f1os de carrera y m\u00e1s  de veinte discos a sus espaldas, el incombustible Paolo Conte vuelve a Madrid  para ofrecer su repertorio de siempre y un adelanto de su pr\u00f3ximo trabajo, que  ver\u00e1 la luz en septiembre, en el que sigue fiel a sus atm\u00f3sferas pero introduce  por primera vez los sintetizadores.<br \/>&#13;<br \/>\n    <br \/>&#13;<br \/>\n\u00abMe gusta la m\u00fasica moderna,  pero es d\u00e9bil como el mundo actual; le falta profundidad art\u00edstica\u00bb,  explica un afable Paolo Conte de 71 a\u00f1os, corroborando a lo largo de la  entrevista su \u00abpasi\u00f3n por la buena m\u00fasica, sea moderna o antigua, pero  siempre hecha de materia art\u00edstica\u00bb y desmintiendo, al mismo tiempo, su  fama de artista poco dado a concesiones comunicativas con la prensa.<br \/>&#13;<br \/>\n<br \/>&#13;<br \/>\nSer\u00e1 el pr\u00f3ximo viernes, dentro  del ciclo de los Veranos de la Villa cuando <em>Il Avvocato<\/em> (un mote que le  pusieron sus primeros seguidores por ser licenciado en Derecho) ofrezca un  concierto inundado de <em>jazz<\/em> y sentimiento, en el que habr\u00e1 m\u00faltiples  referencias al cine y a la literatura.<br \/>&#13;<br \/>\n<br \/>&#13;<br \/>\nEn el patio del Conde Duque no  faltar\u00e1n temas perennes en la trayectoria de Conte, como <em>La coppia pi\u00f9 bella  del mondo<\/em> y <em>Azzurro<\/em>, que cant\u00f3 en los sesenta Adriano Celentano; <em>Un  gelato al limon<\/em>, que le abri\u00f3 el mercado franc\u00e9s a finales de los setenta,  o la desgarrada <em>Genova per noi<\/em>.<br \/>&#13;<br \/>\n<br \/>&#13;<br \/>\nTampoco faltar\u00e1 en este concierto  un peque\u00f1o adelanto de su pr\u00f3ximo trabajo, en el que todos los temas est\u00e1n  compuestos por Conte, que ver\u00e1 la luz el pr\u00f3ximo septiembre y del que a\u00fan no  sabe el nombre porque tiene \u00aben mente tres o cuatro\u00bb. Ser\u00e1 un \u00fanico  tema, titulado <em>El cuadrado y el c\u00edrculo<\/em>, en el que utilizar\u00e1 como  novedad en su trayectoria los sintetizadores porque, afirma, \u00able encanta  su sonido deshumanizado. \u00abSiempre he usado instrumentos ac\u00fasticos, pero  ahora tambi\u00e9n experimento con sintetizadores, porque tienen una belleza de  sonido extra\u00f1a, no natural pero muy interesante\u00bb, explica.<br \/>&#13;<br \/>\n<br \/>&#13;<br \/>\nEl italiano, que se ha retirado a  su Aspi natal con su mujer, asegura que su \u00abesp\u00edritu no ha cambiado\u00bb  y que conserva intacto su \u00abhambre de m\u00fasica\u00bb, pero s\u00ed admite que ha  sufrido algunas \u00abvariaciones estil\u00edsticas\u00bb a lo largo de sus treinta  a\u00f1os de carrera. Con todo, el m\u00fasico es muy consciente de que suele colgarse el  cartel de no hay entradas en la mayor\u00eda de sus conciertos, lo que perfila de  inmediato un p\u00fablico fiel e intergeneracional. <br \/>&#13;<br \/>\n<br \/>&#13;<br \/>\n\u00abSoy consciente de la  calidad de mi p\u00fablico, de hecho se parece mucho entre nacionalidades: es  apasionado, cultivado, curioso art\u00edsticamente y nada esclavo de la moda\u00bb,  explica despacio, haciendo, sin querer, un s\u00edmil con su propia m\u00fasica.<\/span><\/p>\n<p>&#13;<\/p>\n<h6> 2008-07-24 20:12:59 <\/h6>\n<p><!--\n<link rel=\"stylesheet\" href=\"css\/bootstrap.min.css\">\n\n\n<ul class=\"pagination\">\n\t    \n\t\n\n<li >\n\t<a href='?page_no=22415'>Previous<\/a>\n\t<\/li>\n\n\n       \n    \n\n<li><a href='?page_no=1'>1<\/a><\/li>\n\n\n\n<li><a href='?page_no=2'>2<\/a><\/li>\n\n\n\n<li><a>...<\/a><\/li>\n\n\n\n<li><a href='?page_no=22414'>22414<\/a><\/li>\n\n\n\n<li><a href='?page_no=22415'>22415<\/a><\/li>\n\n\n\n<li class='active'><a>22416<\/a><\/li>\n\n\n\n<li><a href='?page_no=22417'>22417<\/a><\/li>\n\n\n\n<li><a href='?page_no=22418'>22418<\/a><\/li>\n\n\n\n<li><a>...<\/a><\/li>\n\n\n\n<li><a href='?page_no=22911'>22911<\/a><\/li>\n\n\n\n<li><a href='?page_no=22912'>22912<\/a><\/li>\n\n    \n\t\n\n<li >\n\t<a href='?page_no=22417'>Next<\/a>\n\t<\/li>\n\n\n    \n\n<li><a href='?page_no=22912'>Last &rsaquo;&rsaquo;<\/a><\/li>\n\n<\/ul>\n\n\n--><br \/>\n<\/body><\/p>\n","protected":false},"excerpt":{"rendered":"<p>Paolo Conte: \u00abMe gusta la m\u00fasica moderna, pero es d\u00e9bil como el mundo actual\u00bb&#13; &#13; El m\u00fasico italiano vuelve a Madrid para ofrecer su repertorio de siempre y un adelanto de su pr\u00f3ximo disco &#13; &#13; EFE &#8211; Madrid &#8211; 24\/07\/2008 &#13; &#13; Tras treinta a\u00f1os de carrera y m\u00e1s de veinte discos a sus [&hellip;]<\/p>\n","protected":false},"author":3,"featured_media":0,"comment_status":"open","ping_status":"open","sticky":false,"template":"","format":"standard","meta":{"footnotes":""},"categories":[21],"tags":[],"class_list":["post-70738","post","type-post","status-publish","format-standard","hentry","category-cultura"],"_links":{"self":[{"href":"https:\/\/diariodominicano.com\/index.php?rest_route=\/wp\/v2\/posts\/70738","targetHints":{"allow":["GET"]}}],"collection":[{"href":"https:\/\/diariodominicano.com\/index.php?rest_route=\/wp\/v2\/posts"}],"about":[{"href":"https:\/\/diariodominicano.com\/index.php?rest_route=\/wp\/v2\/types\/post"}],"author":[{"embeddable":true,"href":"https:\/\/diariodominicano.com\/index.php?rest_route=\/wp\/v2\/users\/3"}],"replies":[{"embeddable":true,"href":"https:\/\/diariodominicano.com\/index.php?rest_route=%2Fwp%2Fv2%2Fcomments&post=70738"}],"version-history":[{"count":0,"href":"https:\/\/diariodominicano.com\/index.php?rest_route=\/wp\/v2\/posts\/70738\/revisions"}],"wp:attachment":[{"href":"https:\/\/diariodominicano.com\/index.php?rest_route=%2Fwp%2Fv2%2Fmedia&parent=70738"}],"wp:term":[{"taxonomy":"category","embeddable":true,"href":"https:\/\/diariodominicano.com\/index.php?rest_route=%2Fwp%2Fv2%2Fcategories&post=70738"},{"taxonomy":"post_tag","embeddable":true,"href":"https:\/\/diariodominicano.com\/index.php?rest_route=%2Fwp%2Fv2%2Ftags&post=70738"}],"curies":[{"name":"wp","href":"https:\/\/api.w.org\/{rel}","templated":true}]}}