{"id":70737,"date":"2008-07-24T21:54:26","date_gmt":"2008-07-24T21:54:26","guid":{"rendered":"http:\/\/diariodominicano.ddns.net\/?p=70737"},"modified":"2008-07-24T21:54:26","modified_gmt":"2008-07-24T21:54:26","slug":"dan-mantenimiento-al-monumento-de-heroes-de-la-restauracion-de-santiago","status":"publish","type":"post","link":"https:\/\/diariodominicano.com\/?p=70737","title":{"rendered":"Dan mantenimiento al Monumento de H\u00e9roes de la Restauraci\u00f3n, de Santiago"},"content":{"rendered":"<p><body><\/p>\n<p class=\"titulogrande1\">Dan  mantenimiento al Monumento de H\u00e9roes de la Restauraci\u00f3n, de  Santiago<\/p>\n<p>&#13;<\/p>\n<p align=\"justify\" class=\"text1noticias\"><strong>Santo Domingo.-<\/strong> La Secretar\u00eda de Estado de  Cultura anunci\u00f3 que est\u00e1 procediendo a realizar diversos ajustes t\u00e9cnicos en el  Monumento a los H\u00e9roes de la   Restauraci\u00f3n, ubicado en la ciudad de Santiago de los  Caballeros, contemplados en su programa de mantenimiento, que se ejecuta cada  cuatro o cinco meses.<\/p>\n<p>&#13;<\/p>\n<p align=\"justify\" class=\"text1noticias\">Se trata de readecuaciones  normales en una infraestructura de este tipo, que requiere de un permanente  programa de mantenimiento, en sus respectivas \u00e1reas, con el fin de mantener la  edificaci\u00f3n en condiciones \u00f3ptimas y adecuadas para un mejor servicio a los  visitantes.<\/p>\n<p>&#13;<\/p>\n<p align=\"justify\" class=\"text1noticias\">En consecuencia, se est\u00e1n  reponiendo los \u00e1rboles de sam\u00e1n que no se adaptaron al proceso de replantaci\u00f3n,  lo cual tambi\u00e9n resulta normal en este tipo de adecuaci\u00f3n paisaj\u00edstica. De un  total de 30 samanes replantados, s\u00f3lo 12 no se adecuaron y se est\u00e1n plantando  sus sustitutos, gentilmente donados por un apreciado empresario de Santiago, el  Sr. Miguel Ferreras, identificado plenamente con la labor de remodelaci\u00f3n  realizada al Monumento de Santiago, a quien expresamos nuestra m\u00e1s sincera y  profunda gratitud.<\/p>\n<p>&#13;<\/p>\n<p align=\"justify\" class=\"text1noticias\">Del mismo modo, se est\u00e1  recolocando nueva grama en el \u00e1rea frente a la avenida Francia, afectada por  deslizamientos de tierra. Estas labores est\u00e1n a cargo del reconocido experto  Don Mamoro Matsunaga, dise\u00f1ador del paisajismo del \u00e1rea monumental.<\/p>\n<p>&#13;<\/p>\n<p align=\"justify\" class=\"text1noticias\">De manera adicional, se  realizan cambio de bombillas y equipos en el sistema de luces inteligentes, a  fin de realzar su colorido y vistosidad, las cuales estar\u00e1n en uso pleno a  partir del pr\u00f3ximo 16 de agosto, aniversario de la Restauraci\u00f3n de la Rep\u00fablica, aunque ya se  vienen haciendo pruebas que muestran la nueva dimensi\u00f3n adquirida por las luces  que iluminan este Monumento Nacional.<\/p>\n<p>&#13;<\/p>\n<p align=\"justify\" class=\"text1noticias\">Finalmente, se aplica pintura  en las \u00e1reas internas y externas, se refuerzan las se\u00f1alizaciones de la parte  frontal y se corrige y refuerza el sistema de seguridad visual, entre otros  aspectos.<\/p>\n<p>&#13;<\/p>\n<p align=\"justify\" class=\"text1noticias\">Pese a estas labores de  mantenimiento y reacondicionamiento, el Monumento a los H\u00e9roes de la Restauraci\u00f3n sigue  laborando en su horario habitual para las visitas de los cientos de personas  que diariamente acuden a conocer sus instalaciones.<\/p>\n<p>&#13;<\/p>\n<p align=\"justify\" class=\"text1noticias\">Estas labores de  mantenimiento se realizar\u00e1n siempre de manera frecuente, y son normales en  cualquier edificaci\u00f3n de su tipo en cualquier parte del mundo, por lo que no  deben provocar ning\u00fan tipo de preocupaci\u00f3n en la ciudadan\u00eda. La Secretar\u00eda de Estado de  Cultura, a\u00fan m\u00e1s ahora cuando el Presidente Leonel Fern\u00e1ndez acaba de declarar  Monumento Nacional a la edificaci\u00f3n-icono de los santiagueros, se mantendr\u00e1  siempre atenta a mantener la calidad de la misma en todas sus instalaciones y  procurar la mejor\u00eda constante de sus \u00e1reas, para un mejor uso y servicio de los  visitantes.<\/p>\n<p>&#13;<\/p>\n<p align=\"justify\" class=\"text1noticias\">Por esta raz\u00f3n, la Secretar\u00eda de Estado de  Cultura pide las excusas de lugar por los inconvenientes que labores de este  tipo ocasionan. La   Subsecretar\u00eda de Estado de Cultura para la Regi\u00f3n Norte, con  sede en el Palacio Consistorial, igualmente remodelado, y la Gobernaci\u00f3n del  Monumento a los H\u00e9roes de la   Restauraci\u00f3n est\u00e1n disponibles para ofrecer cualquier otra  informaci\u00f3n relacionada con este particular.<\/p>\n<p>&#13;<\/p>\n<h6> 2008-07-24 21:54:26 <\/h6>\n<p><!--\n<link rel=\"stylesheet\" href=\"css\/bootstrap.min.css\">\n\n\n<ul class=\"pagination\">\n\t    \n\t\n\n<li >\n\t<a href='?page_no=22414'>Previous<\/a>\n\t<\/li>\n\n\n       \n    \n\n<li><a href='?page_no=1'>1<\/a><\/li>\n\n\n\n<li><a href='?page_no=2'>2<\/a><\/li>\n\n\n\n<li><a>...<\/a><\/li>\n\n\n\n<li><a href='?page_no=22413'>22413<\/a><\/li>\n\n\n\n<li><a href='?page_no=22414'>22414<\/a><\/li>\n\n\n\n<li class='active'><a>22415<\/a><\/li>\n\n\n\n<li><a href='?page_no=22416'>22416<\/a><\/li>\n\n\n\n<li><a href='?page_no=22417'>22417<\/a><\/li>\n\n\n\n<li><a>...<\/a><\/li>\n\n\n\n<li><a href='?page_no=22911'>22911<\/a><\/li>\n\n\n\n<li><a href='?page_no=22912'>22912<\/a><\/li>\n\n    \n\t\n\n<li >\n\t<a href='?page_no=22416'>Next<\/a>\n\t<\/li>\n\n\n    \n\n<li><a href='?page_no=22912'>Last &rsaquo;&rsaquo;<\/a><\/li>\n\n<\/ul>\n\n\n--><br \/>\n<\/body><\/p>\n","protected":false},"excerpt":{"rendered":"<p>Dan mantenimiento al Monumento de H\u00e9roes de la Restauraci\u00f3n, de Santiago &#13; Santo Domingo.- La Secretar\u00eda de Estado de Cultura anunci\u00f3 que est\u00e1 procediendo a realizar diversos ajustes t\u00e9cnicos en el Monumento a los H\u00e9roes de la Restauraci\u00f3n, ubicado en la ciudad de Santiago de los Caballeros, contemplados en su programa de mantenimiento, que se [&hellip;]<\/p>\n","protected":false},"author":3,"featured_media":0,"comment_status":"open","ping_status":"open","sticky":false,"template":"","format":"standard","meta":{"footnotes":""},"categories":[21],"tags":[],"class_list":["post-70737","post","type-post","status-publish","format-standard","hentry","category-cultura"],"_links":{"self":[{"href":"https:\/\/diariodominicano.com\/index.php?rest_route=\/wp\/v2\/posts\/70737","targetHints":{"allow":["GET"]}}],"collection":[{"href":"https:\/\/diariodominicano.com\/index.php?rest_route=\/wp\/v2\/posts"}],"about":[{"href":"https:\/\/diariodominicano.com\/index.php?rest_route=\/wp\/v2\/types\/post"}],"author":[{"embeddable":true,"href":"https:\/\/diariodominicano.com\/index.php?rest_route=\/wp\/v2\/users\/3"}],"replies":[{"embeddable":true,"href":"https:\/\/diariodominicano.com\/index.php?rest_route=%2Fwp%2Fv2%2Fcomments&post=70737"}],"version-history":[{"count":0,"href":"https:\/\/diariodominicano.com\/index.php?rest_route=\/wp\/v2\/posts\/70737\/revisions"}],"wp:attachment":[{"href":"https:\/\/diariodominicano.com\/index.php?rest_route=%2Fwp%2Fv2%2Fmedia&parent=70737"}],"wp:term":[{"taxonomy":"category","embeddable":true,"href":"https:\/\/diariodominicano.com\/index.php?rest_route=%2Fwp%2Fv2%2Fcategories&post=70737"},{"taxonomy":"post_tag","embeddable":true,"href":"https:\/\/diariodominicano.com\/index.php?rest_route=%2Fwp%2Fv2%2Ftags&post=70737"}],"curies":[{"name":"wp","href":"https:\/\/api.w.org\/{rel}","templated":true}]}}