{"id":70736,"date":"2008-07-24T21:57:53","date_gmt":"2008-07-24T21:57:53","guid":{"rendered":"http:\/\/diariodominicano.ddns.net\/?p=70736"},"modified":"2008-07-24T21:57:53","modified_gmt":"2008-07-24T21:57:53","slug":"ponen-en-circulacion-libro-de-cuentos-periodista","status":"publish","type":"post","link":"https:\/\/diariodominicano.com\/?p=70736","title":{"rendered":"Ponen en circulaci\u00f3n libro de cuentos periodista"},"content":{"rendered":"<p><body><\/p>\n<p class=\"titulogrande1\">Ponen en  circulaci\u00f3n libro de cuentos periodista<\/p>\n<p>&#13;<\/p>\n<p align=\"justify\" class=\"text1noticias\"><strong>Santo Domingo.-<\/strong> Basilio Belliard, Director del Libro y la Lectura, de la Secretar\u00eda de Cultura y  el director de INDOTEl, \u00a0Jos\u00e9 Rafael  Vargas presidieron la mesa principal del acto de puesta en circulaci\u00f3n del  libro \u201cLas Canciones del Miedo\u201d, del periodista Santiago Estrella Veloz, en la Sala de Arte Ram\u00f3n Oviedo de  la cartera oficial.<\/p>\n<p>&#13;<\/p>\n<p align=\"justify\" class=\"text1noticias\">Se trata de una obra de 41 cuentos sobre los m\u00e1s  variados temas en que se combinan el buen manejo de la realidad y la ficci\u00f3n.\u00a0 El pr\u00f3logo de la obra fue escrito por el  intelectual Jacinto Gimbernard Pellerano.<\/p>\n<p>&#13;<\/p>\n<p align=\"justify\" class=\"text1noticias\">Mientras que la presentaci\u00f3n de la obra estuvo a cargo  del periodista y humorista Jos\u00e9 J\u00e1quez, quien expresa \u201clas canciones del miedo  no son s\u00f3lo agradables a la vista, sino al alma, porque tienen la hermosa  m\u00fasica literaria que hace de lo bello un instrumento.<\/p>\n<p>&#13;<\/p>\n<p align=\"justify\" class=\"text1noticias\">Y agrega: \u201cCual\u00a0  estrella veloz, los cuentos de Santiago dejan en el amplio espacio de la  imaginaci\u00f3n, una cruz que traza el camino que conduce al misterioso y no menos  dif\u00edcil arte de la literatura\u201d.<\/p>\n<p>&#13;<\/p>\n<p align=\"justify\" class=\"text1noticias\">Tambi\u00e9n dijo, el periodista, \u201ccomo\u00a0 dec\u00eda Julio Verne, debe estar en permanente  estado de alerta hacia lo novedoso.\u00a0 Y el  cuento de Estrella Veloz\u00a0 afirma esa  verdad, porque presenta la grandeza de lo desconocido en un baile de ritmo  gramatical\u201d.<\/p>\n<p>&#13;<\/p>\n<p align=\"justify\" class=\"text1noticias\">Belliard dio las palabras de bienvenida y expres\u00f3 su  complacencia por la edici\u00f3n de la obra a cargo de la Secretar\u00eda de  Cultura.\u00a0 Valora que en el libro se  equilibran la ficci\u00f3n, la realidad y el periodismo, tocando el humor en la vida  humana.<\/p>\n<p>&#13;<\/p>\n<p align=\"justify\" class=\"text1noticias\">Entiende que la obra enriquece el cat\u00e1logo  bibliogr\u00e1fico de la   Secretar\u00eda de Cultura que supera\u00a0 ya los 175 obras publicadas y puestas en  manos del p\u00fablico a precios m\u00f3dicos.<\/p>\n<p>&#13;<\/p>\n<p align=\"justify\" class=\"text1noticias\">Asistieron al acto el poeta Mateo M\u00f3rrison, el poeta V\u00edctor  Villegas, el periodista y escritor Lipe Collado, el periodista y escritor Frank  N\u00fa\u00f1ez, el comentarista Ram\u00f3n Puello B\u00e1ez, entre otras personalidades que  acudieron a respaldar al escritor.<\/p>\n<p>&#13;<\/p>\n<p align=\"justify\" class=\"text1noticias\">Estrella Veloz agradeci\u00f3 a su compueblano Jos\u00e9 Rafael  Lantigua, Secretario de Cultura por cumplir su promesa de\u00a0 publicar su obra de modo que\u00a0 los lectores puedan conocerla. Al mismo  tiempo hizo extensivos sus agradecimientos a Belliard y todo el personal de la  cartera.<\/p>\n<p>&#13;<\/p>\n<p align=\"justify\" class=\"text1noticias\">Valora que Lantigua\u00a0  entiende la cultura como un atributo del poder social, y que cada d\u00eda  hace\u00a0 de la visi\u00f3n de la cultura una  realidad.<\/p>\n<p>&#13;<\/p>\n<p align=\"justify\" class=\"text1noticias\">En su laborioso  trajinar Estrella Veloz fue corresponsal de UPI, United Press Internacional,  durante 20 a\u00f1os, jefe de Redacci\u00f3n del desaparecido vespertino Ultima Hora y ha  escrito entre otros libros Solo Falta que Llueva (novela),, Memorias de un  Periodista con Memoria (historia), Tres Maestros de la Pol\u00edtica: Juan Bosch,  Joaqu\u00edn Balaguer y Jos\u00e9 Francisco Pe\u00f1a G\u00f3mez Bibliograf\u00eda y actualmente trabaja  en la unidad de comunicaciones de INDOTEL.<\/p>\n<p>&#13;<\/p>\n<h6> 2008-07-24 21:57:53 <\/h6>\n<p><!--\n<link rel=\"stylesheet\" href=\"css\/bootstrap.min.css\">\n\n\n<ul class=\"pagination\">\n\t    \n\t\n\n<li >\n\t<a href='?page_no=22413'>Previous<\/a>\n\t<\/li>\n\n\n       \n    \n\n<li><a href='?page_no=1'>1<\/a><\/li>\n\n\n\n<li><a href='?page_no=2'>2<\/a><\/li>\n\n\n\n<li><a>...<\/a><\/li>\n\n\n\n<li><a href='?page_no=22412'>22412<\/a><\/li>\n\n\n\n<li><a href='?page_no=22413'>22413<\/a><\/li>\n\n\n\n<li class='active'><a>22414<\/a><\/li>\n\n\n\n<li><a href='?page_no=22415'>22415<\/a><\/li>\n\n\n\n<li><a href='?page_no=22416'>22416<\/a><\/li>\n\n\n\n<li><a>...<\/a><\/li>\n\n\n\n<li><a href='?page_no=22911'>22911<\/a><\/li>\n\n\n\n<li><a href='?page_no=22912'>22912<\/a><\/li>\n\n    \n\t\n\n<li >\n\t<a href='?page_no=22415'>Next<\/a>\n\t<\/li>\n\n\n    \n\n<li><a href='?page_no=22912'>Last &rsaquo;&rsaquo;<\/a><\/li>\n\n<\/ul>\n\n\n--><br \/>\n<\/body><\/p>\n","protected":false},"excerpt":{"rendered":"<p>Ponen en circulaci\u00f3n libro de cuentos periodista &#13; Santo Domingo.- Basilio Belliard, Director del Libro y la Lectura, de la Secretar\u00eda de Cultura y el director de INDOTEl, \u00a0Jos\u00e9 Rafael Vargas presidieron la mesa principal del acto de puesta en circulaci\u00f3n del libro \u201cLas Canciones del Miedo\u201d, del periodista Santiago Estrella Veloz, en la Sala [&hellip;]<\/p>\n","protected":false},"author":3,"featured_media":0,"comment_status":"open","ping_status":"open","sticky":false,"template":"","format":"standard","meta":{"footnotes":""},"categories":[21],"tags":[],"class_list":["post-70736","post","type-post","status-publish","format-standard","hentry","category-cultura"],"_links":{"self":[{"href":"https:\/\/diariodominicano.com\/index.php?rest_route=\/wp\/v2\/posts\/70736","targetHints":{"allow":["GET"]}}],"collection":[{"href":"https:\/\/diariodominicano.com\/index.php?rest_route=\/wp\/v2\/posts"}],"about":[{"href":"https:\/\/diariodominicano.com\/index.php?rest_route=\/wp\/v2\/types\/post"}],"author":[{"embeddable":true,"href":"https:\/\/diariodominicano.com\/index.php?rest_route=\/wp\/v2\/users\/3"}],"replies":[{"embeddable":true,"href":"https:\/\/diariodominicano.com\/index.php?rest_route=%2Fwp%2Fv2%2Fcomments&post=70736"}],"version-history":[{"count":0,"href":"https:\/\/diariodominicano.com\/index.php?rest_route=\/wp\/v2\/posts\/70736\/revisions"}],"wp:attachment":[{"href":"https:\/\/diariodominicano.com\/index.php?rest_route=%2Fwp%2Fv2%2Fmedia&parent=70736"}],"wp:term":[{"taxonomy":"category","embeddable":true,"href":"https:\/\/diariodominicano.com\/index.php?rest_route=%2Fwp%2Fv2%2Fcategories&post=70736"},{"taxonomy":"post_tag","embeddable":true,"href":"https:\/\/diariodominicano.com\/index.php?rest_route=%2Fwp%2Fv2%2Ftags&post=70736"}],"curies":[{"name":"wp","href":"https:\/\/api.w.org\/{rel}","templated":true}]}}