{"id":70735,"date":"2008-07-24T22:02:01","date_gmt":"2008-07-24T22:02:01","guid":{"rendered":"http:\/\/diariodominicano.ddns.net\/?p=70735"},"modified":"2008-07-24T22:02:01","modified_gmt":"2008-07-24T22:02:01","slug":"todo-listo-para-reinauguracion-plaza-general-fernando-valerio-en-santiago","status":"publish","type":"post","link":"https:\/\/diariodominicano.com\/?p=70735","title":{"rendered":"Todo listo para reinauguraci\u00f3n plaza general Fernando Valerio en Santiago"},"content":{"rendered":"<p><body><\/p>\n<p align=\"justify\"><strong class=\"titulogrande1\">Todo listo para reinauguraci\u00f3n plaza  general Fernando Valerio en Santiago<\/strong> <br \/>&#13;<br \/>\n    <strong>\u00a0<br \/>&#13;<br \/>\n      <\/strong><span class=\"text1noticias\"><strong><img loading=\"lazy\" decoding=\"async\" src=\"http:\/\/localhost:8080\/img\/parque valerio.jpg\" width=\"375\" height=\"600\" hspace=\"4\" align=\"left\" \/>SANTIAGO.-<\/strong> Con gran expectativa por parte de la poblaci\u00f3n, la administraci\u00f3n  municipal de Jos\u00e9 Enrique Sued Sem se apresta a inaugurar este viernes la  remodelada Plaza General Fernando Valerio, ubicada en medio de un tri\u00e1ngulo de  sectores populares de la parte baja de ciudad, como son La Joya, Baracoa y La Tabacalera, entre  otros.<\/span> <span class=\"text1noticias\"><br \/>&#13;<br \/>\n      \u00a0<br \/>&#13;<br \/>\n      En este parque el Ayuntamiento, dirigido por Sued Sem desde el 2002, ha destinado la  mayor inversi\u00f3n econ\u00f3mica la cual ronda los 37 millones de pesos, por lo que se  convierte en una de las m\u00e1s importantes obras del Gobierno Municipal hasta  ahora. <br \/>&#13;<br \/>\n      \u00a0<br \/>&#13;<br \/>\n      Otras instalaciones entregadas han tenido una alta inversi\u00f3n, como es el caso  del Centro de Atenci\u00f3n a la Violencia Intrafamiliar, pero no supera la que se  ha hecho en la Plaza   Valerio, que ha sido remodelada por completo. <br \/>&#13;<br \/>\n      \u00a0<br \/>&#13;<br \/>\n      En otras estructuras, cuyos trabajos avanzan el cabildo, destina varios  millones de pesos como son la nueva sede del Cuerpo de Bomberos, que se  construye en los alrededores del El Dorado I, y la ampliaci\u00f3n del hospicio San  Vicente de Pa\u00fal, entre otras. <br \/>&#13;<br \/>\n      \u00a0<br \/>&#13;<br \/>\n      En cuanto a la Plaza   General Fernando Valerio, la inauguraci\u00f3n est\u00e1 prevista para  la noche de este viernes, a partir de las 8:00, con todo un espect\u00e1culo  art\u00edstico que involucra a cuatro agrupaciones merengueras, entre ellas Fefita la Grande (La Vieja Fefa) y El Rey  Tutile. <br \/>&#13;<br \/>\n      \u00a0<br \/>&#13;<br \/>\n      Hay, por tanto, gran expectativa por parte de los diferentes sectores que ya  disfrutaron ampliamente con la inauguraci\u00f3n, el viernes pasado, del emblem\u00e1tico  Parque Col\u00f3n, donde hubo todo un derroche de tradici\u00f3n, m\u00fasica, historia y  cultura. <br \/>&#13;<br \/>\n      \u00a0<br \/>&#13;<br \/>\n      La reinauguraci\u00f3n de la   Plaza General Fernando Valerio coincide con la celebraci\u00f3n,  este viernes, del D\u00eda del Patr\u00f3n Santiago. Es una obra que esta dedicada,  adem\u00e1s, a los 500 a\u00f1os del Escudo de Armas, que se celebra en este 2008. <br \/>&#13;<br \/>\n  \u00a0<br \/>&#13;<br \/>\n  De gran significado\u00a0<br \/>&#13;<br \/>\n  <br \/>&#13;<br \/>\n  Esta plaza es otro lugar  emblem\u00e1tico para Santiago y de profundo significado hist\u00f3rico ya que honra la  memoria de Fernando Valerio y sus Andulleros y porque est\u00e1 ubicada tambi\u00e9n  entre los populosos sectores de Baracoa y La Joya. <br \/>&#13;<br \/>\n  \u00a0<br \/>&#13;<br \/>\n  Este espacio es todo un s\u00edmbolo para esta aguerrida ciudad mediterr\u00e1nea,  importante cuna de h\u00e9roes y hero\u00ednas de la patria. La plaza fue sometida a un  completo proceso de remodelaci\u00f3n. Los trabajos se han completado y ya este  viernes ser\u00e1 abierto al p\u00fablico para su disfrute. <br \/>&#13;<br \/>\n  \u00a0<br \/>&#13;<br \/>\n  Se destaca, en la nueva construcci\u00f3n, una simbolog\u00eda de la llamada \u201cCarga de  los Andulleros\u201d, liderada por el intr\u00e9pido Fernando Valerio, pero tambi\u00e9n en el  \u00e1rea habr\u00e1 un anfiteatro y un parque infantil con juegos para la chiquillada,  explico el ingeniero Leonardo Madera, quien tuvo a su cargo los trabajos.\u00a0<br \/>&#13;<br \/>\n  <br \/>&#13;<br \/>\n  Todo el entorno del Fernando  Valerio ha sido iluminado por m\u00e1s de cien l\u00e1mparas sencillas y dobles. El \u00e1rea  cuenta con un destacamento de la Polic\u00eda Nacional y un local para la Junta de Vecinos, lo que da  una dimensi\u00f3n diferente a este parque.\u00a0<br \/>&#13;<br \/>\n  \u00a0<br \/>&#13;<br \/>\n  En un lugar digno <\/span><\/p>\n<p>&#13;<br \/>\n\u00a0<\/p>\n<div align=\"justify\" class=\"text1noticias\">\u201cHemos recuperado este parque para convertirlo en un lugar digno para todos los  mun\u00edcipes de Santiago, acorde con la estatura hist\u00f3rica del insigne, glorioso y  ejemplar ciudadano que da nombre a este patrimonio de la ciudad\u201d, ha dicho el  sindico Sued Sem.\u00a0<br \/>&#13;<br \/>\n  \u00a0<br \/>&#13;<br \/>\n  \u00a0El ejecutivo, quien tambi\u00e9n encabeza el Comit\u00e9 de Gesti\u00f3n Territorial de  Santiago, al ordenar la remodelaci\u00f3n de la Plaza General  Fernando Valerio instruy\u00f3 a los ingenieros para que preservaran los elementos  representativos que fueron cuidados y realzados durante los trabajos.\u00a0<br \/>&#13;<br \/>\n  \u00a0<br \/>&#13;<br \/>\n  Entre estos elementos se encuentran la fuente central, a la alberca, gazebos  tipo sombrilla de hormig\u00f3n armado, bases de las l\u00e1mparas de estilo neocl\u00e1sico,  el busto de bronce conmemorativo del General Fernando Valerio y su vegetaci\u00f3n  de \u00e1rboles centenarios.\u00a0<br \/>&#13;<br \/>\n  <strong>&#13;<br \/>\n\u00a0                                                                                                                                                                                                                                                                                                                                                                                                                                                                                                                                                                                                                                                                                                                                                                                                                                                                                                                                                                                                                                        <\/strong>&#13;<br \/>\n\u00a0<\/div>\n<p>&#13;<\/p>\n<h6> 2008-07-24 22:02:01 <\/h6>\n<p><!--\n<link rel=\"stylesheet\" href=\"css\/bootstrap.min.css\">\n\n\n<ul class=\"pagination\">\n\t    \n\t\n\n<li >\n\t<a href='?page_no=22412'>Previous<\/a>\n\t<\/li>\n\n\n       \n    \n\n<li><a href='?page_no=1'>1<\/a><\/li>\n\n\n\n<li><a href='?page_no=2'>2<\/a><\/li>\n\n\n\n<li><a>...<\/a><\/li>\n\n\n\n<li><a href='?page_no=22411'>22411<\/a><\/li>\n\n\n\n<li><a href='?page_no=22412'>22412<\/a><\/li>\n\n\n\n<li class='active'><a>22413<\/a><\/li>\n\n\n\n<li><a href='?page_no=22414'>22414<\/a><\/li>\n\n\n\n<li><a href='?page_no=22415'>22415<\/a><\/li>\n\n\n\n<li><a>...<\/a><\/li>\n\n\n\n<li><a href='?page_no=22911'>22911<\/a><\/li>\n\n\n\n<li><a href='?page_no=22912'>22912<\/a><\/li>\n\n    \n\t\n\n<li >\n\t<a href='?page_no=22414'>Next<\/a>\n\t<\/li>\n\n\n    \n\n<li><a href='?page_no=22912'>Last &rsaquo;&rsaquo;<\/a><\/li>\n\n<\/ul>\n\n\n--><br \/>\n<\/body><\/p>\n","protected":false},"excerpt":{"rendered":"<p>Todo listo para reinauguraci\u00f3n plaza general Fernando Valerio en Santiago &#13; \u00a0&#13; SANTIAGO.- Con gran expectativa por parte de la poblaci\u00f3n, la administraci\u00f3n municipal de Jos\u00e9 Enrique Sued Sem se apresta a inaugurar este viernes la remodelada Plaza General Fernando Valerio, ubicada en medio de un tri\u00e1ngulo de sectores populares de la parte baja de [&hellip;]<\/p>\n","protected":false},"author":3,"featured_media":0,"comment_status":"open","ping_status":"open","sticky":false,"template":"","format":"standard","meta":{"footnotes":""},"categories":[21],"tags":[],"class_list":["post-70735","post","type-post","status-publish","format-standard","hentry","category-cultura"],"_links":{"self":[{"href":"https:\/\/diariodominicano.com\/index.php?rest_route=\/wp\/v2\/posts\/70735","targetHints":{"allow":["GET"]}}],"collection":[{"href":"https:\/\/diariodominicano.com\/index.php?rest_route=\/wp\/v2\/posts"}],"about":[{"href":"https:\/\/diariodominicano.com\/index.php?rest_route=\/wp\/v2\/types\/post"}],"author":[{"embeddable":true,"href":"https:\/\/diariodominicano.com\/index.php?rest_route=\/wp\/v2\/users\/3"}],"replies":[{"embeddable":true,"href":"https:\/\/diariodominicano.com\/index.php?rest_route=%2Fwp%2Fv2%2Fcomments&post=70735"}],"version-history":[{"count":0,"href":"https:\/\/diariodominicano.com\/index.php?rest_route=\/wp\/v2\/posts\/70735\/revisions"}],"wp:attachment":[{"href":"https:\/\/diariodominicano.com\/index.php?rest_route=%2Fwp%2Fv2%2Fmedia&parent=70735"}],"wp:term":[{"taxonomy":"category","embeddable":true,"href":"https:\/\/diariodominicano.com\/index.php?rest_route=%2Fwp%2Fv2%2Fcategories&post=70735"},{"taxonomy":"post_tag","embeddable":true,"href":"https:\/\/diariodominicano.com\/index.php?rest_route=%2Fwp%2Fv2%2Ftags&post=70735"}],"curies":[{"name":"wp","href":"https:\/\/api.w.org\/{rel}","templated":true}]}}