{"id":70734,"date":"2008-07-24T22:05:17","date_gmt":"2008-07-24T22:05:17","guid":{"rendered":"http:\/\/diariodominicano.ddns.net\/?p=70734"},"modified":"2008-07-24T22:05:17","modified_gmt":"2008-07-24T22:05:17","slug":"declarados-monumentos-nacionales-casona-de-sabana-de-la-mar-y-monumento-de-la-restauracion-de-santiago","status":"publish","type":"post","link":"https:\/\/diariodominicano.com\/?p=70734","title":{"rendered":"Declarados Monumentos Nacionales: Casona de Sabana de la Mar y Monumento de la Restauraci\u00f3n de Santiago"},"content":{"rendered":"<p><body><\/p>\n<p align=\"justify\" class=\"titulogrande1\"><strong>Declarados  Monumentos Nacionales:<\/strong> <strong>Casona  de Sabana de la Mar  y Monumento de la   Restauraci\u00f3n\u00a0 de  Santiago<\/strong><\/p>\n<p>&#13;<\/p>\n<p align=\"justify\"><strong>El Presidente Leonel Fern\u00e1ndez  dispone que la Secretar\u00eda  de Estado de Cultura conserve y proteja los inmuebles considerados \u00a0patrimonio cultural de la Naci\u00f3n.<\/strong><\/p>\n<p>&#13;<\/p>\n<p align=\"justify\" class=\"text1noticias\"><strong><img loading=\"lazy\" decoding=\"async\" src=\"http:\/\/localhost:8080\/img\/casona sabana.jpg\" width=\"375\" height=\"281\" hspace=\"4\" align=\"left\" \/>Rep Dom.-<\/strong> El Poder Ejecutivo declar\u00f3  Monumento Nacional a La Casona  de Sabana de la Mar,  considerada como la casa m\u00e1s antigua de esa comunidad y \u201cun hito y s\u00edmbolo de  la identificaci\u00f3n\u201d de la misma.<\/p>\n<p>&#13;<\/p>\n<p align=\"justify\" class=\"text1noticias\">Del mismo modo, se otorg\u00f3  igual categor\u00eda al Monumento a los H\u00e9roes de la Restauraci\u00f3n de  Santiago de los Caballeros.<\/p>\n<p>&#13;<\/p>\n<p align=\"justify\" class=\"text1noticias\">Mediante el decreto n\u00famero  248-08, el Presidente Leonel Fern\u00e1ndez dispuso que la Secretar\u00eda de Estado de  Cultura \u201ctome las previsiones necesarias para la protecci\u00f3n, conservaci\u00f3n y  divulgaci\u00f3n\u201d de la existencia del hist\u00f3rico inmueble de Sabana de la Mar.<br \/>&#13;<br \/>\n  <br \/> &#13;<br \/>\nConforme la disposici\u00f3n  presidencial La Casona  de Sabana de la Mar  \u201cpor las caracter\u00edsticas que presenta de un ejemplo de arquitectura antillana  de principio del siglo XX, por sus valores intr\u00ednsecos y por la importancia  hist\u00f3rica que la obra representa para esa comunidad, se ha definido como un  patrimonio cultural de la Rep\u00fablica   Dominicana\u201d.<\/p>\n<p>&#13;<\/p>\n<p align=\"justify\" class=\"text1noticias\">A\u00f1ade el decreto que \u201ceste  inmueble debe ser protegido por la trascendencia que reviste, as\u00ed como por el  valor intangible que representa para la comunidad de sabanalamarinos como parte  de su memoria colectiva\u201d.<\/p>\n<p>&#13;<\/p>\n<p align=\"justify\" class=\"text1noticias\">Refiere igualmente la medida  presidencial que \u201ces de inter\u00e9s de la Secretar\u00eda de Estado de Cultura, y est\u00e1 dentro  del sistema de su pol\u00edtica cultural, el reconocer los bienes culturales excepcionales  y elevarlos a la categor\u00eda de Monumento Nacional\u201d, a\u00f1adiendo que la ley que  crea dicha cartera establece que la misma debe \u201cpreservar el patrimonio  cultural de la Naci\u00f3n,  tangible e intangible, como elemento fundamental de la identidad nacional\u201d.<\/p>\n<p>&#13;<\/p>\n<p align=\"justify\" class=\"text1noticias\">Desde hace varios meses,  sectores culturales y patrimoniales hab\u00edan estado solicitando que La Casona de Sabana de la Mar, fuera protegida por las  autoridades con la finalidad de evitar su destrucci\u00f3n.<\/p>\n<p>&#13;<\/p>\n<p align=\"justify\" class=\"text1noticias\">Por su parte, el decreto  n\u00famero 249-08 que declara al Monumento a los H\u00e9roes de la Restauraci\u00f3n como  Monumento Nacional, establece que el mismo es un \u201cs\u00edmbolo de identidad de  Santiago de los Caballeros\u201d.<\/p>\n<p>&#13;<\/p>\n<p align=\"justify\" class=\"text1noticias\">Se\u00f1ala que \u201csobresale por su  peculiar estilo ecl\u00e9ctico-arquitect\u00f3nico, con caracter\u00edsticas neocl\u00e1sicas, que  por sus valores intr\u00ednsecos se ha convertido en un patrimonio cultural de la Rep\u00fablica Dominicana\u201d.<\/p>\n<p>&#13;<\/p>\n<p align=\"justify\" class=\"text1noticias\">El decreto presidencial se\u00f1ala  que \u201cpara atender convenientemente la preservaci\u00f3n de este legado hist\u00f3rico,  sin alterar o lesionar su armon\u00eda urbana, se considere conveniente incorporarlo  al r\u00e9gimen previsto por la Ley No. 492  sobre Declaratoria de Monumento Nacional, la cual dispone todo lo concerniente  a la vigilancia, conservaci\u00f3n, consolidaci\u00f3n y reparaci\u00f3n de los Monumentos  Nacionales, as\u00ed como dictar disposiciones relativas a la declaratoria de  inmueble como Monumento Nacional\u201d.<\/p>\n<p>&#13;<\/p>\n<p align=\"justify\" class=\"text1noticias\">Se recuerda que en agosto del  a\u00f1o pasado, luego de que el Presidente Leonel Fern\u00e1ndez dispusiera el traspaso  de dicha edificaci\u00f3n a la   Secretar\u00eda de Estado de Cultura, esta cartera realiz\u00f3 una  amplia renovaci\u00f3n de dicha estructura, revalorizando la misma y acentuando su  trascendencia hist\u00f3rica, arquitect\u00f3nica y cultural.<\/p>\n<p>&#13;<\/p>\n<p align=\"justify\" class=\"text1noticias\">Desde entonces, el sitio  hist\u00f3rico, verdadero s\u00edmbolo de Santiago, se ha convertido en un gran atractivo  tur\u00edstico para nacionales y extranjeros, y ha vuelto a ser el principal lugar  de recreo de los santiagueros, aunque ahora bajo estrictas normas de cuidado,  preservaci\u00f3n, respeto y seguridad. <\/p>\n<p>&#13;<\/p>\n<h6> 2008-07-24 22:05:17 <\/h6>\n<p><!--\n<link rel=\"stylesheet\" href=\"css\/bootstrap.min.css\">\n\n\n<ul class=\"pagination\">\n\t    \n\t\n\n<li >\n\t<a href='?page_no=22411'>Previous<\/a>\n\t<\/li>\n\n\n       \n    \n\n<li><a href='?page_no=1'>1<\/a><\/li>\n\n\n\n<li><a href='?page_no=2'>2<\/a><\/li>\n\n\n\n<li><a>...<\/a><\/li>\n\n\n\n<li><a href='?page_no=22410'>22410<\/a><\/li>\n\n\n\n<li><a href='?page_no=22411'>22411<\/a><\/li>\n\n\n\n<li class='active'><a>22412<\/a><\/li>\n\n\n\n<li><a href='?page_no=22413'>22413<\/a><\/li>\n\n\n\n<li><a href='?page_no=22414'>22414<\/a><\/li>\n\n\n\n<li><a>...<\/a><\/li>\n\n\n\n<li><a href='?page_no=22911'>22911<\/a><\/li>\n\n\n\n<li><a href='?page_no=22912'>22912<\/a><\/li>\n\n    \n\t\n\n<li >\n\t<a href='?page_no=22413'>Next<\/a>\n\t<\/li>\n\n\n    \n\n<li><a href='?page_no=22912'>Last &rsaquo;&rsaquo;<\/a><\/li>\n\n<\/ul>\n\n\n--><br \/>\n<\/body><\/p>\n","protected":false},"excerpt":{"rendered":"<p>Declarados Monumentos Nacionales: Casona de Sabana de la Mar y Monumento de la Restauraci\u00f3n\u00a0 de Santiago &#13; El Presidente Leonel Fern\u00e1ndez dispone que la Secretar\u00eda de Estado de Cultura conserve y proteja los inmuebles considerados \u00a0patrimonio cultural de la Naci\u00f3n. &#13; Rep Dom.- El Poder Ejecutivo declar\u00f3 Monumento Nacional a La Casona de Sabana de [&hellip;]<\/p>\n","protected":false},"author":3,"featured_media":0,"comment_status":"open","ping_status":"open","sticky":false,"template":"","format":"standard","meta":{"footnotes":""},"categories":[21],"tags":[],"class_list":["post-70734","post","type-post","status-publish","format-standard","hentry","category-cultura"],"_links":{"self":[{"href":"https:\/\/diariodominicano.com\/index.php?rest_route=\/wp\/v2\/posts\/70734","targetHints":{"allow":["GET"]}}],"collection":[{"href":"https:\/\/diariodominicano.com\/index.php?rest_route=\/wp\/v2\/posts"}],"about":[{"href":"https:\/\/diariodominicano.com\/index.php?rest_route=\/wp\/v2\/types\/post"}],"author":[{"embeddable":true,"href":"https:\/\/diariodominicano.com\/index.php?rest_route=\/wp\/v2\/users\/3"}],"replies":[{"embeddable":true,"href":"https:\/\/diariodominicano.com\/index.php?rest_route=%2Fwp%2Fv2%2Fcomments&post=70734"}],"version-history":[{"count":0,"href":"https:\/\/diariodominicano.com\/index.php?rest_route=\/wp\/v2\/posts\/70734\/revisions"}],"wp:attachment":[{"href":"https:\/\/diariodominicano.com\/index.php?rest_route=%2Fwp%2Fv2%2Fmedia&parent=70734"}],"wp:term":[{"taxonomy":"category","embeddable":true,"href":"https:\/\/diariodominicano.com\/index.php?rest_route=%2Fwp%2Fv2%2Fcategories&post=70734"},{"taxonomy":"post_tag","embeddable":true,"href":"https:\/\/diariodominicano.com\/index.php?rest_route=%2Fwp%2Fv2%2Ftags&post=70734"}],"curies":[{"name":"wp","href":"https:\/\/api.w.org\/{rel}","templated":true}]}}