{"id":70733,"date":"2008-07-24T22:08:37","date_gmt":"2008-07-24T22:08:37","guid":{"rendered":"http:\/\/diariodominicano.ddns.net\/?p=70733"},"modified":"2008-07-24T22:08:37","modified_gmt":"2008-07-24T22:08:37","slug":"el-ipgh-presentara-libro-sobre-el-carnaval","status":"publish","type":"post","link":"https:\/\/diariodominicano.com\/?p=70733","title":{"rendered":"El IPGH presentar\u00e1 libro sobre el carnaval"},"content":{"rendered":"<p><body><\/p>\n<p align=\"justify\"><span class=\"titulogrande1\"><strong>El  IPGH presentar\u00e1 libro sobre el carnaval<\/strong>\u00a0<\/span><br \/>&#13;<br \/>\n  <br \/>&#13;<br \/>\n    <span class=\"text1noticias\"><strong><img loading=\"lazy\" decoding=\"async\" src=\"http:\/\/localhost:8080\/img\/carnava dominicano.jpg\" width=\"375\" height=\"756\" hspace=\"4\" align=\"left\" \/>SANTO DOMINGO.-<\/strong> A tono con su car\u00e1cter  acad\u00e9mico-cient\u00edfico, la   Secci\u00f3n Nacional de Dominicana del Instituto Panamericano de  Geograf\u00eda e Historia, organismo de la Organizaci\u00f3n de Estados Americanos (OEA), pondr\u00e1  a disposici\u00f3n de la comunidad acad\u00e9mica del pa\u00eds su nueva obra \u201c<strong>El  Carnaval Dominicano: Antecedentes, tendencias y perspectivas<\/strong>\u201d.\u00a0<br \/>&#13;<br \/>\n    <br \/>&#13;<br \/>\n    <em>La obra que va dirigida a los<\/em> amantes, estudiosos y protagonistas de la cultura  popular, es de la autor\u00eda del experimentado investigador Dagoberto Tejeda  Ortiz, y se trata de una obra monumental en la que el autor comparte sus  vivencias y estudios acumulados durante sus a\u00f1os de gestor  cultural.\u00a0<br \/>&#13;<br \/>\n    \u00a0 \u00a0<br \/>&#13;<br \/>\n    El acto de presentaci\u00f3n ser\u00e1 este pr\u00f3ximo  martes 29 de julio a las 8:00 de la noche en el Sal\u00f3n de conferencias de la Academia Dominicana  de Ciencias, y donde se espera que est\u00e9n presentes los m\u00e1s afamados escritores  dominicanos.\u00a0<br \/>&#13;<br \/>\n    <br \/>&#13;<br \/>\n    El programa incluye la participaci\u00f3n del  Doctor C\u00e9sar Mella, licenciado Bol\u00edvar Troncoso Morales, en calidad de  presidente de la   Secci\u00f3n Nacional, y obviamente, el autor, junto a un grupo de  carnavaleros de todo el pa\u00eds. \u00a0<br \/>&#13;<br \/>\n    <br \/>&#13;<br \/>\nDagoberto Tejeda Ortiz, naci\u00f3 en Ban\u00ed,  reconocido Soci\u00f3logo y Escritor. \u201cProfesor Merit\u00edsimo\u201d de la Universidad Aut\u00f3noma  de Santo Domingo, miembro de N\u00famero de la Academia de Ciencias de la Rep\u00fablica Dominicana  y Premio Internacional Casa del Caribe de Santiago de Cuba. \u00a0<\/span><\/p>\n<p>&#13;<\/p>\n<div align=\"justify\" class=\"text1noticias\">Es Presidente- Director de la Fundaci\u00f3n Instituto  Dominicano de Folklore. Entre sus libros, se encuentran: \u201cAtlas Folkl\u00f3rico de la Rep\u00fablica Dominicana\u201d,  \u201cIm\u00e1genes del Carnaval Oriental 2001\u201d,  \u201cM\u00e1scaras, Carnaval e Identidad\u201d, \u201cIndigenismo, Carnaval e Identidad\u201d,  \u201cIntroducci\u00f3n al Folklore Dominicano para ni\u00f1os\u201d, \u201cCultura Popular e Identidad  Nacional\u201d, \u201cVud\u00fa y Religiosidad Popular Dominicana\u201d, \u201cLos negros de la Sarandunga de Ban\u00ed\u201d y  \u201cEl Carnaval Dominicano: Antecedentes, Tendencias y Perspectivas\u201d.\u00a0<br \/>&#13;\n<\/div>\n<p>&#13;<\/p>\n<h6> 2008-07-24 22:08:37 <\/h6>\n<p><!--\n<link rel=\"stylesheet\" href=\"css\/bootstrap.min.css\">\n\n\n<ul class=\"pagination\">\n\t    \n\t\n\n<li >\n\t<a href='?page_no=22410'>Previous<\/a>\n\t<\/li>\n\n\n       \n    \n\n<li><a href='?page_no=1'>1<\/a><\/li>\n\n\n\n<li><a href='?page_no=2'>2<\/a><\/li>\n\n\n\n<li><a>...<\/a><\/li>\n\n\n\n<li><a href='?page_no=22409'>22409<\/a><\/li>\n\n\n\n<li><a href='?page_no=22410'>22410<\/a><\/li>\n\n\n\n<li class='active'><a>22411<\/a><\/li>\n\n\n\n<li><a href='?page_no=22412'>22412<\/a><\/li>\n\n\n\n<li><a href='?page_no=22413'>22413<\/a><\/li>\n\n\n\n<li><a>...<\/a><\/li>\n\n\n\n<li><a href='?page_no=22911'>22911<\/a><\/li>\n\n\n\n<li><a href='?page_no=22912'>22912<\/a><\/li>\n\n    \n\t\n\n<li >\n\t<a href='?page_no=22412'>Next<\/a>\n\t<\/li>\n\n\n    \n\n<li><a href='?page_no=22912'>Last &rsaquo;&rsaquo;<\/a><\/li>\n\n<\/ul>\n\n\n--><br \/>\n<\/body><\/p>\n","protected":false},"excerpt":{"rendered":"<p>El IPGH presentar\u00e1 libro sobre el carnaval\u00a0&#13; &#13; SANTO DOMINGO.- A tono con su car\u00e1cter acad\u00e9mico-cient\u00edfico, la Secci\u00f3n Nacional de Dominicana del Instituto Panamericano de Geograf\u00eda e Historia, organismo de la Organizaci\u00f3n de Estados Americanos (OEA), pondr\u00e1 a disposici\u00f3n de la comunidad acad\u00e9mica del pa\u00eds su nueva obra \u201cEl Carnaval Dominicano: Antecedentes, tendencias y perspectivas\u201d.\u00a0&#13; [&hellip;]<\/p>\n","protected":false},"author":3,"featured_media":0,"comment_status":"open","ping_status":"open","sticky":false,"template":"","format":"standard","meta":{"footnotes":""},"categories":[21],"tags":[],"class_list":["post-70733","post","type-post","status-publish","format-standard","hentry","category-cultura"],"_links":{"self":[{"href":"https:\/\/diariodominicano.com\/index.php?rest_route=\/wp\/v2\/posts\/70733","targetHints":{"allow":["GET"]}}],"collection":[{"href":"https:\/\/diariodominicano.com\/index.php?rest_route=\/wp\/v2\/posts"}],"about":[{"href":"https:\/\/diariodominicano.com\/index.php?rest_route=\/wp\/v2\/types\/post"}],"author":[{"embeddable":true,"href":"https:\/\/diariodominicano.com\/index.php?rest_route=\/wp\/v2\/users\/3"}],"replies":[{"embeddable":true,"href":"https:\/\/diariodominicano.com\/index.php?rest_route=%2Fwp%2Fv2%2Fcomments&post=70733"}],"version-history":[{"count":0,"href":"https:\/\/diariodominicano.com\/index.php?rest_route=\/wp\/v2\/posts\/70733\/revisions"}],"wp:attachment":[{"href":"https:\/\/diariodominicano.com\/index.php?rest_route=%2Fwp%2Fv2%2Fmedia&parent=70733"}],"wp:term":[{"taxonomy":"category","embeddable":true,"href":"https:\/\/diariodominicano.com\/index.php?rest_route=%2Fwp%2Fv2%2Fcategories&post=70733"},{"taxonomy":"post_tag","embeddable":true,"href":"https:\/\/diariodominicano.com\/index.php?rest_route=%2Fwp%2Fv2%2Ftags&post=70733"}],"curies":[{"name":"wp","href":"https:\/\/api.w.org\/{rel}","templated":true}]}}