{"id":70732,"date":"2008-07-24T22:12:00","date_gmt":"2008-07-24T22:12:00","guid":{"rendered":"http:\/\/diariodominicano.ddns.net\/?p=70732"},"modified":"2008-07-24T22:12:00","modified_gmt":"2008-07-24T22:12:00","slug":"cultura-inaugura-nueva-sede-comisionado-de-estados-unidos","status":"publish","type":"post","link":"https:\/\/diariodominicano.com\/?p=70732","title":{"rendered":"Cultura inaugura nueva sede Comisionado de Estados Unidos"},"content":{"rendered":"<p><body><\/p>\n<p class=\"titulogrande1\"><strong>Cultura inaugura nueva sede<\/strong> <strong>Comisionado de Estados Unidos<\/strong><\/p>\n<p>&#13;<\/p>\n<p align=\"justify\" class=\"text1noticias\"><strong>El Secretario de Estado de  Cultura, Jos\u00e9 Rafael Lantigua, se\u00f1al\u00f3 en la apertura que el nuevo local  significa la coronaci\u00f3n de un arduo trabajo de cuatro a\u00f1os en EUA.<\/strong><\/p>\n<p>&#13;<\/p>\n<p align=\"justify\" class=\"text1noticias\"><strong><img loading=\"lazy\" decoding=\"async\" src=\"http:\/\/localhost:8080\/img\/comisionado ny.jpg\" width=\"375\" height=\"1484\" hspace=\"4\" align=\"left\" \/>NUEVA YORK<\/strong>.- La Secretar\u00eda de Estado de  Cultura inaugur\u00f3 el pasado s\u00e1bado 19 de julio, la nueva sede del Comisionado  Dominicano de Cultura en Estados Unidos.<\/p>\n<p>&#13;<\/p>\n<p align=\"justify\" class=\"text1noticias\">Ubicada ahora en el 541 West, 145 st., la sede de la SEC en Nueva York acoge un  espacio de mayor dimensi\u00f3n, que incluye la Sala Andr\u00e9s Francisco  Requena (para conferencias, seminarios, representaciones teatrales y eventos  art\u00edsticos), la Biblioteca Carlos  Rodr\u00edguez, \u00e1rea para reuniones y funcionales espacios de oficinas.<\/p>\n<p>&#13;<\/p>\n<p align=\"justify\" class=\"text1noticias\"> El Secretario de Estado de Cultura, licenciado  Jos\u00e9 Rafael Lantigua, al pronunciar el discurso inaugural de la obra, destac\u00f3  la armon\u00eda lograda durante estos \u00faltimos cuatro a\u00f1os en la realizaci\u00f3n de un  vasto programa de realizaciones culturales, que indic\u00f3 fue ejecutado \u201ccon  amplitud de miras, en un ambiente plural y participativo y con un formidable  ejercicio gerencial del doctor Franklin Guti\u00e9rrez, Comisionado Dominicano de  Cultura en Estados Unidos\u201d.<\/p>\n<p>&#13;<\/p>\n<p align=\"justify\" class=\"text1noticias\">Lantigua dijo que se \u201clogr\u00f3 romper con el  ambiente de intrigas y desavenencias continuas de a\u00f1os pasados, abriendo la  instituci\u00f3n a todos los artistas, escritores y gestores culturales, de modo que  aqu\u00ed fuesen acogidas las inquietudes y desvelos de la comunidad cultural  dominicana residente en Nueva York\u201d.<\/p>\n<p>&#13;<\/p>\n<p align=\"justify\" class=\"text1noticias\">Precis\u00f3 que la labor del Comisionado logr\u00f3  extenderse, por primera vez, a otros estados de la uni\u00f3n norteamericana, entre  los que mencion\u00f3 a Washington, Boston, New Jersey, Connetticut y Miami.<\/p>\n<p>&#13;<\/p>\n<p align=\"justify\" class=\"text1noticias\">Indic\u00f3 que con la apertura del nuevo local, el  Comisionado podr\u00e1 ofrecer una mayor programaci\u00f3n, ampliando sus objetivos,  entre los que cit\u00f3 talleres, exposiciones pict\u00f3ricas, lecturas, tertulias  literarias, foros, conferencias, presentaciones de libros y las actividades que  promuevan entidades culturales independientes.<\/p>\n<p>&#13;<\/p>\n<p align=\"justify\" class=\"text1noticias\">Por su parte, el Comisionado Franklin Guti\u00e9rrez  destac\u00f3 en sus palabras los principales logros de la gesti\u00f3n cultural del  gobierno del Presidente Leonel Fern\u00e1ndez en Estados Unidos, entre los que cit\u00f3  las m\u00e1s de 400 actividades realizadas durante el presente cuatrienio, la Feria del Libro Dominicano  en Nueva York, el establecimiento del Premio Letras de Ultramar, una mayor  presencia de la di\u00e1spora intelectual en los grandes eventos que se celebran en  Santo Domingo, la publicaci\u00f3n de 11 libros de autores residentes en Estados  Unidos, la creaci\u00f3n de la colecci\u00f3n Ultramar de la Editora Nacional para estos  autores y la ampliaci\u00f3n de la Biblioteca   Carlos Rodr\u00edguez que pas\u00f3 de 700 a 3,000 vol\u00famenes.<\/p>\n<p>&#13;<\/p>\n<p align=\"justify\" class=\"text1noticias\">Guti\u00e9rrez indic\u00f3 que durante su gesti\u00f3n \u201cse  recuper\u00f3 el pasado, se fortaleci\u00f3 el presente y por los frutos plantados,  sembramos para el futuro\u201d.<\/p>\n<p>&#13;<\/p>\n<p align=\"justify\" class=\"text1noticias\">Agradeci\u00f3 el apoyo que siempre recibi\u00f3 del  Presidente Leonel Fern\u00e1ndez y del Secretario de Estado de Cultura, Jos\u00e9 Rafael  Lantigua.<\/p>\n<p>&#13;<\/p>\n<p align=\"justify\" class=\"text1noticias\">Al acto asistieron, entre otros, el asamble\u00edsta  Adriano Espaillat, el Comisionado de Asuntos Migratorios de la Alcald\u00eda de Nueva York,  Guillermo Linares y el C\u00f3nsul dominicano en Nueva York, Eduardo Selman.<\/p>\n<p>&#13;<\/p>\n<p align=\"justify\" class=\"text1noticias\"> Adem\u00e1s, una delegaci\u00f3n de la Secretar\u00eda de Estado de  Cultura, compuesta por Enegildo Pe\u00f1a, Subsecretario de Estado para la Regi\u00f3n Norte; Mateo Morrison,  secretario ejecutivo del Consejo Nacional de Cultura; Pedro Antonio Valdez,  director ejecutivo de la Feria  del Libro; Le\u00f3n F\u00e9lix Batista, director de la Editora Nacional; Juan Freddy  Armando, director del Plan Quinquenal del Libro y la Lectura; Ramona Espinal de  Santana, directora de Recursos Humanos; Eva Camilo, directora del Museo de la Familia Dominicana;  Eleanor Grimaldi Sili\u00e9, subdirectora del Libro y la Lectura; Genaro Robles de la Cruz, director de Participaci\u00f3n  Popular; Basilio Nova, director Nacional de Drama, y Domingo Guaba, reconocido  pintor y escultor.<\/p>\n<p>&#13;<\/p>\n<p align=\"justify\" class=\"text1noticias\">En el acto, que cont\u00f3 con una nutrida  asistencia, se otorg\u00f3 un reconocimiento al Dr. Franklin Guti\u00e9rrez, Comisionado  Dominicano de Cultura en Estados Unidos por su labor de reactivaci\u00f3n cultural  sin precedentes en el cuatrienio 2004-2008.<\/p>\n<p>&#13;<\/p>\n<p align=\"justify\" class=\"text1noticias\">Durante la actividad, el Comisionado de Asuntos  Migratorios, Guillermo Linares, ley\u00f3 un mensaje enviado por el Alcalde de Nueva  York, Michael Bloomberg, donde felicita a la Secretar\u00eda de Cultura  por la inauguraci\u00f3n de este nuevo local, que ahora est\u00e1 cerca de varias l\u00edneas  de trenes y autobuses que atraviesan toda la comunidad dominicana del Alto  Manhattan.<\/p>\n<p>&#13;<\/p>\n<p align=\"justify\" class=\"text1noticias\">En su misiva, Bloomberg elogia a Guti\u00e9rrez \u201cpor  haber jugado un papel importante en su trabajo, enriqueci\u00e9ndonos a todos a  trav\u00e9s de su apoyo vital a las artes dentro de la comunidad dominicana de Nueva  York\u201d.<\/p>\n<p>&#13;<\/p>\n<p align=\"justify\" class=\"text1noticias\">La obra, en la que la SEC invirti\u00f3 unos US$50,000,  forma parte del programa de construcci\u00f3n y reacondicionamiento de la  infraestructura cultural de la Rep\u00fablica   Dominicana, llevada a cabo por la gesti\u00f3n cultural del  gobierno del Presidente Leonel Fern\u00e1ndez.<\/p>\n<p>&#13;<\/p>\n<p align=\"justify\" class=\"text1noticias\">Con la nueva sede de Cultura, la comunidad  dominicana en Estados Unidos contar\u00e1 con un espacio renovado y moderno para la  promoci\u00f3n y valoraci\u00f3n de la identidad cultural dominicana.<\/p>\n<p>&#13;<\/p>\n<p align=\"justify\" class=\"text1noticias\">Al final del acto, se ofreci\u00f3 un recital de  m\u00fasica a cargo del Tr\u00edo Dominicano, compuesto por la pianista Mar\u00eda de F\u00e1tima  Geraldes, el violinista Darwin Aquino, director de la Orquesta Sinf\u00f3nica  Nacional Juvenil y el cellista Juan Pablo Polanco, instrumentista de la Orquesta Sinf\u00f3nica  Nacional.<\/p>\n<p>&#13;<\/p>\n<p align=\"justify\" class=\"text1noticias\">El grupo ofreci\u00f3 un recital de m\u00fasica de  autores dominicanos, entre ellos Julio Alberto Hern\u00e1ndez, Luis Mena y Bullumba  Landestoy. De este \u00faltimo se interpret\u00f3 la Suite Landestoy. El autor  estuvo presente en el acto recibiendo una gran ovaci\u00f3n de los presentes, entre  los que se encontraban representantes de la comunidad cultural, pol\u00edtica y  empresarial, as\u00ed como de entidades diversas de la ciudad de Nueva York.<\/p>\n<p>&#13;<\/p>\n<h6> 2008-07-24 22:12:00 <\/h6>\n<p><!--\n<link rel=\"stylesheet\" href=\"css\/bootstrap.min.css\">\n\n\n<ul class=\"pagination\">\n\t    \n\t\n\n<li >\n\t<a href='?page_no=22409'>Previous<\/a>\n\t<\/li>\n\n\n       \n    \n\n<li><a href='?page_no=1'>1<\/a><\/li>\n\n\n\n<li><a href='?page_no=2'>2<\/a><\/li>\n\n\n\n<li><a>...<\/a><\/li>\n\n\n\n<li><a href='?page_no=22408'>22408<\/a><\/li>\n\n\n\n<li><a href='?page_no=22409'>22409<\/a><\/li>\n\n\n\n<li class='active'><a>22410<\/a><\/li>\n\n\n\n<li><a href='?page_no=22411'>22411<\/a><\/li>\n\n\n\n<li><a href='?page_no=22412'>22412<\/a><\/li>\n\n\n\n<li><a>...<\/a><\/li>\n\n\n\n<li><a href='?page_no=22911'>22911<\/a><\/li>\n\n\n\n<li><a href='?page_no=22912'>22912<\/a><\/li>\n\n    \n\t\n\n<li >\n\t<a href='?page_no=22411'>Next<\/a>\n\t<\/li>\n\n\n    \n\n<li><a href='?page_no=22912'>Last &rsaquo;&rsaquo;<\/a><\/li>\n\n<\/ul>\n\n\n--><br \/>\n<\/body><\/p>\n","protected":false},"excerpt":{"rendered":"<p>Cultura inaugura nueva sede Comisionado de Estados Unidos &#13; El Secretario de Estado de Cultura, Jos\u00e9 Rafael Lantigua, se\u00f1al\u00f3 en la apertura que el nuevo local significa la coronaci\u00f3n de un arduo trabajo de cuatro a\u00f1os en EUA. &#13; NUEVA YORK.- La Secretar\u00eda de Estado de Cultura inaugur\u00f3 el pasado s\u00e1bado 19 de julio, la [&hellip;]<\/p>\n","protected":false},"author":3,"featured_media":0,"comment_status":"open","ping_status":"open","sticky":false,"template":"","format":"standard","meta":{"footnotes":""},"categories":[21],"tags":[],"class_list":["post-70732","post","type-post","status-publish","format-standard","hentry","category-cultura"],"_links":{"self":[{"href":"https:\/\/diariodominicano.com\/index.php?rest_route=\/wp\/v2\/posts\/70732","targetHints":{"allow":["GET"]}}],"collection":[{"href":"https:\/\/diariodominicano.com\/index.php?rest_route=\/wp\/v2\/posts"}],"about":[{"href":"https:\/\/diariodominicano.com\/index.php?rest_route=\/wp\/v2\/types\/post"}],"author":[{"embeddable":true,"href":"https:\/\/diariodominicano.com\/index.php?rest_route=\/wp\/v2\/users\/3"}],"replies":[{"embeddable":true,"href":"https:\/\/diariodominicano.com\/index.php?rest_route=%2Fwp%2Fv2%2Fcomments&post=70732"}],"version-history":[{"count":0,"href":"https:\/\/diariodominicano.com\/index.php?rest_route=\/wp\/v2\/posts\/70732\/revisions"}],"wp:attachment":[{"href":"https:\/\/diariodominicano.com\/index.php?rest_route=%2Fwp%2Fv2%2Fmedia&parent=70732"}],"wp:term":[{"taxonomy":"category","embeddable":true,"href":"https:\/\/diariodominicano.com\/index.php?rest_route=%2Fwp%2Fv2%2Fcategories&post=70732"},{"taxonomy":"post_tag","embeddable":true,"href":"https:\/\/diariodominicano.com\/index.php?rest_route=%2Fwp%2Fv2%2Ftags&post=70732"}],"curies":[{"name":"wp","href":"https:\/\/api.w.org\/{rel}","templated":true}]}}