{"id":70729,"date":"2008-07-25T17:47:36","date_gmt":"2008-07-25T17:47:36","guid":{"rendered":"http:\/\/diariodominicano.ddns.net\/?p=70729"},"modified":"2008-07-25T17:47:36","modified_gmt":"2008-07-25T17:47:36","slug":"escritores-chilenos-hablan-sobre-literatura-y-periodismo-en-feria-del-libro-de-lima","status":"publish","type":"post","link":"https:\/\/diariodominicano.com\/?p=70729","title":{"rendered":"Escritores chilenos hablan sobre literatura y periodismo en Feria del Libro de Lima"},"content":{"rendered":"<p><body><\/p>\n<p align=\"justify\"><span class=\"titulogrande1\">Escritores chilenos hablan sobre literatura y periodismo en  Feria del Libro de Lima <\/span><br \/>&#13;<br \/>\n  <br \/>&#13;<br \/>\n    <span class=\"text1noticias\">Alberto Fuguet y Alejandro Zambra fueron parte de una mesa  redonda donde se explor\u00f3 la relaci\u00f3n entre ambas disciplinas. <br \/>&#13;<br \/>\n    <br \/>&#13;<br \/>\n  EFE <br \/>&#13;<br \/>\n  <br \/>&#13;<br \/>\n  <img loading=\"lazy\" decoding=\"async\" src=\"http:\/\/localhost:8080\/img\/lima chile.jpg\" width=\"375\" height=\"270\" hspace=\"4\" align=\"left\" \/>Un grupo de escritores latinoamericanos, entre ellos Alberto  Fuguet, Alejandro Zambra y Enrique Planas, confesaron hoy sus sue\u00f1os como  periodistas o cr\u00edticos cinematogr\u00e1ficos, en una mesa redonda en el marco de la XIII  Feria Internacional del Libro de Lima (FIL2008).<br \/>&#13;<br \/>\n  <br \/>&#13;<br \/>\n\u00abYo siempre quise ser reportero\u00bb, afirm\u00f3 el  escritor chileno Alberto Fuguet, al precisar que su sue\u00f1o trunco fue  convertirse espec\u00edficamente en corresponsal de guerra.<br \/>&#13;<br \/>\n<br \/>&#13;<br \/>\nAl participar en la mesa redonda Escritura y Periodismo,  Fuguet, nacido en 1964, explic\u00f3 que cuando era m\u00e1s joven \u00abadmiraba a los  periodistas, no tanto a los chilenos\u00bb.<br \/>&#13;<br \/>\n<br \/>&#13;<br \/>\n<br \/>&#13;<br \/>\nEn sus a\u00f1os de estudiante, prosigui\u00f3, le pareci\u00f3 que  \u00ablos periodistas eran genios\u00bb y esto le generaba cierta  \u00abenvidia\u00bb porque nunca pudo alcanzar la puntuaci\u00f3n requerida para  estudiar esa profesi\u00f3n.<br \/>&#13;<br \/>\n<br \/>&#13;<br \/>\nPero con el transcurrir del tiempo tuvo su \u00abprimera  decepci\u00f3n: \u00abla pir\u00e1mide invertida\u00bb, al referirse al principio  period\u00edstico que da prioridad en una nota informativa a los asuntos m\u00e1s  relevantes y de actualidad.<br \/>&#13;<br \/>\n<br \/>&#13;<br \/>\nDespu\u00e9s, Fuguet se dio cuenta que los estudiantes de  periodismo en lugar de diarios y revistas le\u00edan libros y \u00abquer\u00edan ser  escritores\u00bb.<br \/>&#13;<br \/>\n<br \/>&#13;<br \/>\nSin embargo, la labor de reportero de guerra le sigui\u00f3  fascinando porque le hac\u00eda sentir que \u00abel periodismo era el lugar para  hacer cosas\u00bb.<br \/>&#13;<br \/>\n<br \/>&#13;<br \/>\nAhora, Fuguet, tambi\u00e9n cineasta y como \u00e9l mismo se define  \u00abun bloguero\u00bb que no tiene \u00abnada claro\u00bb, se siente cada vez  m\u00e1s atra\u00eddo por la gente an\u00f3nima y por los autores que no forman parte de un  c\u00edrculo.<br \/>&#13;<br \/>\n<br \/>&#13;<br \/>\nDurante la mesa redonda, el tambi\u00e9n escritor chileno  Alejandro Zambra relat\u00f3 que en sus inicios se desempe\u00f1\u00f3 como cr\u00edtico literario  y que posteriormente escribi\u00f3 columnas de opini\u00f3n, lo que le pareci\u00f3 muy  dif\u00edcil porque no est\u00e1 de acuerdo en \u00abandar opinando de todo, cuando lo  que a uno le interesa es muy poquito\u00bb.<br \/>&#13;<br \/>\n<br \/>&#13;<br \/>\nLo que s\u00ed le pareci\u00f3 \u00abmuy triste\u00bb, insisti\u00f3 Zambra  (autor de los libros \u00abBonsai\u00bb y La Intimidad de los Arboles) fue ver  en una oportunidad \u00aba un grupo de periodistas viendo la tele y  reporteando\u00bb.<br \/>&#13;<br \/>\n<br \/>&#13;<br \/>\nEn la mesa redonda tambi\u00e9n participaron la poeta y acad\u00e9mica  peruana Roc\u00edo Silva Santisteban y su compatriota, el periodista y escritor  Enrique Planas.<br \/>&#13;<br \/>\n<br \/>&#13;<br \/>\nSantisteban remarc\u00f3 que fue periodista en la d\u00e9cada de 1980  cuando en Per\u00fa \u00abera motivo de orgullo\u00bb, porque estos profesionales  \u00abse jugaban la vida\u00bb, en alusi\u00f3n a la \u00e9poca m\u00e1s cruda del conflicto  interno (19802000).<br \/>&#13;<br \/>\n<br \/>&#13;<br \/>\nPor su lado, Planas confes\u00f3 que se siente \u00abharto del  periodista escritor y viceversa\u00bb, al se\u00f1alar que los periodistas que  escriben cr\u00f3nicas a veces creen que el lenguaje de este formato se basa en una  \u00abadjetivizaci\u00f3n barata\u00bb.<br \/>&#13;<br \/>\n<br \/>&#13;<br \/>\nTambi\u00e9n se\u00f1al\u00f3 que \u00e9l busca informarse con las notas  period\u00edsticas, mientras que en las novelas busca: \u00abme mientan, me  seduzcan\u00bb.<br \/>&#13;<br \/>\n<br \/>&#13;<br \/>\nLa FIL2008, que se inaugur\u00f3 hoy y se extiende hasta el 3 de  agosto, tiene a Chile como invitado especial y presentar\u00e1 a escritores como  Jorge Edwards, Gonzalo Rojas, Oscar Hahn, Pedro Lemelier y Diamela Eltit, entre  otros.<br \/>&#13;<br \/>\n<br \/>&#13;<br \/>\nTambi\u00e9n escritores de la talla de la nicarag\u00fcense Gioconda  Belli, los ilustradores argentinos Carlos Trillo y Juan Sastura\u00edn, los  mexicanos Cristina Rivera y Mar\u00eda Baranda, los espa\u00f1oles Carlos Cast\u00e1n e Imma  Turbau, el colombiano Fernando Quiroz y los peruanos Alonso Cueto y Antonio  Cisneros.<br \/>&#13;<br \/>\n<br \/>&#13;<br \/>\nEl m\u00e1s c\u00e9lebre invitado ser\u00e1 el laureado escritor peruano Mario  Vargas Llosa, que ser\u00e1 homenajeado y acudir\u00e1 a la presentaci\u00f3n del libro Las  Guerras de este Mundo, una compilaci\u00f3n sobre su vida y obra realizada por  Cueto.<\/span><\/p>\n<p>&#13;<\/p>\n<h6> 2008-07-25 17:47:36 <\/h6>\n<p><!--\n<link rel=\"stylesheet\" href=\"css\/bootstrap.min.css\">\n\n\n<ul class=\"pagination\">\n\t    \n\t\n\n<li >\n\t<a href='?page_no=22406'>Previous<\/a>\n\t<\/li>\n\n\n       \n    \n\n<li><a href='?page_no=1'>1<\/a><\/li>\n\n\n\n<li><a href='?page_no=2'>2<\/a><\/li>\n\n\n\n<li><a>...<\/a><\/li>\n\n\n\n<li><a href='?page_no=22405'>22405<\/a><\/li>\n\n\n\n<li><a href='?page_no=22406'>22406<\/a><\/li>\n\n\n\n<li class='active'><a>22407<\/a><\/li>\n\n\n\n<li><a href='?page_no=22408'>22408<\/a><\/li>\n\n\n\n<li><a href='?page_no=22409'>22409<\/a><\/li>\n\n\n\n<li><a>...<\/a><\/li>\n\n\n\n<li><a href='?page_no=22911'>22911<\/a><\/li>\n\n\n\n<li><a href='?page_no=22912'>22912<\/a><\/li>\n\n    \n\t\n\n<li >\n\t<a href='?page_no=22408'>Next<\/a>\n\t<\/li>\n\n\n    \n\n<li><a href='?page_no=22912'>Last &rsaquo;&rsaquo;<\/a><\/li>\n\n<\/ul>\n\n\n--><br \/>\n<\/body><\/p>\n","protected":false},"excerpt":{"rendered":"<p>Escritores chilenos hablan sobre literatura y periodismo en Feria del Libro de Lima &#13; &#13; Alberto Fuguet y Alejandro Zambra fueron parte de una mesa redonda donde se explor\u00f3 la relaci\u00f3n entre ambas disciplinas. &#13; &#13; EFE &#13; &#13; Un grupo de escritores latinoamericanos, entre ellos Alberto Fuguet, Alejandro Zambra y Enrique Planas, confesaron hoy [&hellip;]<\/p>\n","protected":false},"author":3,"featured_media":0,"comment_status":"open","ping_status":"open","sticky":false,"template":"","format":"standard","meta":{"footnotes":""},"categories":[21],"tags":[],"class_list":["post-70729","post","type-post","status-publish","format-standard","hentry","category-cultura"],"_links":{"self":[{"href":"https:\/\/diariodominicano.com\/index.php?rest_route=\/wp\/v2\/posts\/70729","targetHints":{"allow":["GET"]}}],"collection":[{"href":"https:\/\/diariodominicano.com\/index.php?rest_route=\/wp\/v2\/posts"}],"about":[{"href":"https:\/\/diariodominicano.com\/index.php?rest_route=\/wp\/v2\/types\/post"}],"author":[{"embeddable":true,"href":"https:\/\/diariodominicano.com\/index.php?rest_route=\/wp\/v2\/users\/3"}],"replies":[{"embeddable":true,"href":"https:\/\/diariodominicano.com\/index.php?rest_route=%2Fwp%2Fv2%2Fcomments&post=70729"}],"version-history":[{"count":0,"href":"https:\/\/diariodominicano.com\/index.php?rest_route=\/wp\/v2\/posts\/70729\/revisions"}],"wp:attachment":[{"href":"https:\/\/diariodominicano.com\/index.php?rest_route=%2Fwp%2Fv2%2Fmedia&parent=70729"}],"wp:term":[{"taxonomy":"category","embeddable":true,"href":"https:\/\/diariodominicano.com\/index.php?rest_route=%2Fwp%2Fv2%2Fcategories&post=70729"},{"taxonomy":"post_tag","embeddable":true,"href":"https:\/\/diariodominicano.com\/index.php?rest_route=%2Fwp%2Fv2%2Ftags&post=70729"}],"curies":[{"name":"wp","href":"https:\/\/api.w.org\/{rel}","templated":true}]}}