{"id":70725,"date":"2008-07-29T17:41:15","date_gmt":"2008-07-29T17:41:15","guid":{"rendered":"http:\/\/diariodominicano.ddns.net\/?p=70725"},"modified":"2008-07-29T17:41:15","modified_gmt":"2008-07-29T17:41:15","slug":"jean-baptiste-exhibe-trilogia-sagrada-de-una-isla-magica-en-eduardo-galeria-de-artes-en-la-romana","status":"publish","type":"post","link":"https:\/\/diariodominicano.com\/?p=70725","title":{"rendered":"Jean Baptiste exhibe \u201cTrilog\u00eda Sagrada de una Isla M\u00e1gica\u201d en Eduardo Galer\u00eda de Artes en La Romana"},"content":{"rendered":"<p><body><\/p>\n<p align=\"justify\" class=\"titulogrande1\"><strong>Jean  Baptiste exhibe \u201cTrilog\u00eda Sagrada de una Isla M\u00e1gica\u201d en Eduardo Galer\u00eda de  Artes en La Romana<\/strong><\/p>\n<p>&#13;<\/p>\n<p align=\"justify\" class=\"text1noticias\"><img loading=\"lazy\" decoding=\"async\" src=\"http:\/\/localhost:8080\/img\/jean batiste.jpg\" width=\"375\" height=\"2269\" hspace=\"4\" align=\"left\" \/>Con el t\u00edtulo \u201cTrilog\u00eda  Sagrada de una Isla M\u00e1gica\u201d, Eduardo Galer\u00eda de Artes inaugur\u00f3 recientemente la  exposici\u00f3n del artista pl\u00e1stico Jean Baptiste Rosvelt, \u00a0en la provincia de La Romana, la muestra  constituye la individual No 15.<\/p>\n<p>&#13;<\/p>\n<p align=\"justify\" class=\"text1noticias\">La exhibici\u00f3n pict\u00f3rica consta  de 24 obras, en formatos variados y con trasfondo y colorido de gran fortaleza  m\u00edstica- er\u00f3tica y musical, realizada en la t\u00e9cnica mixta \u00f3leo-acr\u00edlico, \u00a0basada en el gran escenario Am\u00e9rica-Caribe.<\/p>\n<p>&#13;<\/p>\n<p align=\"justify\" class=\"text1noticias\">Para el artista Jean Baptiste,  la muestra trata de forma muy sutil el tema de la comunicaci\u00f3n en el  Caribe-Am\u00e9rica conformada bajo el manto de la mitolog\u00eda de otros pueblos,  refiri\u00e9ndose a legados de culturas milenarias.<\/p>\n<p>&#13;<\/p>\n<p align=\"justify\" class=\"text1noticias\">Baptiste habla en el lenguaje  pict\u00f3rico refiriendo que el arte es un alfabeto que tiene simbolog\u00eda y c\u00f3digos  que representan la idiosincrasia de los pueblos.<\/p>\n<p>&#13;<\/p>\n<p align=\"justify\" class=\"text1noticias\">En la apertura, el artista  haitiano exclama a los presentes, \u201cbienvenidos sean todos al mundo de Jean  Baptiste, al laberinto m\u00e1gico que una vez entran no podr\u00e1n salir\u201d.<\/p>\n<p>&#13;<\/p>\n<p align=\"justify\" class=\"text1noticias\">En tanto que Abil Peralta,  curador de la exposici\u00f3n expresa que el artista Jean Baptiste es uno de esos  sujetos que subvierten cualquier noci\u00f3n del individualismo existente entre dos  naciones , (Rep\u00fablica Dominicana y Hait\u00ed), que unidos por la pasi\u00f3n del arte  desaf\u00edan los esteriotipos de la divisi\u00f3n social y cultural.<\/p>\n<p>&#13;<\/p>\n<p align=\"justify\" class=\"text1noticias\">\u201cNo obstante ser dos naciones  libres e hist\u00f3ricamente hermanadas por el v\u00ednculo de la tierra, es obvio que  conformamos un solo territorio, una sola isla\u201d, manifiesta el cr\u00edtico y curador  de arte.<\/p>\n<p>&#13;<\/p>\n<p align=\"justify\" class=\"text1noticias\"> Entre los t\u00edtulos exhibidos  est\u00e1n: \u201cCap\u00edtulo XVIII\u201d, \u201cCap\u00edtulo II\u201d, \u201cCap\u00edtulo XV\u201d y \u201cCap\u00edtulo V\u201d, entre  otros. \u00a0<\/p>\n<p>&#13;<\/p>\n<p align=\"justify\" class=\"text1noticias\">Jean Baptiste Rosvelt, es de  naci\u00f3 en St. Michel de Hait\u00ed. \u00a0Luego de  una estad\u00eda en Francia en el a\u00f1o 2001, en el 2004 fue invitado por el Museo de  Louvre y la Academia Beaux  Arts de Par\u00eds.<br \/>&#13;<br \/>\n  <br \/>&#13;<br \/>\n  Ha presentado su arte en salas  y museos de Milano, Italia; Metro Dade, Miami;\u00a0  en su pa\u00eds natal Hait\u00ed y en santo Domingo en la galer\u00eda de Arte Arawak,  asi como en diversas salas y museos.<\/p>\n<p>&#13;<\/p>\n<h6> 2008-07-29 17:41:15 <\/h6>\n<p><!--\n<link rel=\"stylesheet\" href=\"css\/bootstrap.min.css\">\n\n\n<ul class=\"pagination\">\n\t    \n\t\n\n<li >\n\t<a href='?page_no=22402'>Previous<\/a>\n\t<\/li>\n\n\n       \n    \n\n<li><a href='?page_no=1'>1<\/a><\/li>\n\n\n\n<li><a href='?page_no=2'>2<\/a><\/li>\n\n\n\n<li><a>...<\/a><\/li>\n\n\n\n<li><a href='?page_no=22401'>22401<\/a><\/li>\n\n\n\n<li><a href='?page_no=22402'>22402<\/a><\/li>\n\n\n\n<li class='active'><a>22403<\/a><\/li>\n\n\n\n<li><a href='?page_no=22404'>22404<\/a><\/li>\n\n\n\n<li><a href='?page_no=22405'>22405<\/a><\/li>\n\n\n\n<li><a>...<\/a><\/li>\n\n\n\n<li><a href='?page_no=22911'>22911<\/a><\/li>\n\n\n\n<li><a href='?page_no=22912'>22912<\/a><\/li>\n\n    \n\t\n\n<li >\n\t<a href='?page_no=22404'>Next<\/a>\n\t<\/li>\n\n\n    \n\n<li><a href='?page_no=22912'>Last &rsaquo;&rsaquo;<\/a><\/li>\n\n<\/ul>\n\n\n--><br \/>\n<\/body><\/p>\n","protected":false},"excerpt":{"rendered":"<p>Jean Baptiste exhibe \u201cTrilog\u00eda Sagrada de una Isla M\u00e1gica\u201d en Eduardo Galer\u00eda de Artes en La Romana &#13; Con el t\u00edtulo \u201cTrilog\u00eda Sagrada de una Isla M\u00e1gica\u201d, Eduardo Galer\u00eda de Artes inaugur\u00f3 recientemente la exposici\u00f3n del artista pl\u00e1stico Jean Baptiste Rosvelt, \u00a0en la provincia de La Romana, la muestra constituye la individual No 15. &#13; [&hellip;]<\/p>\n","protected":false},"author":3,"featured_media":0,"comment_status":"open","ping_status":"open","sticky":false,"template":"","format":"standard","meta":{"footnotes":""},"categories":[21],"tags":[],"class_list":["post-70725","post","type-post","status-publish","format-standard","hentry","category-cultura"],"_links":{"self":[{"href":"https:\/\/diariodominicano.com\/index.php?rest_route=\/wp\/v2\/posts\/70725","targetHints":{"allow":["GET"]}}],"collection":[{"href":"https:\/\/diariodominicano.com\/index.php?rest_route=\/wp\/v2\/posts"}],"about":[{"href":"https:\/\/diariodominicano.com\/index.php?rest_route=\/wp\/v2\/types\/post"}],"author":[{"embeddable":true,"href":"https:\/\/diariodominicano.com\/index.php?rest_route=\/wp\/v2\/users\/3"}],"replies":[{"embeddable":true,"href":"https:\/\/diariodominicano.com\/index.php?rest_route=%2Fwp%2Fv2%2Fcomments&post=70725"}],"version-history":[{"count":0,"href":"https:\/\/diariodominicano.com\/index.php?rest_route=\/wp\/v2\/posts\/70725\/revisions"}],"wp:attachment":[{"href":"https:\/\/diariodominicano.com\/index.php?rest_route=%2Fwp%2Fv2%2Fmedia&parent=70725"}],"wp:term":[{"taxonomy":"category","embeddable":true,"href":"https:\/\/diariodominicano.com\/index.php?rest_route=%2Fwp%2Fv2%2Fcategories&post=70725"},{"taxonomy":"post_tag","embeddable":true,"href":"https:\/\/diariodominicano.com\/index.php?rest_route=%2Fwp%2Fv2%2Ftags&post=70725"}],"curies":[{"name":"wp","href":"https:\/\/api.w.org\/{rel}","templated":true}]}}