{"id":70724,"date":"2008-07-29T17:45:33","date_gmt":"2008-07-29T17:45:33","guid":{"rendered":"http:\/\/diariodominicano.ddns.net\/?p=70724"},"modified":"2008-07-29T17:45:33","modified_gmt":"2008-07-29T17:45:33","slug":"duartianos-y-orden-odfelo-acuerdan-promocion-simbolos-patrios","status":"publish","type":"post","link":"https:\/\/diariodominicano.com\/?p=70724","title":{"rendered":"Duartianos y Orden Odfelo acuerdan promoci\u00f3n s\u00edmbolos patrios"},"content":{"rendered":"<p><body><\/p>\n<p align=\"justify\"><span class=\"titulogrande1\">Duartianos y Orden Odfelo  acuerdan promoci\u00f3n s\u00edmbolos patrios<\/span><span class=\"text1noticias\"><br \/>&#13;<br \/>\n\u00a0<br \/>&#13;<br \/>\n<strong><img loading=\"lazy\" decoding=\"async\" src=\"http:\/\/localhost:8080\/img\/instituto duarteano.jpg\" width=\"375\" height=\"542\" hspace=\"4\" align=\"left\" \/>SANTO DOMINGO.-<\/strong> El Instituto  Duartiano y la Gran Orden  Unida de Odfelo firmaron un convenio para desarrollar actividades conjuntas  encaminadas a difundir la obra de Juan Pablo Duarte, a trav\u00e9s talleres y  conferencias sobre los ideales del Padre de la Patria.<br \/>&#13;<br \/>\n\u00a0<br \/>&#13;<br \/>\nEl acuerdo fue suscrito en la  sede del Instituto Duartiano, de la calle Isabel La Cat\u00f3lica n\u00famero 308, de la Ciudad Colonial,  por el presidente de esta entidad, profesor Jos\u00e9 Joaqu\u00edn P\u00e9rez Savi\u00f1\u00f3n y el  gran maestro Victoriano de los Santos.<\/span><br \/>&#13;<br \/>\n  <span class=\"titulogrande1\">\u00a0<br \/>&#13;<br \/>\n  <\/span><span class=\"text1noticias\">&#13;<br \/>\n  El acuerdo establece que el  Instituto Duartiano facilitar\u00e1 los especialistas en la vida y obras de Duarte<\/span><br \/>&#13;<br \/>\n  \u00a0<br \/>&#13;<br \/>\n  <span class=\"text1noticias\">En tanto que la Gran Orden Unida de  Odfelos se compromete a llevar a sus miembros a estas actividades, en fechas y  lugares escogidos.<br \/>&#13;<br \/>\n  \u00a0<br \/>&#13;<br \/>\n  Los se\u00f1ores P\u00e9rez Savi\u00f1\u00f3n y  de los Santos indicaron que estos talleres y conferencias ser\u00e1n efectuadas en  Santo Domingo y el interior del pa\u00eds, y buscan destacar la obra patri\u00f3tica del  patricio.<br \/>&#13;<br \/>\n  \u00a0<br \/>&#13;<br \/>\n  Expresaron que en estos  momentos en que el pa\u00eds se encuentro camino a una descomposici\u00f3n social, se  requiere que los ideales del Padre de la Patria sean resaltados con mayor intensidad.<br \/>&#13;<br \/>\n  \u00a0<br \/>&#13;<br \/>\n  Indicaron que la impartici\u00f3n  de estos talleres y conferencias en diferentes regiones del pa\u00eds permitir\u00e1  multiplicar la semilla de Duarte en los dominicanos que desean que el pa\u00eds se  conduzca por los mejores caminos.<br \/>&#13;<br \/>\n  \u00a0<br \/>&#13;<br \/>\n  El profesor P\u00e9rez Savi\u00f1\u00f3n  dijo que el Instituto Duartiano tiene la misi\u00f3n de llevar al pueblo dominicano  la historia de Juan Pablo Duarte y tratar de que por medio del conocimiento de  sus ideales, laboriosidad, honestidad acrisolada, patriotismo, esp\u00edritu de  servicio y vida ejemplar, exista un mejor ciudadano y una patria justa y feliz,  como la so\u00f1\u00f3 el padre de la   Patria.<\/span><\/p>\n<p>&#13;<\/p>\n<h6> 2008-07-29 17:45:33 <\/h6>\n<p><!--\n<link rel=\"stylesheet\" href=\"css\/bootstrap.min.css\">\n\n\n<ul class=\"pagination\">\n\t    \n\t\n\n<li >\n\t<a href='?page_no=22401'>Previous<\/a>\n\t<\/li>\n\n\n       \n    \n\n<li><a href='?page_no=1'>1<\/a><\/li>\n\n\n\n<li><a href='?page_no=2'>2<\/a><\/li>\n\n\n\n<li><a>...<\/a><\/li>\n\n\n\n<li><a href='?page_no=22400'>22400<\/a><\/li>\n\n\n\n<li><a href='?page_no=22401'>22401<\/a><\/li>\n\n\n\n<li class='active'><a>22402<\/a><\/li>\n\n\n\n<li><a href='?page_no=22403'>22403<\/a><\/li>\n\n\n\n<li><a href='?page_no=22404'>22404<\/a><\/li>\n\n\n\n<li><a>...<\/a><\/li>\n\n\n\n<li><a href='?page_no=22911'>22911<\/a><\/li>\n\n\n\n<li><a href='?page_no=22912'>22912<\/a><\/li>\n\n    \n\t\n\n<li >\n\t<a href='?page_no=22403'>Next<\/a>\n\t<\/li>\n\n\n    \n\n<li><a href='?page_no=22912'>Last &rsaquo;&rsaquo;<\/a><\/li>\n\n<\/ul>\n\n\n--><br \/>\n<\/body><\/p>\n","protected":false},"excerpt":{"rendered":"<p>Duartianos y Orden Odfelo acuerdan promoci\u00f3n s\u00edmbolos patrios&#13; \u00a0&#13; SANTO DOMINGO.- El Instituto Duartiano y la Gran Orden Unida de Odfelo firmaron un convenio para desarrollar actividades conjuntas encaminadas a difundir la obra de Juan Pablo Duarte, a trav\u00e9s talleres y conferencias sobre los ideales del Padre de la Patria.&#13; \u00a0&#13; El acuerdo fue suscrito [&hellip;]<\/p>\n","protected":false},"author":3,"featured_media":0,"comment_status":"open","ping_status":"open","sticky":false,"template":"","format":"standard","meta":{"footnotes":""},"categories":[21],"tags":[],"class_list":["post-70724","post","type-post","status-publish","format-standard","hentry","category-cultura"],"_links":{"self":[{"href":"https:\/\/diariodominicano.com\/index.php?rest_route=\/wp\/v2\/posts\/70724","targetHints":{"allow":["GET"]}}],"collection":[{"href":"https:\/\/diariodominicano.com\/index.php?rest_route=\/wp\/v2\/posts"}],"about":[{"href":"https:\/\/diariodominicano.com\/index.php?rest_route=\/wp\/v2\/types\/post"}],"author":[{"embeddable":true,"href":"https:\/\/diariodominicano.com\/index.php?rest_route=\/wp\/v2\/users\/3"}],"replies":[{"embeddable":true,"href":"https:\/\/diariodominicano.com\/index.php?rest_route=%2Fwp%2Fv2%2Fcomments&post=70724"}],"version-history":[{"count":0,"href":"https:\/\/diariodominicano.com\/index.php?rest_route=\/wp\/v2\/posts\/70724\/revisions"}],"wp:attachment":[{"href":"https:\/\/diariodominicano.com\/index.php?rest_route=%2Fwp%2Fv2%2Fmedia&parent=70724"}],"wp:term":[{"taxonomy":"category","embeddable":true,"href":"https:\/\/diariodominicano.com\/index.php?rest_route=%2Fwp%2Fv2%2Fcategories&post=70724"},{"taxonomy":"post_tag","embeddable":true,"href":"https:\/\/diariodominicano.com\/index.php?rest_route=%2Fwp%2Fv2%2Ftags&post=70724"}],"curies":[{"name":"wp","href":"https:\/\/api.w.org\/{rel}","templated":true}]}}