{"id":70397,"date":"2009-01-16T19:17:39","date_gmt":"2009-01-16T19:17:39","guid":{"rendered":"http:\/\/diariodominicano.ddns.net\/?p=70397"},"modified":"2009-01-16T19:17:39","modified_gmt":"2009-01-16T19:17:39","slug":"presentan-coleccion-de-orquideas-criollas","status":"publish","type":"post","link":"https:\/\/diariodominicano.com\/?p=70397","title":{"rendered":"Presentan colecci\u00f3n de orqu\u00eddeas criollas"},"content":{"rendered":"<p><body><\/p>\n<p class=\"titulogrande1\"><strong>Presentan colecci\u00f3n de orqu\u00eddeas criollas<\/strong><\/p>\n<p>&#13;<\/p>\n<p align=\"justify\"><img loading=\"lazy\" decoding=\"async\" src=\"http:\/\/localhost:8080\/img\/orqui.jpg\" width=\"372\" height=\"518\" hspace=\"4\" align=\"left\" \/><span class=\"text1noticias\">Doscientas  carpetas numeradas, que contienen 18 l\u00e1minas de hermosas y coloridas orqu\u00eddeas  del pa\u00eds, fueron puestas en circulaci\u00f3n por la Sociedad Dominicana de  Bibli\u00f3filos, para conmemorar el 35 aniversario de fundaci\u00f3n de esa  organizaci\u00f3n.<\/span><\/p>\n<p>&#13;<\/p>\n<p align=\"justify\" class=\"text1noticias\"> La colecci\u00f3n fue presentada durante un acto efectuado en  la sede de la Sociedad Dominicana de Bibli\u00f3filos, ubicada en la calle Las  Damas, n\u00famero 106, en la Zona Colonial, encabezado por Mariano Mella,  presidente de la entidad.<\/p>\n<p>&#13;<\/p>\n<p align=\"justify\" class=\"text1noticias\"> El licenciado Mella indic\u00f3 que la selecci\u00f3n de las  orqu\u00eddeas, al igual que la descripci\u00f3n cient\u00edfica de cada una de ellas, fue  realizada por Francisco Jim\u00e9nez, tax\u00f3nomo-bot\u00e1nico y director del Departamento  de Bot\u00e1nica del Jard\u00edn Bot\u00e1nico Nacional doctor Rafael Moscoso y Juan Llamacho,  consultor bot\u00e1nico.<\/p>\n<p>&#13;<\/p>\n<p align=\"justify\" class=\"text1noticias\"> Agradeci\u00f3 a Ricardo Garc\u00eda, director del Jard\u00edn Bot\u00e1nico  Nacional, por haber recibido el proyecto con benepl\u00e1cito, y quien ofreci\u00f3 las  facilidades para realizar esta carpeta.<\/p>\n<p>&#13;<\/p>\n<p align=\"justify\" class=\"text1noticias\"> La ilustraci\u00f3n de la carpeta fue realizada por Fernely  Lebr\u00f3n, quien dibuj\u00f3 a manos cada una de las orqu\u00eddeas seleccionadas y dise\u00f1\u00f3  la presentaci\u00f3n art\u00edstica de la carpeta y sus l\u00e1minas, logrando un trabajo de  impecable valor art\u00edstico.<\/p>\n<p>&#13;<\/p>\n<p align=\"justify\" class=\"text1noticias\">\u00abEstamos seguros que esta carpeta tiene un valor  creciente de colecci\u00f3n, y ser\u00e1 motivo de deleite para las personas amantes de  la naturaleza y de la flora dominicana\u00bb, expuso.<\/p>\n<p>&#13;<\/p>\n<p align=\"justify\" class=\"text1noticias\"> El licenciado Mella manifest\u00f3 que esta carpeta tambi\u00e9n es  un alerta sobre la problem\u00e1tica de que muchas orqu\u00eddeas est\u00e1n en peligro de  extinci\u00f3n, debido a la destrucci\u00f3n de sus h\u00e1bitats y su extracci\u00f3n  indiscriminada.<\/p>\n<p>&#13;<\/p>\n<p align=\"justify\" class=\"text1noticias\"> Las orqu\u00eddeas pertenecen a la familia bot\u00e1nica  orchidaceae, la m\u00e1s rosa del reino vegetal, con alrededor de 30 mil especies en  todo el planeta. Actualmente se estima en m\u00e1s de 90 mil los h\u00edbridos creados  por los humanos para obtener color, rareza y belleza de este grupo de plantas.<\/p>\n<p>&#13;<\/p>\n<p align=\"justify\" class=\"text1noticias\"> En la espa\u00f1ola, hasta el momento, existen 356 especies de  orqu\u00eddeas, siendo la isla caribe\u00f1a con mayor n\u00famero de especies. Del total 126  especies son end\u00e9micas, es decir, que s\u00f3lo crecen en este territorio.<\/p>\n<p>&#13;<\/p>\n<h6> 2009-01-16 19:17:39 <\/h6>\n<p><!--\n<link rel=\"stylesheet\" href=\"css\/bootstrap.min.css\">\n\n\n<ul class=\"pagination\">\n\t    \n\t\n\n<li >\n\t<a href='?page_no=22074'>Previous<\/a>\n\t<\/li>\n\n\n       \n    \n\n<li><a href='?page_no=1'>1<\/a><\/li>\n\n\n\n<li><a href='?page_no=2'>2<\/a><\/li>\n\n\n\n<li><a>...<\/a><\/li>\n\n\n\n<li><a href='?page_no=22073'>22073<\/a><\/li>\n\n\n\n<li><a href='?page_no=22074'>22074<\/a><\/li>\n\n\n\n<li class='active'><a>22075<\/a><\/li>\n\n\n\n<li><a href='?page_no=22076'>22076<\/a><\/li>\n\n\n\n<li><a href='?page_no=22077'>22077<\/a><\/li>\n\n\n\n<li><a>...<\/a><\/li>\n\n\n\n<li><a href='?page_no=22911'>22911<\/a><\/li>\n\n\n\n<li><a href='?page_no=22912'>22912<\/a><\/li>\n\n    \n\t\n\n<li >\n\t<a href='?page_no=22076'>Next<\/a>\n\t<\/li>\n\n\n    \n\n<li><a href='?page_no=22912'>Last &rsaquo;&rsaquo;<\/a><\/li>\n\n<\/ul>\n\n\n--><br \/>\n<\/body><\/p>\n","protected":false},"excerpt":{"rendered":"<p>Presentan colecci\u00f3n de orqu\u00eddeas criollas &#13; Doscientas carpetas numeradas, que contienen 18 l\u00e1minas de hermosas y coloridas orqu\u00eddeas del pa\u00eds, fueron puestas en circulaci\u00f3n por la Sociedad Dominicana de Bibli\u00f3filos, para conmemorar el 35 aniversario de fundaci\u00f3n de esa organizaci\u00f3n. &#13; La colecci\u00f3n fue presentada durante un acto efectuado en la sede de la Sociedad [&hellip;]<\/p>\n","protected":false},"author":3,"featured_media":0,"comment_status":"open","ping_status":"open","sticky":false,"template":"","format":"standard","meta":{"footnotes":""},"categories":[21],"tags":[],"class_list":["post-70397","post","type-post","status-publish","format-standard","hentry","category-cultura"],"_links":{"self":[{"href":"https:\/\/diariodominicano.com\/index.php?rest_route=\/wp\/v2\/posts\/70397","targetHints":{"allow":["GET"]}}],"collection":[{"href":"https:\/\/diariodominicano.com\/index.php?rest_route=\/wp\/v2\/posts"}],"about":[{"href":"https:\/\/diariodominicano.com\/index.php?rest_route=\/wp\/v2\/types\/post"}],"author":[{"embeddable":true,"href":"https:\/\/diariodominicano.com\/index.php?rest_route=\/wp\/v2\/users\/3"}],"replies":[{"embeddable":true,"href":"https:\/\/diariodominicano.com\/index.php?rest_route=%2Fwp%2Fv2%2Fcomments&post=70397"}],"version-history":[{"count":0,"href":"https:\/\/diariodominicano.com\/index.php?rest_route=\/wp\/v2\/posts\/70397\/revisions"}],"wp:attachment":[{"href":"https:\/\/diariodominicano.com\/index.php?rest_route=%2Fwp%2Fv2%2Fmedia&parent=70397"}],"wp:term":[{"taxonomy":"category","embeddable":true,"href":"https:\/\/diariodominicano.com\/index.php?rest_route=%2Fwp%2Fv2%2Fcategories&post=70397"},{"taxonomy":"post_tag","embeddable":true,"href":"https:\/\/diariodominicano.com\/index.php?rest_route=%2Fwp%2Fv2%2Ftags&post=70397"}],"curies":[{"name":"wp","href":"https:\/\/api.w.org\/{rel}","templated":true}]}}