{"id":70367,"date":"2009-02-02T22:07:45","date_gmt":"2009-02-02T22:07:45","guid":{"rendered":"http:\/\/diariodominicano.ddns.net\/?p=70367"},"modified":"2009-02-02T22:07:45","modified_gmt":"2009-02-02T22:07:45","slug":"el-inposdom-pone-en-uso-matasello-alusivo-al-mes-de-la-patria","status":"publish","type":"post","link":"https:\/\/diariodominicano.com\/?p=70367","title":{"rendered":"El Inposdom pone en uso matasello alusivo al Mes de la Patria"},"content":{"rendered":"<p><body><\/p>\n<p align=\"center\" class=\"titulogrande1\">El Inposdom pone en uso matasello alusivo al Mes de la  Patria<\/p>\n<p>&#13;<\/p>\n<p>\u00a0<\/p>\n<p>&#13;<\/p>\n<p align=\"justify\" class=\"text1noticias\">El  Instituto Postal Dominicano (Inposdom), en coordinaci\u00f3n con\u00a0la Comisi\u00f3n  Presidencial de Efem\u00e9rides Patrias, pondr\u00e1 en uso este mi\u00e9rcoles un  matasello\u00a0 alusivo a la celebraci\u00f3n del Mes de la Patria, correspondiente  al presente a\u00f1o 2009.<\/p>\n<p>&#13;<\/p>\n<p align=\"justify\" class=\"text1noticias\">La  actividad, que contar\u00e1 con la presencia de los principales funcionarios del  Correo, de la Comisi\u00f3n Permanente de Efem\u00e9rides Patrias, el Instituto Duartiano  y otras instituciones vinculadas, ser\u00e1 celebrada en el Parque Independencia a  partir de las 6:00 de la tarde.<\/p>\n<p>&#13;<\/p>\n<p align=\"justify\" class=\"text1noticias\">El  doctor Modesto Guzm\u00e1n, director del Instituto Postal Dominicano, destac\u00f3 la  importancia de la celebraci\u00f3n del Mes de la Patria para inculcar entre j\u00f3venes  y ni\u00f1os los valores patrios, legados por los prohombres de la Independencia y  la Restauraci\u00f3n de la Rep\u00fablica.<\/p>\n<p>&#13;<\/p>\n<p align=\"justify\" class=\"text1noticias\">Manifest\u00f3  que la presente generaci\u00f3n dirigente, en todos los niveles, y de toda la  sociedad, debe hacer todo cuanto sea necesario para que las futuras  generaciones se formen en base a los valores patrios, la humildad, la decencia,  la rectitud y el amor a los dem\u00e1s. <br \/>&#13;<br \/>\n  <br \/>&#13;<br \/>\n  El matasello es una estampilla que invalida  el sello como franqueo postal de las cartas, en el momento de entregarse en las  administraciones de correos para impedir su reutilizaci\u00f3n. <\/p>\n<p>&#13;<\/p>\n<p align=\"justify\" class=\"text1noticias\"><strong><u>Ofrenda  Floral<\/u><\/strong><\/p>\n<p>&#13;<\/p>\n<p align=\"justify\" class=\"text1noticias\">El  Instituto Postal Dominicano (Inposdom) tambi\u00e9n depositar\u00e1 una ofrenda floral en  honor a los Padres de la Patria con motivo de celebrarse el Mes de la Patria.<\/p>\n<p>&#13;<\/p>\n<p align=\"justify\" class=\"text1noticias\">La actividad ser\u00e1 realizada este  mi\u00e9rcoles, 04 de febrero, al finalizar una caminata que se iniciar\u00e1 en el  Parque Col\u00f3n a las 9:00 de la ma\u00f1ana, y culminar\u00e1 en el Altar de la Patria,  para depositar la ofrenda floral en el Mausoleo a los Padres de la Patria<\/p>\n<p>&#13;<\/p>\n<h6> 2009-02-02 22:07:45 <\/h6>\n<p><!--\n<link rel=\"stylesheet\" href=\"css\/bootstrap.min.css\">\n\n\n<ul class=\"pagination\">\n\t    \n\t\n\n<li >\n\t<a href='?page_no=22044'>Previous<\/a>\n\t<\/li>\n\n\n       \n    \n\n<li><a href='?page_no=1'>1<\/a><\/li>\n\n\n\n<li><a href='?page_no=2'>2<\/a><\/li>\n\n\n\n<li><a>...<\/a><\/li>\n\n\n\n<li><a href='?page_no=22043'>22043<\/a><\/li>\n\n\n\n<li><a href='?page_no=22044'>22044<\/a><\/li>\n\n\n\n<li class='active'><a>22045<\/a><\/li>\n\n\n\n<li><a href='?page_no=22046'>22046<\/a><\/li>\n\n\n\n<li><a href='?page_no=22047'>22047<\/a><\/li>\n\n\n\n<li><a>...<\/a><\/li>\n\n\n\n<li><a href='?page_no=22911'>22911<\/a><\/li>\n\n\n\n<li><a href='?page_no=22912'>22912<\/a><\/li>\n\n    \n\t\n\n<li >\n\t<a href='?page_no=22046'>Next<\/a>\n\t<\/li>\n\n\n    \n\n<li><a href='?page_no=22912'>Last &rsaquo;&rsaquo;<\/a><\/li>\n\n<\/ul>\n\n\n--><br \/>\n<\/body><\/p>\n","protected":false},"excerpt":{"rendered":"<p>El Inposdom pone en uso matasello alusivo al Mes de la Patria &#13; \u00a0 &#13; El Instituto Postal Dominicano (Inposdom), en coordinaci\u00f3n con\u00a0la Comisi\u00f3n Presidencial de Efem\u00e9rides Patrias, pondr\u00e1 en uso este mi\u00e9rcoles un matasello\u00a0 alusivo a la celebraci\u00f3n del Mes de la Patria, correspondiente al presente a\u00f1o 2009. &#13; La actividad, que contar\u00e1 con [&hellip;]<\/p>\n","protected":false},"author":3,"featured_media":0,"comment_status":"open","ping_status":"open","sticky":false,"template":"","format":"standard","meta":{"footnotes":""},"categories":[21],"tags":[],"class_list":["post-70367","post","type-post","status-publish","format-standard","hentry","category-cultura"],"_links":{"self":[{"href":"https:\/\/diariodominicano.com\/index.php?rest_route=\/wp\/v2\/posts\/70367","targetHints":{"allow":["GET"]}}],"collection":[{"href":"https:\/\/diariodominicano.com\/index.php?rest_route=\/wp\/v2\/posts"}],"about":[{"href":"https:\/\/diariodominicano.com\/index.php?rest_route=\/wp\/v2\/types\/post"}],"author":[{"embeddable":true,"href":"https:\/\/diariodominicano.com\/index.php?rest_route=\/wp\/v2\/users\/3"}],"replies":[{"embeddable":true,"href":"https:\/\/diariodominicano.com\/index.php?rest_route=%2Fwp%2Fv2%2Fcomments&post=70367"}],"version-history":[{"count":0,"href":"https:\/\/diariodominicano.com\/index.php?rest_route=\/wp\/v2\/posts\/70367\/revisions"}],"wp:attachment":[{"href":"https:\/\/diariodominicano.com\/index.php?rest_route=%2Fwp%2Fv2%2Fmedia&parent=70367"}],"wp:term":[{"taxonomy":"category","embeddable":true,"href":"https:\/\/diariodominicano.com\/index.php?rest_route=%2Fwp%2Fv2%2Fcategories&post=70367"},{"taxonomy":"post_tag","embeddable":true,"href":"https:\/\/diariodominicano.com\/index.php?rest_route=%2Fwp%2Fv2%2Ftags&post=70367"}],"curies":[{"name":"wp","href":"https:\/\/api.w.org\/{rel}","templated":true}]}}