{"id":70366,"date":"2009-02-02T23:25:43","date_gmt":"2009-02-02T23:25:43","guid":{"rendered":"http:\/\/diariodominicano.ddns.net\/?p=70366"},"modified":"2009-02-02T23:25:43","modified_gmt":"2009-02-02T23:25:43","slug":"jardin-botanico-celebro-dia-de-los-humedales-2-de-febrero","status":"publish","type":"post","link":"https:\/\/diariodominicano.com\/?p=70366","title":{"rendered":"Jardin Bot\u00e0nico celebr\u00f2 Dia de Los Humedales 2 de Febrero"},"content":{"rendered":"<p><body><\/p>\n<p class=\"titulogrande1\"><strong>Jardin Bot\u00e0nico celebr\u00f2 Dia de Los Humedales 2 de Febrero<\/strong><\/p>\n<p>&#13;<\/p>\n<p align=\"justify\" class=\"text1noticias\"><img loading=\"lazy\" decoding=\"async\" src=\"http:\/\/localhost:8080\/img\/humedas.jpg\" width=\"375\" height=\"251\" hspace=\"4\" align=\"left\" \/>El jard\u00edn Bot\u00e1nico Nacional JBN, celebr\u00f3  este lunes dos, el D\u00eda Mundial de los Humedales con varias actividades  educativas, entre las cuales est\u00e1n visita a la Laguna del Palmar de la  instituci\u00f3n con el acompa\u00f1amiento de estudiantes de varios centros educativos y  la disertaci\u00f3n\u00a0 del profesor\u00a0 Ruddy Col\u00f3n, del Departamento de Educaci\u00f3n  Ambientaci\u00f3n \u00a0sobre la \u00a0importancia de los humedales.<\/p>\n<p>&#13;<\/p>\n<p align=\"justify\" class=\"text1noticias\">Con esta actividad\u00a0 el Jard\u00edn honra los compromisos de la  convenci\u00f3n de Ramsar, en Ir\u00e1n y que fue firmada en el 1971, la cual declara a  los humedales como zonas de terrenos inundados temporales o permanentes y  ecosistemas de gran inter\u00e9s.<\/p>\n<p>&#13;<\/p>\n<p align=\"justify\" class=\"text1noticias\">Desde el 1997, cada dos de  febrero, se destaca esta fecha sobre la importancia de conservar los humedales  como fuentes de agua dulce, control de las inundaciones, de la sequ\u00eda y refugio  natural de la flora y la fauna, as\u00ed como patrimonio cultural que preserva el  equilibrio biol\u00f3gico de la naturaleza.<br \/>&#13;<br \/>\n  \u00a0<br \/>&#13;<br \/>\n  A partir del 15 de septiembre del  2002, \u00a0la Rep\u00fablica Dominicana  se adhiere a la convenci\u00f3n, designando el Lago Enriquillo, como uno de los  Humedales de importancia internacional en cumplimiento con esta convenci\u00f3n de  conservar estos ecosistemas. Asimismo, el JBN cuenta con varios humedales,  entre los cuales est\u00e1n la   Laguna del Palmar y la Gran   Ga\u00f1ada, entre otros.<br \/>&#13;<br \/>\n  \u00a0<br \/>&#13;<br \/>\n  La Convenci\u00f3n Ramsar para este a\u00f1o 2009 ha elegido el lema \u201c<strong>Aguas arriba, aguas abajo, los humedales  nos conectan a todos.\u201d <\/strong>Destacando el valor de las cuencas hidrogr\u00e1ficas  y\u00a0\u00a0 las amenazas que se ciernen sobre  \u00e9stas a trav\u00e9s de los desmontes, la deforestaci\u00f3n,\u00a0 la expansi\u00f3n de la frontera agr\u00edcola y la  contaminaci\u00f3n del medio ambiente. <\/p>\n<p>&#13;<\/p>\n<h6> 2009-02-02 23:25:43 <\/h6>\n<p><!--\n<link rel=\"stylesheet\" href=\"css\/bootstrap.min.css\">\n\n\n<ul class=\"pagination\">\n\t    \n\t\n\n<li >\n\t<a href='?page_no=22043'>Previous<\/a>\n\t<\/li>\n\n\n       \n    \n\n<li><a href='?page_no=1'>1<\/a><\/li>\n\n\n\n<li><a href='?page_no=2'>2<\/a><\/li>\n\n\n\n<li><a>...<\/a><\/li>\n\n\n\n<li><a href='?page_no=22042'>22042<\/a><\/li>\n\n\n\n<li><a href='?page_no=22043'>22043<\/a><\/li>\n\n\n\n<li class='active'><a>22044<\/a><\/li>\n\n\n\n<li><a href='?page_no=22045'>22045<\/a><\/li>\n\n\n\n<li><a href='?page_no=22046'>22046<\/a><\/li>\n\n\n\n<li><a>...<\/a><\/li>\n\n\n\n<li><a href='?page_no=22911'>22911<\/a><\/li>\n\n\n\n<li><a href='?page_no=22912'>22912<\/a><\/li>\n\n    \n\t\n\n<li >\n\t<a href='?page_no=22045'>Next<\/a>\n\t<\/li>\n\n\n    \n\n<li><a href='?page_no=22912'>Last &rsaquo;&rsaquo;<\/a><\/li>\n\n<\/ul>\n\n\n--><br \/>\n<\/body><\/p>\n","protected":false},"excerpt":{"rendered":"<p>Jardin Bot\u00e0nico celebr\u00f2 Dia de Los Humedales 2 de Febrero &#13; El jard\u00edn Bot\u00e1nico Nacional JBN, celebr\u00f3 este lunes dos, el D\u00eda Mundial de los Humedales con varias actividades educativas, entre las cuales est\u00e1n visita a la Laguna del Palmar de la instituci\u00f3n con el acompa\u00f1amiento de estudiantes de varios centros educativos y la disertaci\u00f3n\u00a0 [&hellip;]<\/p>\n","protected":false},"author":3,"featured_media":0,"comment_status":"open","ping_status":"open","sticky":false,"template":"","format":"standard","meta":{"footnotes":""},"categories":[21],"tags":[],"class_list":["post-70366","post","type-post","status-publish","format-standard","hentry","category-cultura"],"_links":{"self":[{"href":"https:\/\/diariodominicano.com\/index.php?rest_route=\/wp\/v2\/posts\/70366","targetHints":{"allow":["GET"]}}],"collection":[{"href":"https:\/\/diariodominicano.com\/index.php?rest_route=\/wp\/v2\/posts"}],"about":[{"href":"https:\/\/diariodominicano.com\/index.php?rest_route=\/wp\/v2\/types\/post"}],"author":[{"embeddable":true,"href":"https:\/\/diariodominicano.com\/index.php?rest_route=\/wp\/v2\/users\/3"}],"replies":[{"embeddable":true,"href":"https:\/\/diariodominicano.com\/index.php?rest_route=%2Fwp%2Fv2%2Fcomments&post=70366"}],"version-history":[{"count":0,"href":"https:\/\/diariodominicano.com\/index.php?rest_route=\/wp\/v2\/posts\/70366\/revisions"}],"wp:attachment":[{"href":"https:\/\/diariodominicano.com\/index.php?rest_route=%2Fwp%2Fv2%2Fmedia&parent=70366"}],"wp:term":[{"taxonomy":"category","embeddable":true,"href":"https:\/\/diariodominicano.com\/index.php?rest_route=%2Fwp%2Fv2%2Fcategories&post=70366"},{"taxonomy":"post_tag","embeddable":true,"href":"https:\/\/diariodominicano.com\/index.php?rest_route=%2Fwp%2Fv2%2Ftags&post=70366"}],"curies":[{"name":"wp","href":"https:\/\/api.w.org\/{rel}","templated":true}]}}