{"id":70364,"date":"2009-02-03T18:27:07","date_gmt":"2009-02-03T18:27:07","guid":{"rendered":"http:\/\/diariodominicano.ddns.net\/?p=70364"},"modified":"2009-02-03T18:27:07","modified_gmt":"2009-02-03T18:27:07","slug":"museo-del-hombre-dominicano-y-ujedo-colibri-presentaran-documental-en-el-batey-palabe-en-manoguayabo","status":"publish","type":"post","link":"https:\/\/diariodominicano.com\/?p=70364","title":{"rendered":"Museo del Hombre Dominicano y UJEDO-Colibr\u00ed presentar\u00e1n documental en el  batey Palab\u00e9 en Manoguayabo"},"content":{"rendered":"<p><body><\/p>\n<p>Con\u00a0 el apoyo del Centro Franklin de la Embajada  Americana<\/p>\n<p>&#13;<\/p>\n<p align=\"justify\"><span class=\"titulogrande1\">Museo  del Hombre Dominicano y UJEDO-Colibr\u00ed presentar\u00e1n documental en el\u00a0 batey  Palab\u00e9 en Manoguayabo<\/span><br \/>&#13;<br \/>\n  <br \/>&#13;<br \/>\n    <span class=\"text1noticias\">La actividad es con el objetivo de  contribuir al desarrollo humano de la comunidad<br \/>&#13;<br \/>\n    <br \/>&#13;<br \/>\n    <img loading=\"lazy\" decoding=\"async\" src=\"http:\/\/localhost:8080\/img\/muses.jpg\" width=\"375\" height=\"465\" hspace=\"4\" align=\"left\" \/>SANTO DOMINGO. El Museo del Hombre  Dominicano y la uni\u00f3n de\u00a0 Juventud Ecum\u00e9nica Dominicana, con el apoyo del  Centro Franklin, promover\u00e1n una serie de encuentros y discusiones\u00a0 sobre  experiencias que han potencializados el empoderamiento\u00a0 de las comunidades  en la soluci\u00f3n de sus problemas. <br \/>&#13;<br \/>\n<br \/>&#13;<br \/>\nLa  actividad se llevar\u00e1 a cabo este pr\u00f3ximo 5 de febrero en el Centro  UJEDO-Colibr\u00ed en el Batey Palab\u00e9 de Manoguayabo a las 6:00 de la tarde. <br \/>&#13;<br \/>\n<br \/>&#13;<br \/>\n\u00a0Al  ofrecer detalle sobre los encuentros y actividades conjunta, ambos organismo  afirman que el objetivo es unir esfuerzo con el prop\u00f3sito de promover la amplia  labor realizada por UJEDO-Colibr\u00ed, y\u00a0el Museo del Hombre Dominicano en una  nueva vision cultural. <br \/>&#13;<br \/>\n<br \/>&#13;<br \/>\nEntienden  que la cultura es fuente e inspiraci\u00f3n del desarrollo y que este ha de encarnarse  en los espacios territoriales comunitarios m\u00e1s vulnerable. <br \/>&#13;<br \/>\n<br \/>&#13;<br \/>\nAl  detallar las actividades a presentar, el Director del Museo del Hombre  Dominicano, dependencia de la   Secretar\u00eda de Estado de Cultura, antrop\u00f3logo Juan Rodr\u00edguez  Acosta, dijo que tiene programado la presentaci\u00f3n del documental sobre la  haza\u00f1a de la peruana Albina Ru\u00edz quien en este filme cambia la cultura de  disposici\u00f3n de basura y la convierte en \u00aboro\u00bb organizando los  \u00abbuzos\u00bb-procesadores informales de basura- en peque\u00f1os empresarios. <br \/>&#13;<br \/>\n<br \/>&#13;<br \/>\nRodr\u00edguez  Acosta aclara que en esta perspectiva, como parte\u00a0 del proceso, tendr\u00e1n  esta y otras actividades, la que contar\u00e1\u00a0 con la presencia de l\u00edderes y  miembros\u00a0 de la comunidad como un plan piloto para ampliar\u00a0  experiencias de desarrollo humano como expresi\u00f3n de avance y mejor hacer  cultural de los pueblos. <br \/>&#13;<br \/>\n<br \/>&#13;<br \/>\nAl  final resalt\u00f3 la ayuda que la entidad que preside recibe: \u00abEste evento es  posible gracia a la donaci\u00f3n hecha al Museo del Hombre Dominicano de un  proyector (data show)\u00a0por el Centro Franklin en su continuo apoyo a los  programas culturales de dicha instituci\u00f3n.\u00a0 <\/span><\/p>\n<p>&#13;<\/p>\n<h6> 2009-02-03 18:27:07 <\/h6>\n<p><!--\n<link rel=\"stylesheet\" href=\"css\/bootstrap.min.css\">\n\n\n<ul class=\"pagination\">\n\t    \n\t\n\n<li >\n\t<a href='?page_no=22041'>Previous<\/a>\n\t<\/li>\n\n\n       \n    \n\n<li><a href='?page_no=1'>1<\/a><\/li>\n\n\n\n<li><a href='?page_no=2'>2<\/a><\/li>\n\n\n\n<li><a>...<\/a><\/li>\n\n\n\n<li><a href='?page_no=22040'>22040<\/a><\/li>\n\n\n\n<li><a href='?page_no=22041'>22041<\/a><\/li>\n\n\n\n<li class='active'><a>22042<\/a><\/li>\n\n\n\n<li><a href='?page_no=22043'>22043<\/a><\/li>\n\n\n\n<li><a href='?page_no=22044'>22044<\/a><\/li>\n\n\n\n<li><a>...<\/a><\/li>\n\n\n\n<li><a href='?page_no=22911'>22911<\/a><\/li>\n\n\n\n<li><a href='?page_no=22912'>22912<\/a><\/li>\n\n    \n\t\n\n<li >\n\t<a href='?page_no=22043'>Next<\/a>\n\t<\/li>\n\n\n    \n\n<li><a href='?page_no=22912'>Last &rsaquo;&rsaquo;<\/a><\/li>\n\n<\/ul>\n\n\n--><br \/>\n<\/body><\/p>\n","protected":false},"excerpt":{"rendered":"<p>Con\u00a0 el apoyo del Centro Franklin de la Embajada Americana &#13; Museo del Hombre Dominicano y UJEDO-Colibr\u00ed presentar\u00e1n documental en el\u00a0 batey Palab\u00e9 en Manoguayabo&#13; &#13; La actividad es con el objetivo de contribuir al desarrollo humano de la comunidad&#13; &#13; SANTO DOMINGO. El Museo del Hombre Dominicano y la uni\u00f3n de\u00a0 Juventud Ecum\u00e9nica Dominicana, [&hellip;]<\/p>\n","protected":false},"author":3,"featured_media":0,"comment_status":"open","ping_status":"open","sticky":false,"template":"","format":"standard","meta":{"footnotes":""},"categories":[21],"tags":[],"class_list":["post-70364","post","type-post","status-publish","format-standard","hentry","category-cultura"],"_links":{"self":[{"href":"https:\/\/diariodominicano.com\/index.php?rest_route=\/wp\/v2\/posts\/70364","targetHints":{"allow":["GET"]}}],"collection":[{"href":"https:\/\/diariodominicano.com\/index.php?rest_route=\/wp\/v2\/posts"}],"about":[{"href":"https:\/\/diariodominicano.com\/index.php?rest_route=\/wp\/v2\/types\/post"}],"author":[{"embeddable":true,"href":"https:\/\/diariodominicano.com\/index.php?rest_route=\/wp\/v2\/users\/3"}],"replies":[{"embeddable":true,"href":"https:\/\/diariodominicano.com\/index.php?rest_route=%2Fwp%2Fv2%2Fcomments&post=70364"}],"version-history":[{"count":0,"href":"https:\/\/diariodominicano.com\/index.php?rest_route=\/wp\/v2\/posts\/70364\/revisions"}],"wp:attachment":[{"href":"https:\/\/diariodominicano.com\/index.php?rest_route=%2Fwp%2Fv2%2Fmedia&parent=70364"}],"wp:term":[{"taxonomy":"category","embeddable":true,"href":"https:\/\/diariodominicano.com\/index.php?rest_route=%2Fwp%2Fv2%2Fcategories&post=70364"},{"taxonomy":"post_tag","embeddable":true,"href":"https:\/\/diariodominicano.com\/index.php?rest_route=%2Fwp%2Fv2%2Ftags&post=70364"}],"curies":[{"name":"wp","href":"https:\/\/api.w.org\/{rel}","templated":true}]}}