{"id":70362,"date":"2009-02-05T15:28:58","date_gmt":"2009-02-05T15:28:58","guid":{"rendered":"http:\/\/diariodominicano.ddns.net\/?p=70362"},"modified":"2009-02-05T15:28:58","modified_gmt":"2009-02-05T15:28:58","slug":"jose-javier-perez-contreras-pintor-talento-juvenil-dominicano-presenta-su-primera-exposicion-individual-paisajes-bucolicos-en-el-foro-pedro-mir-de-libreria-cuesta","status":"publish","type":"post","link":"https:\/\/diariodominicano.com\/?p=70362","title":{"rendered":"JOS\u00c9 JAVIER P\u00c9REZ CONTRERAS, PINTOR TALENTO JUVENIL DOMINICANO, PRESENTA SU PRIMERA EXPOSICI\u00d3N INDIVIDUAL: PAISAJES BUC\u00d3LICOS, EN EL FORO PEDRO MIR DE LIBRER\u00cdA CUESTA."},"content":{"rendered":"<p><body><\/p>\n<p align=\"justify\"><strong class=\"titulogrande1\">JOS\u00c9 JAVIER P\u00c9REZ CONTRERAS, PINTOR TALENTO JUVENIL DOMINICANO,  PRESENTA SU PRIMERA EXPOSICI\u00d3N INDIVIDUAL: PAISAJES BUC\u00d3LICOS, EN EL FORO PEDRO  MIR DE LIBRER\u00cdA CUESTA.<\/strong> <br \/>&#13;<br \/>\n    <strong>\u00a0<\/strong> <\/p>\n<p>&#13;<\/p>\n<table border=\"0\" cellpadding=\"0\" align=\"right\">&#13;<\/p>\n<tr>&#13;<\/p>\n<td><\/td>\n<p>&#13;<br \/>\n  <\/tr>\n<p>&#13;<\/p>\n<tr>&#13;<\/p>\n<td><\/td>\n<p>&#13;<br \/>\n  <\/tr>\n<p>&#13;<\/p>\n<tr>&#13;<\/p>\n<td>\n<p align=\"center\">&#13;\n    <\/p>\n<\/td>\n<p>&#13;<br \/>\n  <\/tr>\n<p>&#13;<br \/>\n<\/table>\n<p>&#13;<\/p>\n<p align=\"justify\">&#13;<br \/>\n  <img loading=\"lazy\" decoding=\"async\" src=\"http:\/\/localhost:8080\/img\/pintor.jpg\" width=\"375\" height=\"284\" hspace=\"4\" align=\"left\" \/><span class=\"text1noticias\">Santo Domingo._ La pintura dominicana se enriquece con el joven talento <strong>JOS\u00c9  JAVIER P\u00c9REZ CONTRERAS<\/strong> quien a sus 14 a\u00f1os presentar\u00e1 su primera exposici\u00f3n  individual <strong><em>\u201cPAISAJES BUC\u00d3LICOS\u201d<\/em><\/strong> a partir de este <strong><u>jueves 5de  febrero de 2009 a las 6:00 p.m.<\/u><\/strong> en el Foro Pedro Mir de Librer\u00eda Cuesta  de Santo Domingo. <br \/>&#13;<br \/>\n  \u00a0 <br \/>&#13;<br \/>\n  La exposici\u00f3n individual <strong><em>\u201cPAISAJES BUC\u00d3LICOS\u201d<\/em><\/strong> est\u00e1  compuesta por 26 lienzos de distintos formatos, donde el adolescente muestra  sus habilidades desde que contaba con 12 a\u00f1os de edad hasta hoy. Cada obra  presenta paisajes campestres y marinas de marcado estilo impresionista muy  arraigadas en el costumbrismo utilizando la t\u00e9cnica acr\u00edlica. El p\u00fablico  tambi\u00e9n puede apreciar m\u00e1s de sus obras por Internet entrando a  josejavier.artelista.com <br \/>&#13;<br \/>\n  \u00a0 <br \/>&#13;<br \/>\n  <strong>JOS\u00c9 JAVIER P\u00c9REZ CONTRERAS<\/strong> naci\u00f3 el 7 de agosto del 1994 en  Santo Domingo, es hijo del Dr. Jos\u00e9 Rafael P\u00e9rez Mart\u00ednez y de la Sra. Raquel  Contreras Cuevas. Tiene tres hermanas: F\u00e9nix, Yamel y Natacha. Y tres hermanos:  Oscar, Joel y Jomar. Desde su temprana infancia daba muestras de su inclinaci\u00f3n  por el arte, hasta que a sus doce a\u00f1os, su principal maestro y mentor, el  renombrado pintor <strong>Alberto Houellemont<\/strong>, a quien debe el haber descubierto  su talento e incentivarlo, le ayuda a emerger sus dotes art\u00edsticas. En  Casa\u00a0Chav\u00f3n ha tomado tres cursos de dibujo con los profesores Carlos  Montesinos y Mark Lineweaver. Actualmente asiste a las Escuelas de Arte de  Eliostnet, Guillo P\u00e9rez, Cleila Genao y Mil\u00e1n Suero. El pintor Jorge Reina es  quien descubre el talento del artista, en un campamento de verano de los  Hermanos Bodden en el a\u00f1o 2006. A su corta edad, el joven artista ya ha  participado en varios concursos de arte obteniendo premios finalistas: <em>Concurso  Nacional de Pintura Nidia Sierra<\/em>, auspiciado por la Primera Dama, <strong>Dra. Margarita Cede\u00f1o de Fern\u00e1ndez<\/strong>.  A\u00f1os 2007 y 2008 consecutivamente. Ha participado en dos exposiciones  colectivas: Escuelas de Pintura Guillo P\u00e9rez y Cleila Genao. Ambas en el a\u00f1o  2008. <br \/>&#13;<br \/>\n  \u00a0 <br \/>&#13;<br \/>\n  <strong>Becas  JOS\u00c9 JAVIER<\/strong> <br \/>&#13;<br \/>\n  \u00a0 <br \/>&#13;<br \/>\n  Sus padres, en agradecimiento, han creado las <em><strong>\u00abBECAS JOS\u00c9 JAVIER\u00bb<\/strong><\/em> para estimular y desarrollar el talento art\u00edstico infantil. Incluyen tutor\u00eda y  materiales por un a\u00f1o y est\u00e1n dirigidas a ni\u00f1os y ni\u00f1asde 9 a\u00f1os o menores. La  primera beca ser\u00e1 en la Escuela de Pintura Eliosnet los s\u00e1bados en la ma\u00f1ana  donde asiste <strong>JOS\u00c9 JAVIER <\/strong>y sus hermanos. Para optar por una \u201cBeca Jos\u00e9 Javier\u201d deben  enviar los datos del menor y por lo menos una foto de un dibujo realizado por  \u00e9l\/ella, al correo <a href=\"mailto:j.jpc@hotmail.com\"><strong>j.jpc@hotmail.com<\/strong><\/a>. Se  anunciar\u00e1 el o la ganadora en la clausura de la exposici\u00f3n el <strong><u>jueves 19  del a\u00f1o 2009 en la Librer\u00eda Cuesta<\/u><\/strong>. M\u00e1s informaci\u00f3n: 809-702-5563. <br \/>&#13;<br \/>\n  \u00a0 <br \/>&#13;<br \/>\n  La exposici\u00f3n individual <strong><em>\u201cPAISAJES BUC\u00d3LICOS\u201d<\/em><\/strong>,  primera del joven talento <strong>JOS\u00c9 JAVIER P\u00c9REZ CONTRERAS<\/strong>, ser\u00e1 inaugurada  este <strong><u>jueves 5de febrero de 2009 a las 6:00 p.m.<\/u><\/strong> en el Foro Pedro  Mir de Librer\u00eda Cuesta, Centro Comercial Nacional, Ave. 27 de Febrero esq.  Abraham Lincoln, Santo Domingo.<\/span><\/p>\n<p>&#13;<\/p>\n<h6> 2009-02-05 15:28:58 <\/h6>\n<p><!--\n<link rel=\"stylesheet\" href=\"css\/bootstrap.min.css\">\n\n\n<ul class=\"pagination\">\n\t    \n\t\n\n<li >\n\t<a href='?page_no=22039'>Previous<\/a>\n\t<\/li>\n\n\n       \n    \n\n<li><a href='?page_no=1'>1<\/a><\/li>\n\n\n\n<li><a href='?page_no=2'>2<\/a><\/li>\n\n\n\n<li><a>...<\/a><\/li>\n\n\n\n<li><a href='?page_no=22038'>22038<\/a><\/li>\n\n\n\n<li><a href='?page_no=22039'>22039<\/a><\/li>\n\n\n\n<li class='active'><a>22040<\/a><\/li>\n\n\n\n<li><a href='?page_no=22041'>22041<\/a><\/li>\n\n\n\n<li><a href='?page_no=22042'>22042<\/a><\/li>\n\n\n\n<li><a>...<\/a><\/li>\n\n\n\n<li><a href='?page_no=22911'>22911<\/a><\/li>\n\n\n\n<li><a href='?page_no=22912'>22912<\/a><\/li>\n\n    \n\t\n\n<li >\n\t<a href='?page_no=22041'>Next<\/a>\n\t<\/li>\n\n\n    \n\n<li><a href='?page_no=22912'>Last &rsaquo;&rsaquo;<\/a><\/li>\n\n<\/ul>\n\n\n--><br \/>\n<\/body><\/p>\n","protected":false},"excerpt":{"rendered":"<p>JOS\u00c9 JAVIER P\u00c9REZ CONTRERAS, PINTOR TALENTO JUVENIL DOMINICANO, PRESENTA SU PRIMERA EXPOSICI\u00d3N INDIVIDUAL: PAISAJES BUC\u00d3LICOS, EN EL FORO PEDRO MIR DE LIBRER\u00cdA CUESTA. &#13; \u00a0 &#13; &#13; &#13; &#13; &#13; &#13; &#13; &#13; &#13; &#13; &#13; &#13; &#13; &#13; Santo Domingo._ La pintura dominicana se enriquece con el joven talento JOS\u00c9 JAVIER P\u00c9REZ CONTRERAS quien [&hellip;]<\/p>\n","protected":false},"author":3,"featured_media":0,"comment_status":"open","ping_status":"open","sticky":false,"template":"","format":"standard","meta":{"footnotes":""},"categories":[21],"tags":[],"class_list":["post-70362","post","type-post","status-publish","format-standard","hentry","category-cultura"],"_links":{"self":[{"href":"https:\/\/diariodominicano.com\/index.php?rest_route=\/wp\/v2\/posts\/70362","targetHints":{"allow":["GET"]}}],"collection":[{"href":"https:\/\/diariodominicano.com\/index.php?rest_route=\/wp\/v2\/posts"}],"about":[{"href":"https:\/\/diariodominicano.com\/index.php?rest_route=\/wp\/v2\/types\/post"}],"author":[{"embeddable":true,"href":"https:\/\/diariodominicano.com\/index.php?rest_route=\/wp\/v2\/users\/3"}],"replies":[{"embeddable":true,"href":"https:\/\/diariodominicano.com\/index.php?rest_route=%2Fwp%2Fv2%2Fcomments&post=70362"}],"version-history":[{"count":0,"href":"https:\/\/diariodominicano.com\/index.php?rest_route=\/wp\/v2\/posts\/70362\/revisions"}],"wp:attachment":[{"href":"https:\/\/diariodominicano.com\/index.php?rest_route=%2Fwp%2Fv2%2Fmedia&parent=70362"}],"wp:term":[{"taxonomy":"category","embeddable":true,"href":"https:\/\/diariodominicano.com\/index.php?rest_route=%2Fwp%2Fv2%2Fcategories&post=70362"},{"taxonomy":"post_tag","embeddable":true,"href":"https:\/\/diariodominicano.com\/index.php?rest_route=%2Fwp%2Fv2%2Ftags&post=70362"}],"curies":[{"name":"wp","href":"https:\/\/api.w.org\/{rel}","templated":true}]}}