{"id":70360,"date":"2009-02-05T20:17:52","date_gmt":"2009-02-05T20:17:52","guid":{"rendered":"http:\/\/diariodominicano.ddns.net\/?p=70360"},"modified":"2009-02-05T20:17:52","modified_gmt":"2009-02-05T20:17:52","slug":"banda-de-musica-cumple-104-anos","status":"publish","type":"post","link":"https:\/\/diariodominicano.com\/?p=70360","title":{"rendered":"BANDA DE MUSICA CUMPLE \u00a1104 A\u00d1OS!"},"content":{"rendered":"<p><body><\/p>\n<p class=\"titulogrande1\"><strong>BANDA  DE MUSICA CUMPLE \u00a1104 A\u00d1OS!<\/strong><\/p>\n<p>&#13;<\/p>\n<p align=\"justify\" class=\"text1noticias\"><strong><img loading=\"lazy\" decoding=\"async\" src=\"http:\/\/localhost:8080\/img\/bandax.jpg\" width=\"375\" height=\"536\" hspace=\"4\" align=\"left\" \/>SANTIAGO.-<\/strong>La    Banda Municipal de M\u00fasica, de esta ciudad,  arriba este jueves 5 de febrero a sus \u00a1104 a\u00f1os de fundada! lo que la convierte  en decana de las orquestas municipales en Rep\u00fablica Dominicana.<\/p>\n<p>&#13;<\/p>\n<p align=\"justify\" class=\"text1noticias\">La fecha ser\u00e1 celebrada  modestamente por el cabildo, inform\u00f3 el director del Departamento de Cultura,  licenciado Claudio Marte, por intermedio de la direcci\u00f3n de Comunicaciones y  Relaciones P\u00fablicas.<\/p>\n<p>&#13;<\/p>\n<p align=\"justify\" class=\"text1noticias\">El principal acto programado  es la colocaci\u00f3n, como se hace cada a\u00f1o, de una ofrenda floral en el Pante\u00f3n de  los M\u00fasicos, ubicado en el Cementerio de la 30 de Marzo, de esta ciudad, adelant\u00f3  Marte.<\/p>\n<p>&#13;<\/p>\n<p align=\"justify\" class=\"text1noticias\">Funcionarios del Ayuntamiento,  el director de la Banda Municipal  de M\u00fasica V\u00edctor Batista y otros miembros de la agrupaci\u00f3n acudir\u00e1n \u00a0a \u00a0las  10:00 de la ma\u00f1ana de este jueves al cementerio, para cumplir con este  objetivo.<\/p>\n<p>&#13;<\/p>\n<p align=\"justify\" class=\"text1noticias\"> El sindico Jos\u00e9 Enrique Sued  Sem, en un mensaje, felicit\u00f3 de todo coraz\u00f3n a la Banda de M\u00fasica en la  persona de su director V\u00edctor Batista, y consider\u00f3 a esta agrupaci\u00f3n\u00a0 como un valioso activo\u00a0 a favor de la cultura y la recreaci\u00f3n.<\/p>\n<p>&#13;<\/p>\n<p align=\"justify\" class=\"text1noticias\">\u201cEstos 104 a\u00f1os que cumple  nuestra Banda de M\u00fasica, este jueves 5 de febrero, deben significar un s\u00edmbolo  de orgullo no solo para los santiagueros sino para todos los dominicanos en  sentido general\u201d, precis\u00f3 el ejecutivo en su felicitaci\u00f3n.<\/p>\n<p>&#13;<\/p>\n<p align=\"justify\" class=\"text1noticias\">El que el colectivo haya  podido llegar a este aniversario, Sued Sem lo considera como una proeza que  implica respeto y devoci\u00f3n al servicio institucional, por lo que la  felicitaci\u00f3n que le env\u00eda a sus miembros\u00a0  \u201ces doble\u201d.<\/p>\n<p>&#13;<\/p>\n<p align=\"justify\" class=\"text1noticias\">Esta instituci\u00f3n musical fue  fundada justamente el 5 de febrero \u00a1del 1905! por el recordado e ilustre  maestro santiaguense Don Ram\u00f3n Emilio Peralta, hacedor espiritual de m\u00e1s de  tres generaciones de m\u00fasicos.<\/p>\n<p>&#13;<\/p>\n<p align=\"justify\" class=\"text1noticias\">Tiempo despu\u00e9s tambi\u00e9n prest\u00f3\u00a0 su valioso concurso como subdirector de la Banda y de la Academia de M\u00fasica, el  celebre maestro y compositor\u00a0 -adem\u00e1s de  destacado m\u00fasico- Juan Ovidio Garc\u00eda.<\/p>\n<p>&#13;<\/p>\n<p align=\"justify\" class=\"text1noticias\">El colectivo musical, que  desde el 27 de septiembre del 1988 est\u00e1 bajo la direcci\u00f3n del maestro V\u00edctor  Batista, ve llegar sus 104 a\u00f1os en medio del esplendor ya que, gracias\u00a0 la visi\u00f3n del sindico Sued, cuenta con un  moderno local para celebrar sus reuniones y dem\u00e1s actividades.<\/p>\n<p>&#13;<\/p>\n<p align=\"justify\" class=\"text1noticias\">Por esta agrupaci\u00f3n han  desfilado figuras de la talla de Julio Alberto Hern\u00e1ndez, Jhonny Pacheco,  Tavito V\u00e1squez, Juan Francisco Garc\u00eda, Julio E. Garc\u00eda y Federico Camejo, as\u00ed  como otras luminarias de la m\u00fasica cl\u00e1sica y popular.<\/p>\n<p>&#13;<\/p>\n<h6> 2009-02-05 20:17:52 <\/h6>\n<p><!--\n<link rel=\"stylesheet\" href=\"css\/bootstrap.min.css\">\n\n\n<ul class=\"pagination\">\n\t    \n\t\n\n<li >\n\t<a href='?page_no=22037'>Previous<\/a>\n\t<\/li>\n\n\n       \n    \n\n<li><a href='?page_no=1'>1<\/a><\/li>\n\n\n\n<li><a href='?page_no=2'>2<\/a><\/li>\n\n\n\n<li><a>...<\/a><\/li>\n\n\n\n<li><a href='?page_no=22036'>22036<\/a><\/li>\n\n\n\n<li><a href='?page_no=22037'>22037<\/a><\/li>\n\n\n\n<li class='active'><a>22038<\/a><\/li>\n\n\n\n<li><a href='?page_no=22039'>22039<\/a><\/li>\n\n\n\n<li><a href='?page_no=22040'>22040<\/a><\/li>\n\n\n\n<li><a>...<\/a><\/li>\n\n\n\n<li><a href='?page_no=22911'>22911<\/a><\/li>\n\n\n\n<li><a href='?page_no=22912'>22912<\/a><\/li>\n\n    \n\t\n\n<li >\n\t<a href='?page_no=22039'>Next<\/a>\n\t<\/li>\n\n\n    \n\n<li><a href='?page_no=22912'>Last &rsaquo;&rsaquo;<\/a><\/li>\n\n<\/ul>\n\n\n--><br \/>\n<\/body><\/p>\n","protected":false},"excerpt":{"rendered":"<p>BANDA DE MUSICA CUMPLE \u00a1104 A\u00d1OS! &#13; SANTIAGO.-La Banda Municipal de M\u00fasica, de esta ciudad, arriba este jueves 5 de febrero a sus \u00a1104 a\u00f1os de fundada! lo que la convierte en decana de las orquestas municipales en Rep\u00fablica Dominicana. &#13; La fecha ser\u00e1 celebrada modestamente por el cabildo, inform\u00f3 el director del Departamento de [&hellip;]<\/p>\n","protected":false},"author":3,"featured_media":0,"comment_status":"open","ping_status":"open","sticky":false,"template":"","format":"standard","meta":{"footnotes":""},"categories":[21],"tags":[],"class_list":["post-70360","post","type-post","status-publish","format-standard","hentry","category-cultura"],"_links":{"self":[{"href":"https:\/\/diariodominicano.com\/index.php?rest_route=\/wp\/v2\/posts\/70360","targetHints":{"allow":["GET"]}}],"collection":[{"href":"https:\/\/diariodominicano.com\/index.php?rest_route=\/wp\/v2\/posts"}],"about":[{"href":"https:\/\/diariodominicano.com\/index.php?rest_route=\/wp\/v2\/types\/post"}],"author":[{"embeddable":true,"href":"https:\/\/diariodominicano.com\/index.php?rest_route=\/wp\/v2\/users\/3"}],"replies":[{"embeddable":true,"href":"https:\/\/diariodominicano.com\/index.php?rest_route=%2Fwp%2Fv2%2Fcomments&post=70360"}],"version-history":[{"count":0,"href":"https:\/\/diariodominicano.com\/index.php?rest_route=\/wp\/v2\/posts\/70360\/revisions"}],"wp:attachment":[{"href":"https:\/\/diariodominicano.com\/index.php?rest_route=%2Fwp%2Fv2%2Fmedia&parent=70360"}],"wp:term":[{"taxonomy":"category","embeddable":true,"href":"https:\/\/diariodominicano.com\/index.php?rest_route=%2Fwp%2Fv2%2Fcategories&post=70360"},{"taxonomy":"post_tag","embeddable":true,"href":"https:\/\/diariodominicano.com\/index.php?rest_route=%2Fwp%2Fv2%2Ftags&post=70360"}],"curies":[{"name":"wp","href":"https:\/\/api.w.org\/{rel}","templated":true}]}}