{"id":70358,"date":"2009-02-06T16:32:48","date_gmt":"2009-02-06T16:32:48","guid":{"rendered":"http:\/\/diariodominicano.ddns.net\/?p=70358"},"modified":"2009-02-06T16:32:48","modified_gmt":"2009-02-06T16:32:48","slug":"pat-pereyra-en-concierto-luna-de-agua","status":"publish","type":"post","link":"https:\/\/diariodominicano.com\/?p=70358","title":{"rendered":"PAT PEREYRA EN CONCIERTO: \u201cLUNA DE AGUA\u201d"},"content":{"rendered":"<p><body><\/p>\n<p align=\"justify\"><span class=\"titulogrande1\"><strong>PAT PEREYRA EN  CONCIERTO:<\/strong> <strong>\u201cLUNA DE AGUA\u201d<\/strong><\/span> <br \/>&#13;<br \/>\n  <br \/>&#13;<br \/>\n    <strong>En la 37 por Las Tablas<\/strong> <br \/>&#13;<br \/>\n  \u00a0 <br \/>&#13;<br \/>\n  <span class=\"text1noticias\">Santiago, R.D._ No importa el \u00e1ngulo desde  d\u00f3nde se mire, la luna siempre ha ejercido una extra\u00f1a fascinaci\u00f3n sobre todos  los que la observamos.\u00a0En el cielo nocturno, sin revelar todav\u00eda su forma,  nos parece un observador furtivo escondido tras columnas de nubes o la simple  oscuridad que la sujeta. Si nos topamos con su reflejo en el r\u00edo escritores,  poetas, m\u00fasicos y\u00a0trovadores concuerdan en que se encuentran ante una  beldad hechicera. Sin embargo, en la noche del <strong><u>s\u00e1bado 7 de febrero<\/u><\/strong>,  sobre el escenario de <em>La 37 por las Tablas<\/em>, la luna tomar\u00e1 otra forma y  ante nuestros o\u00eddos se rendir\u00e1 hasta\u00a0volverse agua bajo el influjo de la  c\u00e1lida y melodiosa voz de una de las int\u00e9rpretes femeninas m\u00e1s importantes de  todos los tiempos en nuestro pa\u00eds, <strong>PAT PEREYRA<\/strong>, quien estar\u00e1 presentando  su esperado concierto <strong><em>\u201cLUNA DE AGUA\u201d<\/em><\/strong>. <br \/>&#13;<br \/>\n  <br \/>&#13;<br \/>\n  Montada en una nube, <strong>PAT PEREYRA<\/strong> dar\u00e1 nueva vida y luz a las piezas m\u00e1s importantes de su repertorio, y siempre  acompa\u00f1ada de su infalible sat\u00e9lite musical llamado <strong>TIZANA<\/strong>, bajo la  direcci\u00f3n musical de <strong>Dionisio de Moya<\/strong> en la guitarra e integrado por los  m\u00e1s que capaces y respetados <strong>Rafelito Mirabal<\/strong> en los teclados, <strong>Arturo  Saleta <\/strong>en la bater\u00eda, <strong>Edward Olivo<\/strong> en el bajo, <strong>Cuk\u00edn Curiel<\/strong> en percusiones y <strong>Rocky Raful<\/strong> en la guitarra. G\u00e9neros como el jazz, el  blues, el rock y llegando hasta el bolero se dar\u00e1n cita esa noche para llevar  al p\u00fablico a un inolvidable viaje por el personal estilo de <strong>PAT PEREYRA<\/strong>,  envolvi\u00e9ndonos en un aura que derrita nuestras defensas hasta entrar en su reino  de la <strong><em>\u201cLUNA DE AGUA\u201d<\/em><\/strong>. Invitados especiales: <strong><em>Gente Com\u00fan<\/em><\/strong>, <strong><em>Karim L\u00f3pez<\/em><\/strong>, <strong><em>Mar\u00eda Ligia Grull\u00f3n<\/em><\/strong> y<strong><em> Samuel  Gonz\u00e1lez<\/em><\/strong>. <br \/>&#13;<br \/>\n  \u00a0 <br \/>&#13;<br \/>\n  <strong><em>\u201cPAT PEREYRA: LUNA DE  AGUA\u201d<\/em><\/strong> se presentar\u00e1 el <strong><u>s\u00e1bado 7 de  febrero a las 8:30 de la noche en la 37 por las Tablas, Calle Benito Monci\u00f3n  #37, Santiago, Rep\u00fablica Dominicana<\/u><\/strong>, a un costo de <strong><u>200 pesos por  persona<\/u><\/strong>. Est\u00e1n avisados. Presencien la magia. <\/span><\/p>\n<p>&#13;<\/p>\n<h6> 2009-02-06 16:32:48 <\/h6>\n<p><!--\n<link rel=\"stylesheet\" href=\"css\/bootstrap.min.css\">\n\n\n<ul class=\"pagination\">\n\t    \n\t\n\n<li >\n\t<a href='?page_no=22035'>Previous<\/a>\n\t<\/li>\n\n\n       \n    \n\n<li><a href='?page_no=1'>1<\/a><\/li>\n\n\n\n<li><a href='?page_no=2'>2<\/a><\/li>\n\n\n\n<li><a>...<\/a><\/li>\n\n\n\n<li><a href='?page_no=22034'>22034<\/a><\/li>\n\n\n\n<li><a href='?page_no=22035'>22035<\/a><\/li>\n\n\n\n<li class='active'><a>22036<\/a><\/li>\n\n\n\n<li><a href='?page_no=22037'>22037<\/a><\/li>\n\n\n\n<li><a href='?page_no=22038'>22038<\/a><\/li>\n\n\n\n<li><a>...<\/a><\/li>\n\n\n\n<li><a href='?page_no=22911'>22911<\/a><\/li>\n\n\n\n<li><a href='?page_no=22912'>22912<\/a><\/li>\n\n    \n\t\n\n<li >\n\t<a href='?page_no=22037'>Next<\/a>\n\t<\/li>\n\n\n    \n\n<li><a href='?page_no=22912'>Last &rsaquo;&rsaquo;<\/a><\/li>\n\n<\/ul>\n\n\n--><br \/>\n<\/body><\/p>\n","protected":false},"excerpt":{"rendered":"<p>PAT PEREYRA EN CONCIERTO: \u201cLUNA DE AGUA\u201d &#13; &#13; En la 37 por Las Tablas &#13; \u00a0 &#13; Santiago, R.D._ No importa el \u00e1ngulo desde d\u00f3nde se mire, la luna siempre ha ejercido una extra\u00f1a fascinaci\u00f3n sobre todos los que la observamos.\u00a0En el cielo nocturno, sin revelar todav\u00eda su forma, nos parece un observador furtivo [&hellip;]<\/p>\n","protected":false},"author":3,"featured_media":0,"comment_status":"open","ping_status":"open","sticky":false,"template":"","format":"standard","meta":{"footnotes":""},"categories":[21],"tags":[],"class_list":["post-70358","post","type-post","status-publish","format-standard","hentry","category-cultura"],"_links":{"self":[{"href":"https:\/\/diariodominicano.com\/index.php?rest_route=\/wp\/v2\/posts\/70358","targetHints":{"allow":["GET"]}}],"collection":[{"href":"https:\/\/diariodominicano.com\/index.php?rest_route=\/wp\/v2\/posts"}],"about":[{"href":"https:\/\/diariodominicano.com\/index.php?rest_route=\/wp\/v2\/types\/post"}],"author":[{"embeddable":true,"href":"https:\/\/diariodominicano.com\/index.php?rest_route=\/wp\/v2\/users\/3"}],"replies":[{"embeddable":true,"href":"https:\/\/diariodominicano.com\/index.php?rest_route=%2Fwp%2Fv2%2Fcomments&post=70358"}],"version-history":[{"count":0,"href":"https:\/\/diariodominicano.com\/index.php?rest_route=\/wp\/v2\/posts\/70358\/revisions"}],"wp:attachment":[{"href":"https:\/\/diariodominicano.com\/index.php?rest_route=%2Fwp%2Fv2%2Fmedia&parent=70358"}],"wp:term":[{"taxonomy":"category","embeddable":true,"href":"https:\/\/diariodominicano.com\/index.php?rest_route=%2Fwp%2Fv2%2Fcategories&post=70358"},{"taxonomy":"post_tag","embeddable":true,"href":"https:\/\/diariodominicano.com\/index.php?rest_route=%2Fwp%2Fv2%2Ftags&post=70358"}],"curies":[{"name":"wp","href":"https:\/\/api.w.org\/{rel}","templated":true}]}}