{"id":70357,"date":"2009-02-06T19:39:16","date_gmt":"2009-02-06T19:39:16","guid":{"rendered":"http:\/\/diariodominicano.ddns.net\/?p=70357"},"modified":"2009-02-06T19:39:16","modified_gmt":"2009-02-06T19:39:16","slug":"ponen-en-circulacion-matasello-alusivo-al-mes-de-la-patria","status":"publish","type":"post","link":"https:\/\/diariodominicano.com\/?p=70357","title":{"rendered":"Ponen en circulaci\u00f3n Matasello alusivo al Mes de la Patria"},"content":{"rendered":"<p><body><\/p>\n<p class=\"titulogrande1\"><strong><em>Ponen en circulaci\u00f3n Matasello alusivo  al Mes de la Patria\u00a0 <\/em><\/strong><\/p>\n<p>&#13;<\/p>\n<p>\u00a0<\/p>\n<p>&#13;<\/p>\n<p align=\"justify\" class=\"text1noticias\"><img loading=\"lazy\" decoding=\"async\" src=\"http:\/\/localhost:8080\/img\/efemer.jpg\" width=\"375\" height=\"285\" hspace=\"4\" align=\"left\" \/>Con motivo de las celebraciones  preparadas para conmemorar el 196 Aniversario de la Fundaci\u00f3n de la Rep\u00fablica, el Instituto  Postal Dominicano (Inposdom)\u00a0 y la Comisi\u00f3n Permanente  de Efem\u00e9rides Patrias, pusieron en circulaci\u00f3n un matasello alusivo a la  celebraci\u00f3n del Mes de la   Patria.<br \/>&#13;<br \/>\n  <br \/>&#13;<br \/>\n  Con este Matasello, ambas  instituciones hacen constar a los usuarios de los servicios de correo que desde  el pasado 26 de enero, fecha de nacimiento del patricio Juan Pablo Duarte, el  pa\u00eds est\u00e1 inmerso en la conmemoraci\u00f3n de fechas hist\u00f3ricas claves del  nacimiento de la Naci\u00f3n Dominicana.\u00a0 <br \/>&#13;<br \/>\n  <br \/>&#13;<br \/>\n  El Parque Independencia fue el  lugar elegido para la puesta en circulaci\u00f3n, en un acto que por primera vez se  hace abierto al p\u00fablico y que fue encabezado por los rectores de estos  organismos.<br \/>&#13;<br \/>\n  <br \/>&#13;<br \/>\n  El licenciado Juan Daniel  Balc\u00e1cer, presidente de la Comisi\u00f3n Permanente de Efem\u00e9rides Patrias, estuvo  acompa\u00f1ado por el licenciado F\u00e9lix Daniel Paulino, subdirector administrativo  del Inposdom, en representaci\u00f3n del doctor Modesto Guzm\u00e1n, y por el profesor  Jos\u00e9 Joaqu\u00edn P\u00e9rez Savi\u00f1\u00f3n, presidente del Instituto Duartiano, entre otras  personalidades y funcionarios.<br \/>&#13;<br \/>\n  <br \/>&#13;<br \/>\n  La importancia de este Matasellos  dentro de las iniciativas de la celebraci\u00f3n del Mes de la Patria es que permite \u201cinculcar  entre j\u00f3venes y ni\u00f1os los valores patrios, legados por los prohombres de la Independencia y la Restauraci\u00f3n de la Rep\u00fablica\u201d.<br \/>&#13;<br \/>\n  <br \/>&#13;<br \/>\n  El licenciado Juan Daniel  Balc\u00e1cer llam\u00f3 a la poblaci\u00f3n dominicana a sumarse a las actividades  programadas por Efem\u00e9rides Patrias y la Presidencia de la Rep\u00fablica para que la  familia sea la beneficiaria principal de los valores legados por los Padres de la Patria.<br \/>&#13;<br \/>\n  <br \/>&#13;<br \/>\n  El coro de la profesora Marianela  S\u00e1nchez interpret\u00f3 tanto el Himno Nacional como el Himno a la Bandera durante el  encuentro.<br \/>&#13;<br \/>\n  <br \/>&#13;<br \/>\n  El matasello es una estampilla  que invalida el sello como franqueo postal de las cartas, en el momento de  entregarse en las administraciones de correos para impedir su reutilizaci\u00f3n. <\/p>\n<p>&#13;<\/p>\n<h6> 2009-02-06 19:39:16 <\/h6>\n<p><!--\n<link rel=\"stylesheet\" href=\"css\/bootstrap.min.css\">\n\n\n<ul class=\"pagination\">\n\t    \n\t\n\n<li >\n\t<a href='?page_no=22034'>Previous<\/a>\n\t<\/li>\n\n\n       \n    \n\n<li><a href='?page_no=1'>1<\/a><\/li>\n\n\n\n<li><a href='?page_no=2'>2<\/a><\/li>\n\n\n\n<li><a>...<\/a><\/li>\n\n\n\n<li><a href='?page_no=22033'>22033<\/a><\/li>\n\n\n\n<li><a href='?page_no=22034'>22034<\/a><\/li>\n\n\n\n<li class='active'><a>22035<\/a><\/li>\n\n\n\n<li><a href='?page_no=22036'>22036<\/a><\/li>\n\n\n\n<li><a href='?page_no=22037'>22037<\/a><\/li>\n\n\n\n<li><a>...<\/a><\/li>\n\n\n\n<li><a href='?page_no=22911'>22911<\/a><\/li>\n\n\n\n<li><a href='?page_no=22912'>22912<\/a><\/li>\n\n    \n\t\n\n<li >\n\t<a href='?page_no=22036'>Next<\/a>\n\t<\/li>\n\n\n    \n\n<li><a href='?page_no=22912'>Last &rsaquo;&rsaquo;<\/a><\/li>\n\n<\/ul>\n\n\n--><br \/>\n<\/body><\/p>\n","protected":false},"excerpt":{"rendered":"<p>Ponen en circulaci\u00f3n Matasello alusivo al Mes de la Patria\u00a0 &#13; \u00a0 &#13; Con motivo de las celebraciones preparadas para conmemorar el 196 Aniversario de la Fundaci\u00f3n de la Rep\u00fablica, el Instituto Postal Dominicano (Inposdom)\u00a0 y la Comisi\u00f3n Permanente de Efem\u00e9rides Patrias, pusieron en circulaci\u00f3n un matasello alusivo a la celebraci\u00f3n del Mes de la [&hellip;]<\/p>\n","protected":false},"author":3,"featured_media":0,"comment_status":"open","ping_status":"open","sticky":false,"template":"","format":"standard","meta":{"footnotes":""},"categories":[21],"tags":[],"class_list":["post-70357","post","type-post","status-publish","format-standard","hentry","category-cultura"],"_links":{"self":[{"href":"https:\/\/diariodominicano.com\/index.php?rest_route=\/wp\/v2\/posts\/70357","targetHints":{"allow":["GET"]}}],"collection":[{"href":"https:\/\/diariodominicano.com\/index.php?rest_route=\/wp\/v2\/posts"}],"about":[{"href":"https:\/\/diariodominicano.com\/index.php?rest_route=\/wp\/v2\/types\/post"}],"author":[{"embeddable":true,"href":"https:\/\/diariodominicano.com\/index.php?rest_route=\/wp\/v2\/users\/3"}],"replies":[{"embeddable":true,"href":"https:\/\/diariodominicano.com\/index.php?rest_route=%2Fwp%2Fv2%2Fcomments&post=70357"}],"version-history":[{"count":0,"href":"https:\/\/diariodominicano.com\/index.php?rest_route=\/wp\/v2\/posts\/70357\/revisions"}],"wp:attachment":[{"href":"https:\/\/diariodominicano.com\/index.php?rest_route=%2Fwp%2Fv2%2Fmedia&parent=70357"}],"wp:term":[{"taxonomy":"category","embeddable":true,"href":"https:\/\/diariodominicano.com\/index.php?rest_route=%2Fwp%2Fv2%2Fcategories&post=70357"},{"taxonomy":"post_tag","embeddable":true,"href":"https:\/\/diariodominicano.com\/index.php?rest_route=%2Fwp%2Fv2%2Ftags&post=70357"}],"curies":[{"name":"wp","href":"https:\/\/api.w.org\/{rel}","templated":true}]}}