{"id":70355,"date":"2009-02-09T16:05:56","date_gmt":"2009-02-09T16:05:56","guid":{"rendered":"http:\/\/diariodominicano.ddns.net\/?p=70355"},"modified":"2009-02-09T16:05:56","modified_gmt":"2009-02-09T16:05:56","slug":"dan-a-conocer-polo-cientifico-y-tecnologico","status":"publish","type":"post","link":"https:\/\/diariodominicano.com\/?p=70355","title":{"rendered":"Dan a conocer Polo Cient\u00edfico y Tecnol\u00f3gico"},"content":{"rendered":"<p><body><\/p>\n<p><strong><u>Entidades publicas y  privadas<\/u><\/strong><\/p>\n<p>&#13;<\/p>\n<p class=\"titulogrande1\"><strong>Dan a conocer Polo Cient\u00edfico  y Tecnol\u00f3gico<\/strong><\/p>\n<p>&#13;<\/p>\n<p align=\"justify\" class=\"text1noticias\"><strong><img loading=\"lazy\" decoding=\"async\" src=\"http:\/\/localhost:8080\/img\/poloz.jpg\" width=\"375\" height=\"250\" hspace=\"4\" align=\"left\" \/>SANTO DOMINGO.-<\/strong> Con el objetivo de colocar\u00a0 a la  Rep\u00fablica Dominicana entre los pa\u00edses\u00a0 del mundo que trabajan y  participan\u00a0 en escenarios cient\u00edficos tecnol\u00f3gicos y de innovaci\u00f3n, fue dado  a conocer lo que ser\u00e1 el<em><strong>Polo Cient\u00edfico Tecnol\u00f3gico e Innovaci\u00f3n del Noroeste de Santo Domingo<\/strong>, \u00a0el cual \u00a0agrupar\u00e1 \u00a0<\/em>importantes instituciones del pa\u00eds.<br \/>&#13;<br \/>\n  <br \/>&#13;<br \/>\n  Al encabezar una rueda de prensa, los doctores Miguel Escala, Rector de  INTEC, y Bernarda Castillo, Directora Ejecutiva del IIBI, ofrecieron detalles  de esta iniciativa que tambi\u00e9n tiene\u00a0  como fin unificar esfuerzos y eficientizar entre las instituciones  publicas y privadas para \u00a0desarrollar  acciones de investigaci\u00f3n, capacitaci\u00f3n y divulgaci\u00f3n cient\u00edficas tecnol\u00f3gicas  y de innovaci\u00f3n,\u00a0 que contribuyan a una mayor competitividad del pa\u00eds, al  desarrollo nacional, y al mejoramiento de las condiciones de vida de todos los  dominicanos.<br \/>&#13;<br \/>\n  <br \/>&#13;<br \/>\n  Miguel Escala indic\u00f3 que a parte de INTEC y  el IIBI tambi\u00e9n participaran instituciones como el Centro de Exportaci\u00f3n e Inversiones  (CEI-RD), el Centro para el Desarrollo\u00a0 Agropecuario y Forestal (Cedaf),  del Instituto Dominicano de Investigaciones Agropecuarias y Forestales,  \u00a0y\u00a0 del Jard\u00edn Bot\u00e1nico.\u00a0 <\/p>\n<p>&#13;<\/p>\n<p align=\"justify\" class=\"text1noticias\">Adem\u00e1s, \u00a0representantes de la Secretar\u00eda de Estado de  Educaci\u00f3n Superior, Ciencia y Tecnolog\u00eda, (SEESCYT), Oficina Nacional de la Propiedad Industrial,  (ONAPI),\u00a0 Consejo Nacional de Competitividad, (CNC), la Superintendencia  de Valores, Pro-INDUSTRIA\u00a0 y\u00a0 la Federaci\u00f3n de Asociaciones  Industriales de Herrera.<br \/>&#13;<br \/>\n  <br \/>&#13;<br \/>\n  Explic\u00f3 el  rector de INTEC que mediante  el Polo Cient\u00edfico se realizar\u00e1n proyectos conjuntos de investigaci\u00f3n,\u00a0  programas de postgrado que sirvan para adem\u00e1s de formar personal en estudios  avanzados, favorecer\u00a0 en la poblaci\u00f3n dominicana el desarrollo de las  investigaciones. <br \/>&#13;<br \/>\n  <br \/>&#13;<br \/>\n\u201cAdem\u00e1s de esto crear\u00a0 un espacio de comunicaci\u00f3n entre las  empresas y las instituciones que realizan investigaciones cient\u00edficas,  fortalecer los lazos con entidades similares y redes de investigaci\u00f3n nacional  e internacional. Tambi\u00e9n, realizar de manera conjunta\u00a0 talleres,  conferencias, seminarios y congresos, con el prop\u00f3sito de desarrollar acciones  de incidencia pol\u00edtica\u201d, sostuvo.<br \/>&#13;<br \/>\n<br \/>&#13;<br \/>\n  <em>De igual  forma, <\/em>el Polo Cient\u00edfico\u00a0 se constituye  como una uni\u00f3n de instituciones p\u00fablicas y privadas, as\u00ed como de representantes  del sector empresarial que comparten un mismo espacio geogr\u00e1fico de la ciudad  de Santo Domingo y \u00a0\u00a0que est\u00e1n conscientes de que \u00a0los avances  en el campo cient\u00edfico tecnol\u00f3gico y de la innovaci\u00f3n son claves para asegurar  la competitividad del pa\u00eds y un desarrollo nacional sostenible.\u00a0 <br \/>&#13;<br \/>\n  <br \/>&#13;<br \/>\n  Fue una decisi\u00f3n para unir esfuerzos y sumar eficiencias para  acelerar los avances que la naci\u00f3n requiere y para colaborar en el  fortalecimiento del Sistema Nacional de Innovaci\u00f3n y Desarrollo Tecnol\u00f3gico,  previsto en el Decreto 190-07.<br \/>&#13;<br \/>\n  <br \/>&#13;<br \/>\n  El espacio  geogr\u00e1fico de la ciudad de Santo Domingo donde se encuentran ubicadas estas  instituciones que conforman \u00a0el Polo Cient\u00edfico est\u00e1 delimitado por la avenida  27 de febrero al sur, por la   Ave. Tiradentes al este, por el R\u00edo Isabela hacia el Norte, y  el Km. 22 de la   Autopista Duarte hacia el Oeste.\u00a0 <\/p>\n<p>&#13;<\/p>\n<h6> 2009-02-09 16:05:56 <\/h6>\n<p><!--\n<link rel=\"stylesheet\" href=\"css\/bootstrap.min.css\">\n\n\n<ul class=\"pagination\">\n\t    \n\t\n\n<li >\n\t<a href='?page_no=22032'>Previous<\/a>\n\t<\/li>\n\n\n       \n    \n\n<li><a href='?page_no=1'>1<\/a><\/li>\n\n\n\n<li><a href='?page_no=2'>2<\/a><\/li>\n\n\n\n<li><a>...<\/a><\/li>\n\n\n\n<li><a href='?page_no=22031'>22031<\/a><\/li>\n\n\n\n<li><a href='?page_no=22032'>22032<\/a><\/li>\n\n\n\n<li class='active'><a>22033<\/a><\/li>\n\n\n\n<li><a href='?page_no=22034'>22034<\/a><\/li>\n\n\n\n<li><a href='?page_no=22035'>22035<\/a><\/li>\n\n\n\n<li><a>...<\/a><\/li>\n\n\n\n<li><a href='?page_no=22911'>22911<\/a><\/li>\n\n\n\n<li><a href='?page_no=22912'>22912<\/a><\/li>\n\n    \n\t\n\n<li >\n\t<a href='?page_no=22034'>Next<\/a>\n\t<\/li>\n\n\n    \n\n<li><a href='?page_no=22912'>Last &rsaquo;&rsaquo;<\/a><\/li>\n\n<\/ul>\n\n\n--><br \/>\n<\/body><\/p>\n","protected":false},"excerpt":{"rendered":"<p>Entidades publicas y privadas &#13; Dan a conocer Polo Cient\u00edfico y Tecnol\u00f3gico &#13; SANTO DOMINGO.- Con el objetivo de colocar\u00a0 a la Rep\u00fablica Dominicana entre los pa\u00edses\u00a0 del mundo que trabajan y participan\u00a0 en escenarios cient\u00edficos tecnol\u00f3gicos y de innovaci\u00f3n, fue dado a conocer lo que ser\u00e1 elPolo Cient\u00edfico Tecnol\u00f3gico e Innovaci\u00f3n del Noroeste de [&hellip;]<\/p>\n","protected":false},"author":3,"featured_media":0,"comment_status":"open","ping_status":"open","sticky":false,"template":"","format":"standard","meta":{"footnotes":""},"categories":[21],"tags":[],"class_list":["post-70355","post","type-post","status-publish","format-standard","hentry","category-cultura"],"_links":{"self":[{"href":"https:\/\/diariodominicano.com\/index.php?rest_route=\/wp\/v2\/posts\/70355","targetHints":{"allow":["GET"]}}],"collection":[{"href":"https:\/\/diariodominicano.com\/index.php?rest_route=\/wp\/v2\/posts"}],"about":[{"href":"https:\/\/diariodominicano.com\/index.php?rest_route=\/wp\/v2\/types\/post"}],"author":[{"embeddable":true,"href":"https:\/\/diariodominicano.com\/index.php?rest_route=\/wp\/v2\/users\/3"}],"replies":[{"embeddable":true,"href":"https:\/\/diariodominicano.com\/index.php?rest_route=%2Fwp%2Fv2%2Fcomments&post=70355"}],"version-history":[{"count":0,"href":"https:\/\/diariodominicano.com\/index.php?rest_route=\/wp\/v2\/posts\/70355\/revisions"}],"wp:attachment":[{"href":"https:\/\/diariodominicano.com\/index.php?rest_route=%2Fwp%2Fv2%2Fmedia&parent=70355"}],"wp:term":[{"taxonomy":"category","embeddable":true,"href":"https:\/\/diariodominicano.com\/index.php?rest_route=%2Fwp%2Fv2%2Fcategories&post=70355"},{"taxonomy":"post_tag","embeddable":true,"href":"https:\/\/diariodominicano.com\/index.php?rest_route=%2Fwp%2Fv2%2Ftags&post=70355"}],"curies":[{"name":"wp","href":"https:\/\/api.w.org\/{rel}","templated":true}]}}