{"id":70354,"date":"2009-02-09T20:59:33","date_gmt":"2009-02-09T20:59:33","guid":{"rendered":"http:\/\/diariodominicano.ddns.net\/?p=70354"},"modified":"2009-02-09T20:59:33","modified_gmt":"2009-02-09T20:59:33","slug":"fundacion-garcia-arevalo-y-academia-historia-ponen-circulacion-libro-y-revista-2","status":"publish","type":"post","link":"https:\/\/diariodominicano.com\/?p=70354","title":{"rendered":"Fundaci\u00f3n Garc\u00eda Ar\u00e9valo y Academia Historia ponen circulaci\u00f3n libro y revista"},"content":{"rendered":"<p><body><\/p>\n<p class=\"titulogrande1\"><strong>Fundaci\u00f3n Garc\u00eda Ar\u00e9valo y Academia Historia ponen circulaci\u00f3n libro y  revista<\/strong><\/p>\n<p>&#13;<\/p>\n<p>\u00a0<\/p>\n<p>&#13;<\/p>\n<p align=\"justify\"><img loading=\"lazy\" decoding=\"async\" src=\"http:\/\/localhost:8080\/img\/istori.jpg\" width=\"375\" height=\"250\" hspace=\"4\" align=\"left\" \/><span class=\"text1noticias\">La Fundaci\u00f3n Garc\u00eda Ar\u00e9valo y la Academia Dominicana de la Historia pusieron en  circulaci\u00f3n la obra La Constituci\u00f3n de C\u00e1liz y Santo Domingo, y una nueva  edici\u00f3n de la revista espa\u00f1ola Mar Ocean\u00eda, en un acto que cont\u00f3 con la  asistencia del presidente de la Suprema Corte de Justicia y el Embajador de  Espa\u00f1a.<\/span><\/p>\n<p>&#13;<\/p>\n<p align=\"justify\" class=\"text1noticias\">La presentaci\u00f3n del libro del acad\u00e9mico de n\u00famero doctor Wenceslao Vega Boyrie  y la publicaci\u00f3n semestral 24, dirigida por el acad\u00e9mico espa\u00f1ol doctor Mario  Hern\u00e1ndez S\u00e1nchez-Barba, estuvieron a cargo del intelectual Jos\u00e9 Chez Checo y  Manuel Garc\u00eda Ar\u00e9valo, presidente de la referida Fundaci\u00f3n.<\/p>\n<p>&#13;<\/p>\n<p align=\"justify\" class=\"text1noticias\">La actividad incluy\u00f3 las palabras de bienvenida por el presidente de la  Academia Dominicana de Historia, Emilio Cordero Michel, y una disertaci\u00f3n sobre  La Trascendencia de las Cortes de C\u00e1diz, por S\u00e1nchez-Barba.<\/p>\n<p>&#13;<\/p>\n<p align=\"justify\" class=\"text1noticias\">Adem\u00e1s del doctor Jorge Subero Isa, presidente de la Suprema Corte de Justicia,  y del embajador de Espa\u00f1a, Diego Bermejo, en la sede de la Academia de la calle  Mercedes estuvieron presentes ex presidentes y miembros de la instituci\u00f3n,  intelectuales, catedr\u00e1ticos universitarios e integrantes de la comunidad  espa\u00f1ola en Santo Domingo.<\/p>\n<p>&#13;<\/p>\n<p align=\"justify\" class=\"text1noticias\">El libro\u00a0 La Constituci\u00f3n de C\u00e1diz y Santo Domingo contiene 152 p\u00e1ginas, y  est\u00e1 dividido en\u00a0 dos partes: los diputados dominicanos en las cortes de  C\u00e1diz 1810-1813, y la presencia de la Constituci\u00f3n de C\u00e1diz de 1812 en la  primera Constituci\u00f3n Dominicana.<\/p>\n<p>&#13;<\/p>\n<p align=\"justify\" class=\"text1noticias\">La revista Mar Oc\u00e9ana, que dedic\u00f3 un n\u00famero monogr\u00e1fico a Santo Domingo, se ha  convertido, seg\u00fan expuso Garc\u00eda Ar\u00e9valo, en un autorizado y significativo  espacio de divulgaci\u00f3n para el humanismo espa\u00f1ol y euroamericano.<\/p>\n<p>&#13;<\/p>\n<p align=\"justify\" class=\"text1noticias\">La edici\u00f3n n\u00famero 24, que en sus 138 p\u00e1ginas contiene un haz de ensayos sobre  temas hist\u00f3ricos y culturales de Rep\u00fablica Dominicana, fue redactada por  autores espa\u00f1oles y dominicanos.<\/p>\n<p>&#13;<\/p>\n<p align=\"justify\" class=\"text1noticias\">Los temas publicados son \u201cLa Espa\u00f1ola: tiempo-eje original espa\u00f1ol en el Nuevo  Mundo americano\u201d, de Hern\u00e1ndez S\u00e1nchez Barba; \u201cBastidores diplom\u00e1ticos y  fuerzas pol\u00edticas: Santo Domingo en la pol\u00edtica internacional (siglo XIX)\u201d, de  Almudena Hern\u00e1ndez Ruig\u00f3mez, y \u201cUna misi\u00f3n sin importancia? El P. Jos\u00e9 J. Cotanilla  en la Santo Domingo espa\u00f1ola (1861-1862)\u201d, escrito por Francisco Javier G\u00f3mez  Diez. <\/p>\n<p>&#13;<\/p>\n<p align=\"justify\" class=\"text1noticias\">Tambi\u00e9n incluye el trabajo del licenciado Jos\u00e9 Alc\u00e1ntara Almanzar, titulado  \u201cPanorama sociocultural de la Rep\u00fablica Dominicana\u201d; \u201cEl cimarronaje en la colonia  espa\u00f1ola de Santo Domingo\u201d, del doctor Carlos Esteban Deive; \u201cEl indio y el  negro en la visi\u00f3n de la Iglesia y el Estado\u201d, del acad\u00e9mico Fernando P\u00e9rez  Mem\u00e9n y \u201cEl indigenismo dominicano\u201d, de la autor\u00eda de Garc\u00eda Ar\u00e9valo.<\/p>\n<p>&#13;<\/p>\n<h6> 2009-02-09 20:59:33 <\/h6>\n<p><!--\n<link rel=\"stylesheet\" href=\"css\/bootstrap.min.css\">\n\n\n<ul class=\"pagination\">\n\t    \n\t\n\n<li >\n\t<a href='?page_no=22031'>Previous<\/a>\n\t<\/li>\n\n\n       \n    \n\n<li><a href='?page_no=1'>1<\/a><\/li>\n\n\n\n<li><a href='?page_no=2'>2<\/a><\/li>\n\n\n\n<li><a>...<\/a><\/li>\n\n\n\n<li><a href='?page_no=22030'>22030<\/a><\/li>\n\n\n\n<li><a href='?page_no=22031'>22031<\/a><\/li>\n\n\n\n<li class='active'><a>22032<\/a><\/li>\n\n\n\n<li><a href='?page_no=22033'>22033<\/a><\/li>\n\n\n\n<li><a href='?page_no=22034'>22034<\/a><\/li>\n\n\n\n<li><a>...<\/a><\/li>\n\n\n\n<li><a href='?page_no=22911'>22911<\/a><\/li>\n\n\n\n<li><a href='?page_no=22912'>22912<\/a><\/li>\n\n    \n\t\n\n<li >\n\t<a href='?page_no=22033'>Next<\/a>\n\t<\/li>\n\n\n    \n\n<li><a href='?page_no=22912'>Last &rsaquo;&rsaquo;<\/a><\/li>\n\n<\/ul>\n\n\n--><br \/>\n<\/body><\/p>\n","protected":false},"excerpt":{"rendered":"<p>Fundaci\u00f3n Garc\u00eda Ar\u00e9valo y Academia Historia ponen circulaci\u00f3n libro y revista &#13; \u00a0 &#13; La Fundaci\u00f3n Garc\u00eda Ar\u00e9valo y la Academia Dominicana de la Historia pusieron en circulaci\u00f3n la obra La Constituci\u00f3n de C\u00e1liz y Santo Domingo, y una nueva edici\u00f3n de la revista espa\u00f1ola Mar Ocean\u00eda, en un acto que cont\u00f3 con la asistencia [&hellip;]<\/p>\n","protected":false},"author":3,"featured_media":0,"comment_status":"open","ping_status":"open","sticky":false,"template":"","format":"standard","meta":{"footnotes":""},"categories":[21],"tags":[],"class_list":["post-70354","post","type-post","status-publish","format-standard","hentry","category-cultura"],"_links":{"self":[{"href":"https:\/\/diariodominicano.com\/index.php?rest_route=\/wp\/v2\/posts\/70354","targetHints":{"allow":["GET"]}}],"collection":[{"href":"https:\/\/diariodominicano.com\/index.php?rest_route=\/wp\/v2\/posts"}],"about":[{"href":"https:\/\/diariodominicano.com\/index.php?rest_route=\/wp\/v2\/types\/post"}],"author":[{"embeddable":true,"href":"https:\/\/diariodominicano.com\/index.php?rest_route=\/wp\/v2\/users\/3"}],"replies":[{"embeddable":true,"href":"https:\/\/diariodominicano.com\/index.php?rest_route=%2Fwp%2Fv2%2Fcomments&post=70354"}],"version-history":[{"count":0,"href":"https:\/\/diariodominicano.com\/index.php?rest_route=\/wp\/v2\/posts\/70354\/revisions"}],"wp:attachment":[{"href":"https:\/\/diariodominicano.com\/index.php?rest_route=%2Fwp%2Fv2%2Fmedia&parent=70354"}],"wp:term":[{"taxonomy":"category","embeddable":true,"href":"https:\/\/diariodominicano.com\/index.php?rest_route=%2Fwp%2Fv2%2Fcategories&post=70354"},{"taxonomy":"post_tag","embeddable":true,"href":"https:\/\/diariodominicano.com\/index.php?rest_route=%2Fwp%2Fv2%2Ftags&post=70354"}],"curies":[{"name":"wp","href":"https:\/\/api.w.org\/{rel}","templated":true}]}}