{"id":70353,"date":"2009-02-09T21:06:08","date_gmt":"2009-02-09T21:06:08","guid":{"rendered":"http:\/\/diariodominicano.ddns.net\/?p=70353"},"modified":"2009-02-09T21:06:08","modified_gmt":"2009-02-09T21:06:08","slug":"udc-rinde-reconocimiento-eterno-a-dona-josefina-gautier-de-alvarez","status":"publish","type":"post","link":"https:\/\/diariodominicano.com\/?p=70353","title":{"rendered":"UDC rinde reconocimiento eterno a Do\u00f1a Josefina Gautier de Alvarez"},"content":{"rendered":"<p><body><\/p>\n<p><strong><u>Fallece dama escondi\u00f3 6 meses en  su casa a Don Luis Amiama T\u00edo, luego de \u00e9ste ajusticiar a Trujillo<\/u><\/strong><\/p>\n<p>&#13;<\/p>\n<p class=\"titulogrande1\">UDC  rinde reconocimiento eterno a Do\u00f1a Josefina Gautier de Alvarez<\/p>\n<p>&#13;<\/p>\n<p>\u00a0<\/p>\n<p>&#13;<\/p>\n<p align=\"justify\" class=\"text1noticias\">El Partido Uni\u00f3n  Dem\u00f3crata Cristiana inclin\u00f3 hoy sus banderas, y rindi\u00f3 homenaje permanente, a  do\u00f1a Josefina Gautier de Alvarez, quien facilit\u00f3 su casa para esconder por seis  meses a Don Luis Amiama Ti\u00f3, luego de \u00e9ste haber participado en el  ajusticiamiento del tirano Rafael Leonidas Trujillo Molina.<\/p>\n<p>&#13;<\/p>\n<p align=\"justify\" class=\"text1noticias\">Luis Acosta  Moreta, Luis \u00abEl Gallo\u00bb, presidente de la UDC, dijo que Do\u00f1a  Josefina, cuyo cad\u00e1ver fue sepultado este lunes, tuvo la valent\u00eda de esconder  en su casa a uno de los conjurados directos del ajusticiamiento de Trujillo,  sabedora de que esa era una acci\u00f3n que\u00a0  de ser develada,\u00a0\u00a0 la tiran\u00eda  cobrar\u00eda con la vida de todos sus participantes.<\/p>\n<p>&#13;<\/p>\n<p align=\"justify\" class=\"text1noticias\">Al lamentar la  muerte de Do\u00f1a Josefina, Luis \u00abEl Gallo\u00bb asever\u00f3 que a pesar de los  riesgos que corri\u00f3, dando muestras de patriotismo y un valor espartano, nunca  \u00e9sta le pas\u00f3 una factura a la Naci\u00f3n, y por el contrario, se dedic\u00f3 de lleno a  levantar su familia.<\/p>\n<p>&#13;<\/p>\n<p align=\"justify\" class=\"text1noticias\">Se\u00f1al\u00f3 que al  momento\u00a0 de dar asilo en su hogar a Don  Luis Amiamo Ti\u00f3, puso en juego la vida de toda su familia, incluyendo a sus  cuatro hijas.\u00a0 Do\u00f1a Josefina fue esposa  del doctor Tavar\u00e9 Alv\u00e1rez, quien en la Era de Trujillo ocup\u00f3 el cargo de  Secretario de Salud P\u00fablica.<\/p>\n<p>&#13;<\/p>\n<p align=\"justify\" class=\"text1noticias\">Agreg\u00f3 que los  dominicanos de hoy, estamos necesitando de beber en la sabia y el entendimiento  de las personas de buenas intenciones y de un patriorismo demostrado, como as\u00ed  lo hizo y demostr\u00f3 do\u00f1a Josefina.<\/p>\n<p>&#13;<\/p>\n<p align=\"justify\" class=\"text1noticias\">Destac\u00f3 que esta  dama de valor espartano y comportamiento ejemplar, debe ser reconocida por  todos los dominicanos, que tienen en en ella un ejemplo del temple de la mujer  dominicana.<\/p>\n<p>&#13;<\/p>\n<p align=\"justify\" class=\"text1noticias\">La\u00a0 UDC, conjuntamente con todo el pa\u00eds, rinde  hoy homenaje eterno y un gran reconocimiento a Do\u00f1a Josefina Gautier de  Alvarez, y promete que su memoria no va a caer en el olvido.<\/p>\n<p>&#13;<\/p>\n<p align=\"justify\" class=\"text1noticias\">Pidi\u00f3 al  Ayuntamiento del Distrito Nacional que designe una calle con su nombre, para  cristalizar uno de los eternos reconocimiento que merece esta dama ejemplar de  la sociedad y el patriotismo dominicano.<\/p>\n<p>&#13;<\/p>\n<h6> 2009-02-09 21:06:08 <\/h6>\n<p><!--\n<link rel=\"stylesheet\" href=\"css\/bootstrap.min.css\">\n\n\n<ul class=\"pagination\">\n\t    \n\t\n\n<li >\n\t<a href='?page_no=22030'>Previous<\/a>\n\t<\/li>\n\n\n       \n    \n\n<li><a href='?page_no=1'>1<\/a><\/li>\n\n\n\n<li><a href='?page_no=2'>2<\/a><\/li>\n\n\n\n<li><a>...<\/a><\/li>\n\n\n\n<li><a href='?page_no=22029'>22029<\/a><\/li>\n\n\n\n<li><a href='?page_no=22030'>22030<\/a><\/li>\n\n\n\n<li class='active'><a>22031<\/a><\/li>\n\n\n\n<li><a href='?page_no=22032'>22032<\/a><\/li>\n\n\n\n<li><a href='?page_no=22033'>22033<\/a><\/li>\n\n\n\n<li><a>...<\/a><\/li>\n\n\n\n<li><a href='?page_no=22911'>22911<\/a><\/li>\n\n\n\n<li><a href='?page_no=22912'>22912<\/a><\/li>\n\n    \n\t\n\n<li >\n\t<a href='?page_no=22032'>Next<\/a>\n\t<\/li>\n\n\n    \n\n<li><a href='?page_no=22912'>Last &rsaquo;&rsaquo;<\/a><\/li>\n\n<\/ul>\n\n\n--><br \/>\n<\/body><\/p>\n","protected":false},"excerpt":{"rendered":"<p>Fallece dama escondi\u00f3 6 meses en su casa a Don Luis Amiama T\u00edo, luego de \u00e9ste ajusticiar a Trujillo &#13; UDC rinde reconocimiento eterno a Do\u00f1a Josefina Gautier de Alvarez &#13; \u00a0 &#13; El Partido Uni\u00f3n Dem\u00f3crata Cristiana inclin\u00f3 hoy sus banderas, y rindi\u00f3 homenaje permanente, a do\u00f1a Josefina Gautier de Alvarez, quien facilit\u00f3 su [&hellip;]<\/p>\n","protected":false},"author":3,"featured_media":0,"comment_status":"open","ping_status":"open","sticky":false,"template":"","format":"standard","meta":{"footnotes":""},"categories":[21],"tags":[],"class_list":["post-70353","post","type-post","status-publish","format-standard","hentry","category-cultura"],"_links":{"self":[{"href":"https:\/\/diariodominicano.com\/index.php?rest_route=\/wp\/v2\/posts\/70353","targetHints":{"allow":["GET"]}}],"collection":[{"href":"https:\/\/diariodominicano.com\/index.php?rest_route=\/wp\/v2\/posts"}],"about":[{"href":"https:\/\/diariodominicano.com\/index.php?rest_route=\/wp\/v2\/types\/post"}],"author":[{"embeddable":true,"href":"https:\/\/diariodominicano.com\/index.php?rest_route=\/wp\/v2\/users\/3"}],"replies":[{"embeddable":true,"href":"https:\/\/diariodominicano.com\/index.php?rest_route=%2Fwp%2Fv2%2Fcomments&post=70353"}],"version-history":[{"count":0,"href":"https:\/\/diariodominicano.com\/index.php?rest_route=\/wp\/v2\/posts\/70353\/revisions"}],"wp:attachment":[{"href":"https:\/\/diariodominicano.com\/index.php?rest_route=%2Fwp%2Fv2%2Fmedia&parent=70353"}],"wp:term":[{"taxonomy":"category","embeddable":true,"href":"https:\/\/diariodominicano.com\/index.php?rest_route=%2Fwp%2Fv2%2Fcategories&post=70353"},{"taxonomy":"post_tag","embeddable":true,"href":"https:\/\/diariodominicano.com\/index.php?rest_route=%2Fwp%2Fv2%2Ftags&post=70353"}],"curies":[{"name":"wp","href":"https:\/\/api.w.org\/{rel}","templated":true}]}}