{"id":70352,"date":"2009-02-09T22:52:48","date_gmt":"2009-02-09T22:52:48","guid":{"rendered":"http:\/\/diariodominicano.ddns.net\/?p=70352"},"modified":"2009-02-09T22:52:48","modified_gmt":"2009-02-09T22:52:48","slug":"cultura-entrega-premios-concurso-literario-del-obispado-nuestra-senora-de-la-altagracia-y-presenta-antologia","status":"publish","type":"post","link":"https:\/\/diariodominicano.com\/?p=70352","title":{"rendered":"Cultura entrega premios \u00abConcurso Literario del Obispado Nuestra Se\u00f1ora de la Altagracia\u00bb  y presenta antolog\u00eda"},"content":{"rendered":"<p><body><\/p>\n<p class=\"titulogrande1\"><strong>Cultura entrega premios \u00abConcurso  Literario del Obispado Nuestra Se\u00f1ora de la Altagracia\u00bb  \u00a0y presenta antolog\u00eda<\/strong><\/p>\n<p>&#13;<\/p>\n<p align=\"justify\" class=\"text1noticias\"><img loading=\"lazy\" decoding=\"async\" src=\"http:\/\/localhost:8080\/img\/premoz.jpg\" width=\"375\" height=\"280\" hspace=\"4\" align=\"left\" \/>HIGUEY-. Con la presencia de personalidades de  la provincia de Hig\u00fcey, la Secretar\u00eda de Estado de  Cultura hizo entrega de los premios correspondientes a la versi\u00f3n n\u00famero 49 del  \u00abConcurso Literario de Navidad del Obispado Nuestra Se\u00f1ora de la Altagracia\u00bb. El  dicho acto, adem\u00e1s, la instituci\u00f3n cultural puso en circulaci\u00f3n la antolog\u00eda  \u00abA orillas del agua\u00bb, en la cual se recogen los trabajos de la  versi\u00f3n n\u00famero 48 de este certamen.<\/p>\n<p>&#13;<\/p>\n<p align=\"justify\" class=\"text1noticias\">En la actividad cultural, la mesa de honor  estuvo conformada por los se\u00f1ores Avelino Stanley, subsecretario de Cultura;  Trifina S\u00e1nchez, Directora Provincial de Cultura; Evaristo Arache (sacerdote  representante del Obispado) Carmen Luisa Valdez, Ernesto Rivera  (escritor-organizador) y Valent\u00edn Amaro.<\/p>\n<p>&#13;<\/p>\n<p align=\"justify\" class=\"text1noticias\">Durante el encuentro cultural, Avelino Stanley,  Subsecretario de Cultura destac\u00f3 la importancia que ha tenido este concurso  para el desarrollo de la literatura en los j\u00f3venes de la regi\u00f3n oriental y del  pa\u00eds. \u00abYo soy un hijo de este concurso, pues fue premiado por primera vez  en este certamen cuando era apenas un jovencito\u00bb, manifest\u00f3 Stanley.<\/p>\n<p>&#13;<\/p>\n<p align=\"justify\" class=\"text1noticias\">De su lado, Valent\u00edn Amaro, el escritor que  tuvo a su cargo la presentaci\u00f3n de la antolog\u00eda \u00abA orillas del agua\u00bb,  destac\u00f3 la calidad de los trabajos literarios de los j\u00f3venes participantes en  el \u00e1rea de la poes\u00eda.<\/p>\n<p>&#13;<\/p>\n<p align=\"justify\" class=\"text1noticias\">Amaro se\u00f1al\u00f3 que el concurso ha dado como  producto autores de reconocida trayectoria literaria y mencion\u00f3 entre estos a  Avelino Stanley, Rafael Peralta Romero, Aquiles Juli\u00e1n, Isael P\u00e9rez, Marielys  Duluc, Denis Mota, Antonio Cede\u00f1o (Macho) y \u00a0Justiniano Est\u00e9vez Aristy.<\/p>\n<p>&#13;<\/p>\n<p align=\"justify\" class=\"text1noticias\">El jurado para dicha premiaci\u00f3n estuvo  integrado por los se\u00f1ores Juan Freddy Armando, Rosa Silverio, M\u00f3nica Galeano,  Justiniano Est\u00e9vez y Jaime Tatem Brache. <\/p>\n<p>&#13;<\/p>\n<p align=\"justify\" class=\"text1noticias\">El Concurso Literario de Navidad del Obispado  de Higuey, surgi\u00f3 por idea del fenecido obispo monse\u00f1or \u00a0Juan F\u00e9lix Pep\u00e9n,  seguido por Monse\u00f1or de la Rosa  y Carpio, en diciembre del 2009 cumplir\u00e1 50 a\u00f1os de creaci\u00f3n.<\/p>\n<p>&#13;<\/p>\n<p align=\"justify\" class=\"text1noticias\"><strong>Entrega de cheques y  reconocimientos a ganadores <\/strong><\/p>\n<p>&#13;<\/p>\n<p align=\"justify\" class=\"text1noticias\">Los ganadores del Concurso Literario de Navidad  del Obispado Nuestra Se\u00f1ora de la   Altagracia corresponden a Roberto Miguel Esca\u00f1o P\u00e9rez, quien  obtuvo el primer lugar, con la obra \u00abEnmudecer\u00bb, con una dotaci\u00f3n de  30 mil pesos. En tanto que Roc\u00edo Salvador, gan\u00f3 el segundo lugar con la obra  \u00abEl silencio del naranjo\u00bb, con una dotaci\u00f3n de 20 mil pesos y el  tercer lugar correspondi\u00f3 a Jos\u00e9 Ram\u00f3n Dur\u00e1n con la obra \u00abEclipse\u00bb,  con una dotaci\u00f3n de 15 mil pesos. Margaret Sosa obtuvo una menci\u00f3n con una  dotaci\u00f3n de cinco mil pesos. <\/p>\n<p>&#13;<\/p>\n<h6> 2009-02-09 22:52:48 <\/h6>\n<p><!--\n<link rel=\"stylesheet\" href=\"css\/bootstrap.min.css\">\n\n\n<ul class=\"pagination\">\n\t    \n\t\n\n<li >\n\t<a href='?page_no=22029'>Previous<\/a>\n\t<\/li>\n\n\n       \n    \n\n<li><a href='?page_no=1'>1<\/a><\/li>\n\n\n\n<li><a href='?page_no=2'>2<\/a><\/li>\n\n\n\n<li><a>...<\/a><\/li>\n\n\n\n<li><a href='?page_no=22028'>22028<\/a><\/li>\n\n\n\n<li><a href='?page_no=22029'>22029<\/a><\/li>\n\n\n\n<li class='active'><a>22030<\/a><\/li>\n\n\n\n<li><a href='?page_no=22031'>22031<\/a><\/li>\n\n\n\n<li><a href='?page_no=22032'>22032<\/a><\/li>\n\n\n\n<li><a>...<\/a><\/li>\n\n\n\n<li><a href='?page_no=22911'>22911<\/a><\/li>\n\n\n\n<li><a href='?page_no=22912'>22912<\/a><\/li>\n\n    \n\t\n\n<li >\n\t<a href='?page_no=22031'>Next<\/a>\n\t<\/li>\n\n\n    \n\n<li><a href='?page_no=22912'>Last &rsaquo;&rsaquo;<\/a><\/li>\n\n<\/ul>\n\n\n--><br \/>\n<\/body><\/p>\n","protected":false},"excerpt":{"rendered":"<p>Cultura entrega premios \u00abConcurso Literario del Obispado Nuestra Se\u00f1ora de la Altagracia\u00bb \u00a0y presenta antolog\u00eda &#13; HIGUEY-. Con la presencia de personalidades de la provincia de Hig\u00fcey, la Secretar\u00eda de Estado de Cultura hizo entrega de los premios correspondientes a la versi\u00f3n n\u00famero 49 del \u00abConcurso Literario de Navidad del Obispado Nuestra Se\u00f1ora de la [&hellip;]<\/p>\n","protected":false},"author":3,"featured_media":0,"comment_status":"open","ping_status":"open","sticky":false,"template":"","format":"standard","meta":{"footnotes":""},"categories":[21],"tags":[],"class_list":["post-70352","post","type-post","status-publish","format-standard","hentry","category-cultura"],"_links":{"self":[{"href":"https:\/\/diariodominicano.com\/index.php?rest_route=\/wp\/v2\/posts\/70352","targetHints":{"allow":["GET"]}}],"collection":[{"href":"https:\/\/diariodominicano.com\/index.php?rest_route=\/wp\/v2\/posts"}],"about":[{"href":"https:\/\/diariodominicano.com\/index.php?rest_route=\/wp\/v2\/types\/post"}],"author":[{"embeddable":true,"href":"https:\/\/diariodominicano.com\/index.php?rest_route=\/wp\/v2\/users\/3"}],"replies":[{"embeddable":true,"href":"https:\/\/diariodominicano.com\/index.php?rest_route=%2Fwp%2Fv2%2Fcomments&post=70352"}],"version-history":[{"count":0,"href":"https:\/\/diariodominicano.com\/index.php?rest_route=\/wp\/v2\/posts\/70352\/revisions"}],"wp:attachment":[{"href":"https:\/\/diariodominicano.com\/index.php?rest_route=%2Fwp%2Fv2%2Fmedia&parent=70352"}],"wp:term":[{"taxonomy":"category","embeddable":true,"href":"https:\/\/diariodominicano.com\/index.php?rest_route=%2Fwp%2Fv2%2Fcategories&post=70352"},{"taxonomy":"post_tag","embeddable":true,"href":"https:\/\/diariodominicano.com\/index.php?rest_route=%2Fwp%2Fv2%2Ftags&post=70352"}],"curies":[{"name":"wp","href":"https:\/\/api.w.org\/{rel}","templated":true}]}}