{"id":70351,"date":"2009-02-09T23:31:53","date_gmt":"2009-02-09T23:31:53","guid":{"rendered":"http:\/\/diariodominicano.ddns.net\/?p=70351"},"modified":"2009-02-09T23:31:53","modified_gmt":"2009-02-09T23:31:53","slug":"lantiagua-dice-no-puede-cambiar-fechas-de-carnaval","status":"publish","type":"post","link":"https:\/\/diariodominicano.com\/?p=70351","title":{"rendered":"Lantiagua dice no puede cambiar fechas de carnaval"},"content":{"rendered":"<p><body><\/p>\n<p><strong>25 expertos participan en evento <\/strong><strong> <\/strong><\/p>\n<p>&#13;<\/p>\n<p class=\"titulogrande1\"><strong>Lantiagua dice no puede cambiar fechas de  carnaval \u00a0<\/strong><\/p>\n<p>&#13;<\/p>\n<p align=\"justify\" class=\"text1noticias\">25  expertos iberoamericanos participan exponen en el seminario sobre \u201cla Cultura,  los Objetivos del Milenio y los Espacios Multilaterales\u201d, evento \u00a0que se  realiza en el hotel V Centenario.<\/p>\n<p>&#13;<\/p>\n<p align=\"justify\" class=\"text1noticias\">Al acto de inauguraci\u00f3n del  seminario, auspiciado por la Organizaci\u00f3n  de Estados Iberoamericanos para la Educaci\u00f3n, la Ciencia y la Cultura (OEI) y  la Agencia Espa\u00f1ola de Cooperaci\u00f3n Internacional para el Desarrollo (AECID), a  trav\u00e9s de su Programa de Formaci\u00f3n y Capacitaci\u00f3n en Cultura (ACERCA). El este  evento concluye hoy.<\/p>\n<p>&#13;<\/p>\n<p align=\"justify\" class=\"text1noticias\">Al pronunciar las palabras de  apertura del acto, el secretario de Cultura, Rafael Lantigua, \u00a0manifest\u00f3  que la importancia de ese evento es que la cultura establece v\u00ednculos  esenciales con el desarrollo econ\u00f3mico y el desarrollo humano y \u201ccon la  formaci\u00f3n de capital social, de manera que el espacio cultural pasa a jugar un  rol de primer orden cuando se le considera como una alternativa de inclusi\u00f3n\u201d.<br \/>&#13;<br \/>\n  <br \/>&#13;<br \/>\n  En otro tema, el secretario de  Cultura dijo que esa entidad no tiene la potestad para separar las  celebraciones de fiestas de carnaval de las celebraciones religiosas y fechas  patria y se quej\u00f3 que ha habido cr\u00edticas muy injustas contra esa entidad. <\/p>\n<p>&#13;<\/p>\n<p align=\"justify\" class=\"text1noticias\">Denunci\u00f3 que se ejerce presi\u00f3n para que se le ponga una camisa de fuerza  a los organizadores de los carnavales, pero que Cultura no tiene fuerza de ley  para actuar o cambiar fechas.<\/p>\n<p>&#13;<\/p>\n<h6> 2009-02-09 23:31:53 <\/h6>\n<p><!--\n<link rel=\"stylesheet\" href=\"css\/bootstrap.min.css\">\n\n\n<ul class=\"pagination\">\n\t    \n\t\n\n<li >\n\t<a href='?page_no=22028'>Previous<\/a>\n\t<\/li>\n\n\n       \n    \n\n<li><a href='?page_no=1'>1<\/a><\/li>\n\n\n\n<li><a href='?page_no=2'>2<\/a><\/li>\n\n\n\n<li><a>...<\/a><\/li>\n\n\n\n<li><a href='?page_no=22027'>22027<\/a><\/li>\n\n\n\n<li><a href='?page_no=22028'>22028<\/a><\/li>\n\n\n\n<li class='active'><a>22029<\/a><\/li>\n\n\n\n<li><a href='?page_no=22030'>22030<\/a><\/li>\n\n\n\n<li><a href='?page_no=22031'>22031<\/a><\/li>\n\n\n\n<li><a>...<\/a><\/li>\n\n\n\n<li><a href='?page_no=22911'>22911<\/a><\/li>\n\n\n\n<li><a href='?page_no=22912'>22912<\/a><\/li>\n\n    \n\t\n\n<li >\n\t<a href='?page_no=22030'>Next<\/a>\n\t<\/li>\n\n\n    \n\n<li><a href='?page_no=22912'>Last &rsaquo;&rsaquo;<\/a><\/li>\n\n<\/ul>\n\n\n--><br \/>\n<\/body><\/p>\n","protected":false},"excerpt":{"rendered":"<p>25 expertos participan en evento &#13; Lantiagua dice no puede cambiar fechas de carnaval \u00a0 &#13; 25 expertos iberoamericanos participan exponen en el seminario sobre \u201cla Cultura, los Objetivos del Milenio y los Espacios Multilaterales\u201d, evento \u00a0que se realiza en el hotel V Centenario. &#13; Al acto de inauguraci\u00f3n del seminario, auspiciado por la Organizaci\u00f3n [&hellip;]<\/p>\n","protected":false},"author":3,"featured_media":0,"comment_status":"open","ping_status":"open","sticky":false,"template":"","format":"standard","meta":{"footnotes":""},"categories":[21],"tags":[],"class_list":["post-70351","post","type-post","status-publish","format-standard","hentry","category-cultura"],"_links":{"self":[{"href":"https:\/\/diariodominicano.com\/index.php?rest_route=\/wp\/v2\/posts\/70351","targetHints":{"allow":["GET"]}}],"collection":[{"href":"https:\/\/diariodominicano.com\/index.php?rest_route=\/wp\/v2\/posts"}],"about":[{"href":"https:\/\/diariodominicano.com\/index.php?rest_route=\/wp\/v2\/types\/post"}],"author":[{"embeddable":true,"href":"https:\/\/diariodominicano.com\/index.php?rest_route=\/wp\/v2\/users\/3"}],"replies":[{"embeddable":true,"href":"https:\/\/diariodominicano.com\/index.php?rest_route=%2Fwp%2Fv2%2Fcomments&post=70351"}],"version-history":[{"count":0,"href":"https:\/\/diariodominicano.com\/index.php?rest_route=\/wp\/v2\/posts\/70351\/revisions"}],"wp:attachment":[{"href":"https:\/\/diariodominicano.com\/index.php?rest_route=%2Fwp%2Fv2%2Fmedia&parent=70351"}],"wp:term":[{"taxonomy":"category","embeddable":true,"href":"https:\/\/diariodominicano.com\/index.php?rest_route=%2Fwp%2Fv2%2Fcategories&post=70351"},{"taxonomy":"post_tag","embeddable":true,"href":"https:\/\/diariodominicano.com\/index.php?rest_route=%2Fwp%2Fv2%2Ftags&post=70351"}],"curies":[{"name":"wp","href":"https:\/\/api.w.org\/{rel}","templated":true}]}}