{"id":70347,"date":"2009-02-10T19:04:14","date_gmt":"2009-02-10T19:04:14","guid":{"rendered":"http:\/\/diariodominicano.ddns.net\/?p=70347"},"modified":"2009-02-10T19:04:14","modified_gmt":"2009-02-10T19:04:14","slug":"rafelito-mirabal-y-el-prodigio-suben-este-miercoles-a-la-tarima-de-jazz-en-dominicana","status":"publish","type":"post","link":"https:\/\/diariodominicano.com\/?p=70347","title":{"rendered":"Rafelito Mirabal y El Prodigio suben este mi\u00e9rcoles a la tarima de Jazz en Dominicana"},"content":{"rendered":"<p><body><\/p>\n<p align=\"justify\"><strong class=\"titulogrande1\">Rafelito Mirabal y El Prodigio suben este mi\u00e9rcoles a la tarima de Jazz  en Dominicana<\/strong> <br \/>&#13;<br \/>\n  \u00a0 <br \/>&#13;<br \/>\n  <strong><em><u>Ya todo est\u00e1 listo  para la celebraci\u00f3n de este concierto patrocinado por Cervecer\u00eda Nacional  Dominicana, que unir\u00e1 dos importantes ritmos en un mismo escenario: el jazz y  el merengue t\u00edpico<\/u><\/em><\/strong> <br \/>&#13;<br \/>\n  \u00a0 <br \/>&#13;<br \/>\n  <span class=\"text1noticias\">Santo Domingo._ El int\u00e9rprete de jazz <strong>RABELITO  MIRABAL Y SU SISTEMA TEMPERADO<\/strong> y el merenguero t\u00edpico <strong>EL PRODIGIO<\/strong> est\u00e1n listos para unir sus talentos este <strong><u>mi\u00e9rcoles 11<\/u><\/strong> en el gran  concierto que organizan <em>Jazz en Dominicana <\/em>y <em>Cervecer\u00eda Nacional  Dominicana<\/em>, el cual une en un mismo escenario dos ritmos de gran aceptaci\u00f3n  en nuestro pa\u00eds: el jazz y el merengue t\u00edpico. <br \/>&#13;<br \/>\n  \u00a0 <br \/>&#13;<br \/>\n  El evento, pautado para las <strong><u>8:00 de la noche, se  llevar\u00e1 a cabo en Casa de Teatro<\/u><\/strong>, y en \u00e9l ambas estrellas interpretar\u00e1n  impresionantes \u00e9xitos que han hecho historia en el g\u00e9nero jazz, muchos de ellos  enriquecidos con acordes de merengue t\u00edpico y otros ritmos propios de nuestro  folklore. <br \/>&#13;<br \/>\n  \u00a0 <br \/>&#13;<br \/>\n  Fernando Rodr\u00edguez, de Jazz en Dominicana, explica que  para este concierto se esperan sorpresas que garantizar\u00e1n un espect\u00e1culo \u00fanico  e irrepetible. Entre ellas, se adelanta la participaci\u00f3n de una serie de  invitados especiales, todos m\u00fasicos reconocidos en el g\u00e9nero de jazz en nuestro  pa\u00eds. <br \/>&#13;<br \/>\n  \u00a0 <br \/>&#13;<br \/>\n  Seg\u00fan Teodoro Hidalgo, director de Asuntos  Corporativos de Grupo Le\u00f3n Jimenes, este evento responde al compromiso de  Cervecer\u00eda Nacional Dominicana con la difusi\u00f3n de lo mejor de nuestra m\u00fasica y  nuestra cultura, en alianza con Jazz en Dominicana, productora de conciertos de  jazz de nuestro pa\u00eds. <br \/>&#13;<br \/>\n  \u00a0 <br \/>&#13;<br \/>\n  <strong><em>\u201cPara Cervecer\u00eda Nacional  Dominicana es un honor unir en un mismo escenario estos dos importantes g\u00e9neros  musicales de gran aceptaci\u00f3n en nuestro pa\u00eds. El jazz y el merengue t\u00edpico se funden  para crear una propuesta musical atractiva e innovadora que mostramos en un  escenario ideal, como lo es Casa de Teatro. \u00c9ste es un proyecto que nos llena  de satisfacci\u00f3n y orgullo, el cual estamos seguros ser\u00e1 del disfrute de todos  los amantes del buen jazz y de nuestra m\u00fasica m\u00e1s aut\u00f3ctona\u201d<\/em><\/strong>, explica Hidalgo. <br \/>&#13;<br \/>\n  \u00a0 <br \/>&#13;<br \/>\n  Las entradas a este concierto est\u00e1n a la venta en Casa  de Teatro, a un precio de 350 pesos en la Sala de Teatro y 200 pesos en el \u00c1rea  del Bar. <br \/>&#13;<br \/>\n  \u00a0 <br \/>&#13;<br \/>\n  <br \/>&#13;<br \/>\n  <strong>Actividad: <br \/>&#13;<br \/>\n  <strong>Tema:\u00a0\u00a0\u00a0 \u00a0\u00a0\u00a0 Rafelito Mirabal y El  Prodigio<\/strong><br \/>&#13;<br \/>\n  <strong>Invitan:\u00a0\u00a0\u00a0 Jazz en Dominicana en Casa de Teatro<\/strong><br \/>&#13;<br \/>\n  <strong>Fecha:\u00a0\u00a0\u00a0 \u00a0\u00a0\u00a0 Mi\u00e9rcoles 1 de Febrero del  2009<\/strong><br \/>&#13;<br \/>\n  <strong>Lugar:\u00a0\u00a0\u00a0 \u00a0\u00a0\u00a0 Casa de Teatro<\/strong><br \/>&#13;<br \/>\n  <strong>Hora:\u00a0\u00a0\u00a0 \u00a0\u00a0\u00a0 8:30p.m. \u2013 EN PUNTO<\/strong><br \/>&#13;<br \/>\n  <strong>Precio:\u00a0\u00a0\u00a0 \u00a0\u00a0\u00a0 $ 350.00 en la Sala Teatro  y $ 200.00 en el \u00c1rea del Bar<\/strong><br \/>&#13;<br \/>\n  <strong>NOTA:\u00a0\u00a0\u00a0 Boletas a la venta en Casa de Teatro y Jazz en  Dominicana<\/strong><\/strong><br \/>&#13;<br \/>\n<\/span><\/p>\n<p>&#13;<\/p>\n<h6> 2009-02-10 19:04:14 <\/h6>\n<p><!--\n<link rel=\"stylesheet\" href=\"css\/bootstrap.min.css\">\n\n\n<ul class=\"pagination\">\n\t    \n\t\n\n<li >\n\t<a href='?page_no=22024'>Previous<\/a>\n\t<\/li>\n\n\n       \n    \n\n<li><a href='?page_no=1'>1<\/a><\/li>\n\n\n\n<li><a href='?page_no=2'>2<\/a><\/li>\n\n\n\n<li><a>...<\/a><\/li>\n\n\n\n<li><a href='?page_no=22023'>22023<\/a><\/li>\n\n\n\n<li><a href='?page_no=22024'>22024<\/a><\/li>\n\n\n\n<li class='active'><a>22025<\/a><\/li>\n\n\n\n<li><a href='?page_no=22026'>22026<\/a><\/li>\n\n\n\n<li><a href='?page_no=22027'>22027<\/a><\/li>\n\n\n\n<li><a>...<\/a><\/li>\n\n\n\n<li><a href='?page_no=22911'>22911<\/a><\/li>\n\n\n\n<li><a href='?page_no=22912'>22912<\/a><\/li>\n\n    \n\t\n\n<li >\n\t<a href='?page_no=22026'>Next<\/a>\n\t<\/li>\n\n\n    \n\n<li><a href='?page_no=22912'>Last &rsaquo;&rsaquo;<\/a><\/li>\n\n<\/ul>\n\n\n--><br \/>\n<\/body><\/p>\n","protected":false},"excerpt":{"rendered":"<p>Rafelito Mirabal y El Prodigio suben este mi\u00e9rcoles a la tarima de Jazz en Dominicana &#13; \u00a0 &#13; Ya todo est\u00e1 listo para la celebraci\u00f3n de este concierto patrocinado por Cervecer\u00eda Nacional Dominicana, que unir\u00e1 dos importantes ritmos en un mismo escenario: el jazz y el merengue t\u00edpico &#13; \u00a0 &#13; Santo Domingo._ El int\u00e9rprete [&hellip;]<\/p>\n","protected":false},"author":3,"featured_media":0,"comment_status":"open","ping_status":"open","sticky":false,"template":"","format":"standard","meta":{"footnotes":""},"categories":[21],"tags":[],"class_list":["post-70347","post","type-post","status-publish","format-standard","hentry","category-cultura"],"_links":{"self":[{"href":"https:\/\/diariodominicano.com\/index.php?rest_route=\/wp\/v2\/posts\/70347","targetHints":{"allow":["GET"]}}],"collection":[{"href":"https:\/\/diariodominicano.com\/index.php?rest_route=\/wp\/v2\/posts"}],"about":[{"href":"https:\/\/diariodominicano.com\/index.php?rest_route=\/wp\/v2\/types\/post"}],"author":[{"embeddable":true,"href":"https:\/\/diariodominicano.com\/index.php?rest_route=\/wp\/v2\/users\/3"}],"replies":[{"embeddable":true,"href":"https:\/\/diariodominicano.com\/index.php?rest_route=%2Fwp%2Fv2%2Fcomments&post=70347"}],"version-history":[{"count":0,"href":"https:\/\/diariodominicano.com\/index.php?rest_route=\/wp\/v2\/posts\/70347\/revisions"}],"wp:attachment":[{"href":"https:\/\/diariodominicano.com\/index.php?rest_route=%2Fwp%2Fv2%2Fmedia&parent=70347"}],"wp:term":[{"taxonomy":"category","embeddable":true,"href":"https:\/\/diariodominicano.com\/index.php?rest_route=%2Fwp%2Fv2%2Fcategories&post=70347"},{"taxonomy":"post_tag","embeddable":true,"href":"https:\/\/diariodominicano.com\/index.php?rest_route=%2Fwp%2Fv2%2Ftags&post=70347"}],"curies":[{"name":"wp","href":"https:\/\/api.w.org\/{rel}","templated":true}]}}