{"id":70346,"date":"2009-02-10T20:39:31","date_gmt":"2009-02-10T20:39:31","guid":{"rendered":"http:\/\/diariodominicano.ddns.net\/?p=70346"},"modified":"2009-02-10T20:39:31","modified_gmt":"2009-02-10T20:39:31","slug":"uasd-conmemorara-500-aniversario-llegada-de-los-dominicos","status":"publish","type":"post","link":"https:\/\/diariodominicano.com\/?p=70346","title":{"rendered":"UASD conmemorar\u00e1 500 Aniversario llegada de los dominicos"},"content":{"rendered":"<p><body><\/p>\n<p class=\"titulogrande1\"><strong>UASD  conmemorar\u00e1 500 Aniversario llegada de los dominicos<\/strong><\/p>\n<p>&#13;<\/p>\n<p align=\"justify\" class=\"text1noticias\"><img loading=\"lazy\" decoding=\"async\" src=\"http:\/\/localhost:8080\/img\/comere.jpg\" width=\"375\" height=\"250\" hspace=\"4\" align=\"left\" \/>La Universidad Aut\u00f3noma de Santo Domingo  anunci\u00f3 la formaci\u00f3n de un comit\u00e9 que trabajar\u00e1 en la organizaci\u00f3n de la  conmemoraci\u00f3n del 500 Aniversario de la llegada a la isla de los predicadores  de la Orden de  los Dominicos, que se celebrar\u00e1 el pr\u00f3ximo a\u00f1o.<\/p>\n<p>&#13;<\/p>\n<p align=\"justify\" class=\"text1noticias\">Para esto, el  rector de la UASD,  doctor Franklin Garc\u00eda Ferm\u00edn, sostuvo una reuni\u00f3n con los frailes Dami\u00e1n  Calvo, vicario de la Orden  de los Dominicos; Javier Mart\u00ednez, director del Centro de Teolog\u00eda, y la  hermana Luisa Campos, directora del Centro Montesinos.<\/p>\n<p>&#13;<\/p>\n<p align=\"justify\" class=\"text1noticias\">Garc\u00eda Ferm\u00edn  inform\u00f3 que acogi\u00f3 la solicitud de los representantes religiosos de conmemorar  juntos esos acontecimientos hist\u00f3ricos que iniciaron la defensa de los derechos  humanos no s\u00f3lo en la isla de Santo Domingo, sino en todo el continente.<\/p>\n<p>&#13;<\/p>\n<p align=\"justify\" class=\"text1noticias\">Indic\u00f3 que el  comit\u00e9 de trabajo concentrar\u00e1 sus actividades en tres actividades fundamentales,  que son: Propuesta para la creaci\u00f3n de la C\u00e1tedra de Derechos Humanos \u201cPedro de C\u00f3rdoba\u201d,  Seminario \u201cPerspectiva del Serm\u00f3n de Adviento en torno a los Derechos Humanos\u201d  y un concurso sobre el \u201cSerm\u00f3n de Adviento del padre fray Ant\u00f3n de Montesinos\u201d,  que tambi\u00e9n se conmemorar\u00e1n 500 a\u00f1os, en el 2011.<\/p>\n<p>&#13;<\/p>\n<p align=\"justify\" class=\"text1noticias\">El rector record\u00f3  que la Universidad de Santo Domingo fue creada mediante la Bula In Apostolatus  Culmine, expedida el 28 de octubre de 1538, por el Papa Paulo III, la cual  elev\u00f3 a esa categor\u00eda el Estudio General que los dominicos regenteaban desde el  1518, en Santo Domingo, sede virreinal de la colonizaci\u00f3n y el m\u00e1s viejo  establecimiento colonial del Nuevo Mundo.<\/p>\n<p>&#13;<\/p>\n<p align=\"justify\" class=\"text1noticias\">En la reuni\u00f3n tambi\u00e9n  participaron el vicerrector de Extensi\u00f3n de la universidad, Rafael Nino Feliz,  y los profesores Celedonio Jim\u00e9nez y Natalia Gonz\u00e1lez, quienes formar\u00e1n parte  del comit\u00e9 junto con los misioneros dominicos y las escuelas de Historia,  Sociolog\u00eda y Filosof\u00eda de la academia estatal.<\/p>\n<p>&#13;<\/p>\n<h6> 2009-02-10 20:39:31 <\/h6>\n<p><!--\n<link rel=\"stylesheet\" href=\"css\/bootstrap.min.css\">\n\n\n<ul class=\"pagination\">\n\t    \n\t\n\n<li >\n\t<a href='?page_no=22023'>Previous<\/a>\n\t<\/li>\n\n\n       \n    \n\n<li><a href='?page_no=1'>1<\/a><\/li>\n\n\n\n<li><a href='?page_no=2'>2<\/a><\/li>\n\n\n\n<li><a>...<\/a><\/li>\n\n\n\n<li><a href='?page_no=22022'>22022<\/a><\/li>\n\n\n\n<li><a href='?page_no=22023'>22023<\/a><\/li>\n\n\n\n<li class='active'><a>22024<\/a><\/li>\n\n\n\n<li><a href='?page_no=22025'>22025<\/a><\/li>\n\n\n\n<li><a href='?page_no=22026'>22026<\/a><\/li>\n\n\n\n<li><a>...<\/a><\/li>\n\n\n\n<li><a href='?page_no=22911'>22911<\/a><\/li>\n\n\n\n<li><a href='?page_no=22912'>22912<\/a><\/li>\n\n    \n\t\n\n<li >\n\t<a href='?page_no=22025'>Next<\/a>\n\t<\/li>\n\n\n    \n\n<li><a href='?page_no=22912'>Last &rsaquo;&rsaquo;<\/a><\/li>\n\n<\/ul>\n\n\n--><br \/>\n<\/body><\/p>\n","protected":false},"excerpt":{"rendered":"<p>UASD conmemorar\u00e1 500 Aniversario llegada de los dominicos &#13; La Universidad Aut\u00f3noma de Santo Domingo anunci\u00f3 la formaci\u00f3n de un comit\u00e9 que trabajar\u00e1 en la organizaci\u00f3n de la conmemoraci\u00f3n del 500 Aniversario de la llegada a la isla de los predicadores de la Orden de los Dominicos, que se celebrar\u00e1 el pr\u00f3ximo a\u00f1o. &#13; Para [&hellip;]<\/p>\n","protected":false},"author":3,"featured_media":0,"comment_status":"open","ping_status":"open","sticky":false,"template":"","format":"standard","meta":{"footnotes":""},"categories":[21],"tags":[],"class_list":["post-70346","post","type-post","status-publish","format-standard","hentry","category-cultura"],"_links":{"self":[{"href":"https:\/\/diariodominicano.com\/index.php?rest_route=\/wp\/v2\/posts\/70346","targetHints":{"allow":["GET"]}}],"collection":[{"href":"https:\/\/diariodominicano.com\/index.php?rest_route=\/wp\/v2\/posts"}],"about":[{"href":"https:\/\/diariodominicano.com\/index.php?rest_route=\/wp\/v2\/types\/post"}],"author":[{"embeddable":true,"href":"https:\/\/diariodominicano.com\/index.php?rest_route=\/wp\/v2\/users\/3"}],"replies":[{"embeddable":true,"href":"https:\/\/diariodominicano.com\/index.php?rest_route=%2Fwp%2Fv2%2Fcomments&post=70346"}],"version-history":[{"count":0,"href":"https:\/\/diariodominicano.com\/index.php?rest_route=\/wp\/v2\/posts\/70346\/revisions"}],"wp:attachment":[{"href":"https:\/\/diariodominicano.com\/index.php?rest_route=%2Fwp%2Fv2%2Fmedia&parent=70346"}],"wp:term":[{"taxonomy":"category","embeddable":true,"href":"https:\/\/diariodominicano.com\/index.php?rest_route=%2Fwp%2Fv2%2Fcategories&post=70346"},{"taxonomy":"post_tag","embeddable":true,"href":"https:\/\/diariodominicano.com\/index.php?rest_route=%2Fwp%2Fv2%2Ftags&post=70346"}],"curies":[{"name":"wp","href":"https:\/\/api.w.org\/{rel}","templated":true}]}}