{"id":70344,"date":"2009-02-11T18:29:08","date_gmt":"2009-02-11T18:29:08","guid":{"rendered":"http:\/\/diariodominicano.ddns.net\/?p=70344"},"modified":"2009-02-11T18:29:08","modified_gmt":"2009-02-11T18:29:08","slug":"experto-revela-tasa-analfabetismo-rd-es-superior-otros-paises-al","status":"publish","type":"post","link":"https:\/\/diariodominicano.com\/?p=70344","title":{"rendered":"Experto revela tasa analfabetismo RD es superior otros pa\u00edses AL"},"content":{"rendered":"<p><body><\/p>\n<p><strong><u>CONFERENCIA EN APEC:<\/u><\/strong><\/p>\n<p>&#13;<\/p>\n<p class=\"titulogrande1\"><strong>Experto revela tasa  analfabetismo RD es superior otros pa\u00edses AL<\/strong><\/p>\n<p>&#13;<\/p>\n<p align=\"justify\"><img loading=\"lazy\" decoding=\"async\" src=\"http:\/\/localhost:8080\/img\/educ.jpg\" width=\"375\" height=\"250\" hspace=\"4\" align=\"left\" \/><span class=\"text1noticias\">Un consultor internacional dijo que la tasa de analfabetismo se ha reducido  significativamente en el pa\u00eds en las \u00faltimas cuatro d\u00e9cadas, al caer de un 35 por  ciento de la poblaci\u00f3n de 15 a\u00f1os y m\u00e1s en 1960, a un 11 por ciento en el 2005.<\/span><\/p>\n<p>&#13;<\/p>\n<p align=\"justify\" class=\"text1noticias\">El doctor Rolando M. Guzm\u00e1n habl\u00f3 en una conferencia sobre \u201cSistema educativo y  capital humano en Rep\u00fablica Dominicana\u201d, organizada por el Programa Apec Cultural  y efectuada en el sal\u00f3n Apec de la cultura Jos\u00e9 Mar\u00eda Bonetti Burgos.<\/p>\n<p>&#13;<\/p>\n<p align=\"justify\" class=\"text1noticias\">Las palabras de bienvenida al conferencista estuvieron a cargo del arquitecto  C\u00e9sar Iv\u00e1n Feris Iglesias, presidente del Programa Apec Cultural y quien  destac\u00f3 las cualidades y conocimientos del doctor Guzm\u00e1n en temas econ\u00f3micos y  educativos.<\/p>\n<p>&#13;<\/p>\n<p align=\"justify\" class=\"text1noticias\">Afirm\u00f3 que a\u00fan con la disminuci\u00f3n, la tasa de de analfabetismo dominicana es  superior a la de algunos pa\u00edses como Costa Rica y Panam\u00e1, e inferior a Honduras  y Nicaragua.<\/p>\n<p>&#13;<\/p>\n<p align=\"justify\" class=\"text1noticias\">Manifest\u00f3 que la poblaci\u00f3n en edad de trabajar en Rep\u00fablica Dominicana ha  crecido a un ritmo de 2.3 por ciento anual desde el 1996, y a un ritmo de 2.17  durante la presente d\u00e9cada.<\/p>\n<p>&#13;<\/p>\n<p align=\"justify\" class=\"text1noticias\">Agreg\u00f3 que de un 5.7 millones de habitantes en 1996, la poblaci\u00f3n en edad de  trabajar alcanz\u00f3 alrededor de 7.4 millones a mediados del 2007 y que poco m\u00e1s  de un tercio de esta poblaci\u00f3n se encuentra entre 20 y 39 a\u00f1os de edad.<\/p>\n<p>&#13;<\/p>\n<p align=\"justify\" class=\"text1noticias\">A\u00f1adi\u00f3 que cerca de la mitad tiene educaci\u00f3n primaria, mientras que el 12 por  ciento ha alcanzado nivel de educaci\u00f3n superior.<\/p>\n<p>&#13;<\/p>\n<p align=\"justify\" class=\"text1noticias\">El doctor Guzm\u00e1n sostuvo que la tasa de participaci\u00f3n laboral tiende a subir a  un ritmo de 3.2 por ciento, gracias, en gran parte, al aumento en la  participaci\u00f3n laboral de las mujeres.<\/p>\n<p>&#13;<\/p>\n<p align=\"justify\" class=\"text1noticias\">Subray\u00f3 que las trabajadoras constituyen alrededor del 40 por ciento de la  poblaci\u00f3n econ\u00f3micamente activa, y que para el 2007 alrededor de 42 por ciento  de esta poblaci\u00f3n s\u00f3lo hab\u00eda alcanzado el nivel de escolaridad primaria y s\u00f3lo  alrededor de 18 por ciento hab\u00eda llegado al nivel universitario.<\/p>\n<p>&#13;<\/p>\n<p align=\"justify\" class=\"text1noticias\">Inform\u00f3 que a nivel de escolaridad, la poblaci\u00f3n dominicana de 15 a\u00f1os y m\u00e1s  promedia alrededor de 9.7 a\u00f1os de escolaridad en la zona urbana y 8.1 a\u00f1os en  la zona rural, para un promedio nacional de alrededor de 7.4 a\u00f1os.<br \/>&#13;<br \/>\n  <br \/>&#13;<br \/>\nSe\u00f1al\u00f3 que el aspecto m\u00e1s positivo del sistema educativo dominicano es la  tendencia al aumento de la cobertura en los nivele no universitario.<\/p>\n<p>&#13;<\/p>\n<p align=\"justify\" class=\"text1noticias\">Indic\u00f3 que en la educaci\u00f3n inicial la tasa de cobertura bruta ha sido desde cerca de 92.13 por ciento en 1995, hasta cerca de un  38 por ciento en el 2006.<\/p>\n<p>&#13;<\/p>\n<p align=\"justify\" class=\"text1noticias\">En el caso de la educaci\u00f3n b\u00e1sica, se estima que alrededor de 92.13 por ciento  de los ni\u00f1os entre 6 y 13 a\u00f1os est\u00e1n registrados en las escuelas y que, en ese  caso, la tasa de cobertura escolar dominicana en el nivel b\u00e1sico est\u00e1 levemente  por encima de la cobertura esperada a partir de su nivel de ingreso per c\u00e1pita.<\/p>\n<p>&#13;<\/p>\n<p align=\"justify\" class=\"text1noticias\">Expuso que, sin embargo, el aumento de la cobertura b\u00e1sica ha ido acompa\u00f1ado de  serias deficiencias en los indicados de eficiencia y calidad.<\/p>\n<p>&#13;<\/p>\n<p align=\"justify\" class=\"text1noticias\">Precis\u00f3 que en particular, el sistema educativo dominicano combina una tasa de  repitencia elevada junto a una tasa de abandono anual moderada, por lo cual el  estudiante promedio permanece en la escuela por mucho m\u00e1s tiempo del  formalmente establecido.<\/p>\n<p>&#13;<\/p>\n<h6> 2009-02-11 18:29:08 <\/h6>\n<p><!--\n<link rel=\"stylesheet\" href=\"css\/bootstrap.min.css\">\n\n\n<ul class=\"pagination\">\n\t    \n\t\n\n<li >\n\t<a href='?page_no=22021'>Previous<\/a>\n\t<\/li>\n\n\n       \n    \n\n<li><a href='?page_no=1'>1<\/a><\/li>\n\n\n\n<li><a href='?page_no=2'>2<\/a><\/li>\n\n\n\n<li><a>...<\/a><\/li>\n\n\n\n<li><a href='?page_no=22020'>22020<\/a><\/li>\n\n\n\n<li><a href='?page_no=22021'>22021<\/a><\/li>\n\n\n\n<li class='active'><a>22022<\/a><\/li>\n\n\n\n<li><a href='?page_no=22023'>22023<\/a><\/li>\n\n\n\n<li><a href='?page_no=22024'>22024<\/a><\/li>\n\n\n\n<li><a>...<\/a><\/li>\n\n\n\n<li><a href='?page_no=22911'>22911<\/a><\/li>\n\n\n\n<li><a href='?page_no=22912'>22912<\/a><\/li>\n\n    \n\t\n\n<li >\n\t<a href='?page_no=22023'>Next<\/a>\n\t<\/li>\n\n\n    \n\n<li><a href='?page_no=22912'>Last &rsaquo;&rsaquo;<\/a><\/li>\n\n<\/ul>\n\n\n--><br \/>\n<\/body><\/p>\n","protected":false},"excerpt":{"rendered":"<p>CONFERENCIA EN APEC: &#13; Experto revela tasa analfabetismo RD es superior otros pa\u00edses AL &#13; Un consultor internacional dijo que la tasa de analfabetismo se ha reducido significativamente en el pa\u00eds en las \u00faltimas cuatro d\u00e9cadas, al caer de un 35 por ciento de la poblaci\u00f3n de 15 a\u00f1os y m\u00e1s en 1960, a un [&hellip;]<\/p>\n","protected":false},"author":3,"featured_media":0,"comment_status":"open","ping_status":"open","sticky":false,"template":"","format":"standard","meta":{"footnotes":""},"categories":[21],"tags":[],"class_list":["post-70344","post","type-post","status-publish","format-standard","hentry","category-cultura"],"_links":{"self":[{"href":"https:\/\/diariodominicano.com\/index.php?rest_route=\/wp\/v2\/posts\/70344","targetHints":{"allow":["GET"]}}],"collection":[{"href":"https:\/\/diariodominicano.com\/index.php?rest_route=\/wp\/v2\/posts"}],"about":[{"href":"https:\/\/diariodominicano.com\/index.php?rest_route=\/wp\/v2\/types\/post"}],"author":[{"embeddable":true,"href":"https:\/\/diariodominicano.com\/index.php?rest_route=\/wp\/v2\/users\/3"}],"replies":[{"embeddable":true,"href":"https:\/\/diariodominicano.com\/index.php?rest_route=%2Fwp%2Fv2%2Fcomments&post=70344"}],"version-history":[{"count":0,"href":"https:\/\/diariodominicano.com\/index.php?rest_route=\/wp\/v2\/posts\/70344\/revisions"}],"wp:attachment":[{"href":"https:\/\/diariodominicano.com\/index.php?rest_route=%2Fwp%2Fv2%2Fmedia&parent=70344"}],"wp:term":[{"taxonomy":"category","embeddable":true,"href":"https:\/\/diariodominicano.com\/index.php?rest_route=%2Fwp%2Fv2%2Fcategories&post=70344"},{"taxonomy":"post_tag","embeddable":true,"href":"https:\/\/diariodominicano.com\/index.php?rest_route=%2Fwp%2Fv2%2Ftags&post=70344"}],"curies":[{"name":"wp","href":"https:\/\/api.w.org\/{rel}","templated":true}]}}