{"id":70343,"date":"2009-02-11T19:31:43","date_gmt":"2009-02-11T19:31:43","guid":{"rendered":"http:\/\/diariodominicano.ddns.net\/?p=70343"},"modified":"2009-02-11T19:31:43","modified_gmt":"2009-02-11T19:31:43","slug":"uasd-presentara-variaciones-del-carnaval-dominicano-de-yanet-paulino","status":"publish","type":"post","link":"https:\/\/diariodominicano.com\/?p=70343","title":{"rendered":"UASD presentar\u00e1 \u201cVariaciones del Carnaval Dominicano\u201d de Yanet Paulino"},"content":{"rendered":"<p><body><\/p>\n<p class=\"titulogrande1\">UASD presentar\u00e1 \u201cVariaciones  del Carnaval Dominicano\u201d de Yanet Paulino<\/p>\n<p>&#13;<\/p>\n<p align=\"justify\" class=\"text1noticias\"><img loading=\"lazy\" decoding=\"async\" src=\"http:\/\/localhost:8080\/img\/yanes.jpg\" width=\"375\" height=\"300\" hspace=\"4\" align=\"left\" \/>La Universidad Aut\u00f3noma de Santo Domingo  presentar\u00e1 la exposici\u00f3n individual \u201cVariaciones del Carnaval Dominicano\u201d, de  la artista del lente, Yanet Paulino, quien pertenece al personal administrativo  de esa academia. <br \/>&#13;<br \/>\n  <br \/>&#13;<br \/>\nEl acto inaugural se llevar\u00e1 a cabo este jueves, a las 5:00  de la tarde, en el Lobby de la biblioteca Pedro Mir, lugar donde se mantendr\u00e1  la muestra fotogr\u00e1fica durante todo el mes de febrero.<\/p>\n<p>&#13;<\/p>\n<p align=\"justify\" class=\"text1noticias\">Esta actividad  estar\u00e1 encabezada por el rector, doctor Franklin Garc\u00eda Ferm\u00edn, el vicerrector  de Extensi\u00f3n, maestro Rafael Nino F\u00e9liz, y el director de RR. PP., licenciado  Juli\u00e1n Sosa.<br \/>&#13;<br \/>\n  \u00a0<br \/>&#13;<br \/>\n  Paulino naci\u00f3 en Gu\u00e1suma, Yamas\u00e1; es graduada de \u201cLicenciada  en Publicidad Menci\u00f3n Creatividad y Gerencia Publicitaria\u201d, en la Facultad de Artes de la    UASD. Es apasionada por la fotograf\u00eda y desde  hace varios a\u00f1os participa en charlas y seminarios sobre la materia y es  miembra de la Asociaci\u00f3n  de Fot\u00f3grafos de Prensa.<\/p>\n<p>&#13;<\/p>\n<p align=\"justify\" class=\"text1noticias\"> La artista del lente desde el a\u00f1o 2002 se interesa por el  carnaval dominicano y retrata a diversos personajes, momento a partir del cual  le surge la idea de presentar esta primera exposici\u00f3n, que fue expuesta al  p\u00fablico durante el mes de octubre del 2008, en Casa de Teatro, con mucha  asistencia de personas. <br \/>&#13;<br \/>\n\u00a0\u00a0\u00a0\u00a0\u00a0\u00a0\u00a0\u00a0 <br \/>&#13;<br \/>\n La exposici\u00f3n consta de 35 obras, realizadas en distintos  formatos en t\u00e9cnica mixta, clasificadas por a\u00f1os, desde el 2004 hasta el 2008,  en los cuales los personajes van demostrando fantas\u00eda, multiplicidad y dise\u00f1o,  que a trav\u00e9s del tiempo van incorporando elementos nuevos y colores atractivos.<\/p>\n<p>&#13;<\/p>\n<p align=\"justify\" class=\"text1noticias\">\u00a0\u00a0\u00a0\u00a0\u00a0\u00a0\u00a0\u00a0 <\/p>\n<p>&#13;<\/p>\n<p align=\"justify\" class=\"text1noticias\">Cada versi\u00f3n  presenta el uso de materiales vistosos, inusuales, con exagerados tocados y  proporciones para crear aura de carnaval y lujo, con colores brillantes y  combinaciones estridentes, obteniendo un impacto visual que interact\u00faa con la  silueta caribe\u00f1a y elementos culturales populares que enriquecen la expresi\u00f3n  cultural de nuestro pueblo.<\/p>\n<p>&#13;<\/p>\n<p align=\"justify\" class=\"text1noticias\"> La actividad es coordinada por la Rector\u00eda, la Vicerrector\u00eda de  Extensi\u00f3n y la Relaciones P\u00fablicas  de la UASD.<\/p>\n<p>&#13;<\/p>\n<h6> 2009-02-11 19:31:43 <\/h6>\n<p><!--\n<link rel=\"stylesheet\" href=\"css\/bootstrap.min.css\">\n\n\n<ul class=\"pagination\">\n\t    \n\t\n\n<li >\n\t<a href='?page_no=22020'>Previous<\/a>\n\t<\/li>\n\n\n       \n    \n\n<li><a href='?page_no=1'>1<\/a><\/li>\n\n\n\n<li><a href='?page_no=2'>2<\/a><\/li>\n\n\n\n<li><a>...<\/a><\/li>\n\n\n\n<li><a href='?page_no=22019'>22019<\/a><\/li>\n\n\n\n<li><a href='?page_no=22020'>22020<\/a><\/li>\n\n\n\n<li class='active'><a>22021<\/a><\/li>\n\n\n\n<li><a href='?page_no=22022'>22022<\/a><\/li>\n\n\n\n<li><a href='?page_no=22023'>22023<\/a><\/li>\n\n\n\n<li><a>...<\/a><\/li>\n\n\n\n<li><a href='?page_no=22911'>22911<\/a><\/li>\n\n\n\n<li><a href='?page_no=22912'>22912<\/a><\/li>\n\n    \n\t\n\n<li >\n\t<a href='?page_no=22022'>Next<\/a>\n\t<\/li>\n\n\n    \n\n<li><a href='?page_no=22912'>Last &rsaquo;&rsaquo;<\/a><\/li>\n\n<\/ul>\n\n\n--><br \/>\n<\/body><\/p>\n","protected":false},"excerpt":{"rendered":"<p>UASD presentar\u00e1 \u201cVariaciones del Carnaval Dominicano\u201d de Yanet Paulino &#13; La Universidad Aut\u00f3noma de Santo Domingo presentar\u00e1 la exposici\u00f3n individual \u201cVariaciones del Carnaval Dominicano\u201d, de la artista del lente, Yanet Paulino, quien pertenece al personal administrativo de esa academia. &#13; &#13; El acto inaugural se llevar\u00e1 a cabo este jueves, a las 5:00 de la [&hellip;]<\/p>\n","protected":false},"author":3,"featured_media":0,"comment_status":"open","ping_status":"open","sticky":false,"template":"","format":"standard","meta":{"footnotes":""},"categories":[21],"tags":[],"class_list":["post-70343","post","type-post","status-publish","format-standard","hentry","category-cultura"],"_links":{"self":[{"href":"https:\/\/diariodominicano.com\/index.php?rest_route=\/wp\/v2\/posts\/70343","targetHints":{"allow":["GET"]}}],"collection":[{"href":"https:\/\/diariodominicano.com\/index.php?rest_route=\/wp\/v2\/posts"}],"about":[{"href":"https:\/\/diariodominicano.com\/index.php?rest_route=\/wp\/v2\/types\/post"}],"author":[{"embeddable":true,"href":"https:\/\/diariodominicano.com\/index.php?rest_route=\/wp\/v2\/users\/3"}],"replies":[{"embeddable":true,"href":"https:\/\/diariodominicano.com\/index.php?rest_route=%2Fwp%2Fv2%2Fcomments&post=70343"}],"version-history":[{"count":0,"href":"https:\/\/diariodominicano.com\/index.php?rest_route=\/wp\/v2\/posts\/70343\/revisions"}],"wp:attachment":[{"href":"https:\/\/diariodominicano.com\/index.php?rest_route=%2Fwp%2Fv2%2Fmedia&parent=70343"}],"wp:term":[{"taxonomy":"category","embeddable":true,"href":"https:\/\/diariodominicano.com\/index.php?rest_route=%2Fwp%2Fv2%2Fcategories&post=70343"},{"taxonomy":"post_tag","embeddable":true,"href":"https:\/\/diariodominicano.com\/index.php?rest_route=%2Fwp%2Fv2%2Ftags&post=70343"}],"curies":[{"name":"wp","href":"https:\/\/api.w.org\/{rel}","templated":true}]}}