{"id":70340,"date":"2009-02-12T14:34:23","date_gmt":"2009-02-12T14:34:23","guid":{"rendered":"http:\/\/diariodominicano.ddns.net\/?p=70340"},"modified":"2009-02-12T14:34:23","modified_gmt":"2009-02-12T14:34:23","slug":"restauraran-ruinas-de-jacagua","status":"publish","type":"post","link":"https:\/\/diariodominicano.com\/?p=70340","title":{"rendered":"Restaurar\u00e1n Ruinas de Jacagua"},"content":{"rendered":"<p><body><\/p>\n<p class=\"titulogrande1\"><strong>Restaurar\u00e1n Ruinas de Jacagua<\/strong><\/p>\n<p>&#13;<\/p>\n<p><strong><em>Secretario  de Estado de Cultura preside encuentro con representativos de Santiago para  elaborar plan de rescate y revitalizaci\u00f3n de la zona donde fue fundada la  ciudad.<\/em><\/strong><\/p>\n<p>&#13;<\/p>\n<p>\u00a0<\/p>\n<p>&#13;<\/p>\n<p align=\"justify\" class=\"text1noticias\"><strong><img loading=\"lazy\" decoding=\"async\" src=\"http:\/\/localhost:8080\/img\/jarag.jpg\" width=\"375\" height=\"235\" hspace=\"4\" align=\"left\" \/>SANTIAGO DE LOS CABALLEROS<\/strong>.- El Secretario de Estado de Cultura, Jos\u00e9 Rafael Lantigua, presidi\u00f3  aqu\u00ed la primera asamblea de la Comisi\u00f3n Presidencial para la Revitalizaci\u00f3n de  las Ruinas Coloniales de Jacagua, creada por decreto del Presidente Leonel  Fern\u00e1ndez, el a\u00f1o pasado.<\/p>\n<p>&#13;<\/p>\n<p align=\"justify\" class=\"text1noticias\">En el encuentro, efectuado en el Ayuntamiento  Municipal, Lantigua afirm\u00f3 que la restauraci\u00f3n de las ruinas de Jacagua debe  realizarse conforme el mandato presidencial, que establece las acciones a  desarrollar, por lo que sugiri\u00f3 que se presenten ideas concretas para los  trabajos que corresponde realizar.<\/p>\n<p>&#13;<\/p>\n<p align=\"justify\" class=\"text1noticias\">Lantigua dijo adem\u00e1s que para este rescate de  las ruinas deben tomarse en cuenta las formulaciones del Plan Estrat\u00e9gico de  Santiago, conjuntamente con las reglamentaciones del Patrimonio Cultural y  conforme los acuerdos internacionales sobre la materia.<\/p>\n<p>&#13;<\/p>\n<p align=\"justify\" class=\"text1noticias\">En el encuentro se acord\u00f3 la realizaci\u00f3n de  diversas acciones inmediatas, entre ellas, la contrataci\u00f3n de la agrimensora  Mayra Kunhart para los trabajos de georeferenciaci\u00f3n, que permitir\u00e1 que, en 30  d\u00edas, se efect\u00fae la medici\u00f3n y tasaci\u00f3n de los terrenos citados en el decreto  presidencial.<\/p>\n<p>&#13;<\/p>\n<p align=\"justify\">\u00a0<\/p>\n<p>&#13;<\/p>\n<p align=\"justify\">\u00a0<\/p>\n<p>&#13;<\/p>\n<p align=\"justify\">\u00a0<\/p>\n<p>&#13;<\/p>\n<p align=\"justify\">\u00a0<\/p>\n<p>&#13;<\/p>\n<p align=\"justify\" class=\"text1noticias\">Igualmente, se priorizaron los estudios de  prospecci\u00f3n arqueol\u00f3gica, como condici\u00f3n para evaluar debidamente los terrenos  donde se encuentran las ruinas del Distrito Municipal de Jacagua.<\/p>\n<p>&#13;<\/p>\n<p align=\"justify\" class=\"text1noticias\">Se acord\u00f3 adem\u00e1s obtener im\u00e1genes satelitales y  utilizar t\u00e9cnicas arqueol\u00f3gicas que permitan el estudio pormenorizado de las  ruinas, tomando en cuenta que sobre las mismas se efectuaron construcciones que  no son de la \u00e9poca colonial, y que datan de inicios del siglo veinte,  efectuadas por el maestro constructor Onofre de Lora.<\/p>\n<p>&#13;<\/p>\n<p align=\"justify\" class=\"text1noticias\">El Secretario de Cultura sugiri\u00f3 la realizaci\u00f3n  inmediata de los estudios arqueol\u00f3gicos, los cuales fueron llevados a cabo d\u00edas  despu\u00e9s por t\u00e9cnicos de Patrimonio Cultural y del Museo del Hombre Dominicano,  conjuntamente con directivos del Plan Estrat\u00e9gico de Santiago y la Direcci\u00f3n de  Planeamiento Urbano del Ayuntamiento.<\/p>\n<p>&#13;<\/p>\n<p align=\"justify\" class=\"text1noticias\">La pr\u00f3xima reuni\u00f3n de la comisi\u00f3n presidencial  tendr\u00e1 lugar a mediados de febrero en las mismas Ruinas Coloniales de Jacagua.<\/p>\n<p>&#13;<\/p>\n<p align=\"justify\" class=\"text1noticias\">En el encuentro estuvieron presentes el S\u00edndico  Jos\u00e9 Enrique Sued, el Senador Francisco Dom\u00ednguez Brito; Hendrik Kelner,  presidente del Consejo de Desarrollo; Lidia Le\u00f3n, directora de la Fundaci\u00f3n  Eduardo Le\u00f3n Jimenes; Rafael Emilio Yun\u00e9n, director del Centro Cultural Eduardo  Le\u00f3n; la Subsecretaria de Patrimonio Cultural, Lourdes Camilo de Cuello; el  historiador H\u00e9ctor Luis Mart\u00ednez, director del Museo Nacional de Historia y  Geograf\u00eda; Juan Rodr\u00edguez Acosta, director del Museo del Hombre Dominicano, y  Reynaldo Peguero, director del Plan Estrat\u00e9gico de Santiago.<\/p>\n<p>&#13;<\/p>\n<p align=\"justify\" class=\"text1noticias\">Adem\u00e1s, Enegildo Pe\u00f1a, Subsecretario de Cultura  para la Regi\u00f3n Norte; V\u00edctor Garc\u00eda Sued, Secretario Administrativo del  Ayuntamiento; Francisco Hern\u00e1ndez, de la Gobernaci\u00f3n Provincial; Fausto Ortiz,  director de Patrimonio Cultural en Santiago; y, Oscar Nazer Dabas, director de  Planeamiento Urbano, entre otros.<\/p>\n<p>&#13;<\/p>\n<h6> 2009-02-12 14:34:23 <\/h6>\n<p><!--\n<link rel=\"stylesheet\" href=\"css\/bootstrap.min.css\">\n\n\n<ul class=\"pagination\">\n\t    \n\t\n\n<li >\n\t<a href='?page_no=22017'>Previous<\/a>\n\t<\/li>\n\n\n       \n    \n\n<li><a href='?page_no=1'>1<\/a><\/li>\n\n\n\n<li><a href='?page_no=2'>2<\/a><\/li>\n\n\n\n<li><a>...<\/a><\/li>\n\n\n\n<li><a href='?page_no=22016'>22016<\/a><\/li>\n\n\n\n<li><a href='?page_no=22017'>22017<\/a><\/li>\n\n\n\n<li class='active'><a>22018<\/a><\/li>\n\n\n\n<li><a href='?page_no=22019'>22019<\/a><\/li>\n\n\n\n<li><a href='?page_no=22020'>22020<\/a><\/li>\n\n\n\n<li><a>...<\/a><\/li>\n\n\n\n<li><a href='?page_no=22911'>22911<\/a><\/li>\n\n\n\n<li><a href='?page_no=22912'>22912<\/a><\/li>\n\n    \n\t\n\n<li >\n\t<a href='?page_no=22019'>Next<\/a>\n\t<\/li>\n\n\n    \n\n<li><a href='?page_no=22912'>Last &rsaquo;&rsaquo;<\/a><\/li>\n\n<\/ul>\n\n\n--><br \/>\n<\/body><\/p>\n","protected":false},"excerpt":{"rendered":"<p>Restaurar\u00e1n Ruinas de Jacagua &#13; Secretario de Estado de Cultura preside encuentro con representativos de Santiago para elaborar plan de rescate y revitalizaci\u00f3n de la zona donde fue fundada la ciudad. &#13; \u00a0 &#13; SANTIAGO DE LOS CABALLEROS.- El Secretario de Estado de Cultura, Jos\u00e9 Rafael Lantigua, presidi\u00f3 aqu\u00ed la primera asamblea de la Comisi\u00f3n [&hellip;]<\/p>\n","protected":false},"author":3,"featured_media":0,"comment_status":"open","ping_status":"open","sticky":false,"template":"","format":"standard","meta":{"footnotes":""},"categories":[21],"tags":[],"class_list":["post-70340","post","type-post","status-publish","format-standard","hentry","category-cultura"],"_links":{"self":[{"href":"https:\/\/diariodominicano.com\/index.php?rest_route=\/wp\/v2\/posts\/70340","targetHints":{"allow":["GET"]}}],"collection":[{"href":"https:\/\/diariodominicano.com\/index.php?rest_route=\/wp\/v2\/posts"}],"about":[{"href":"https:\/\/diariodominicano.com\/index.php?rest_route=\/wp\/v2\/types\/post"}],"author":[{"embeddable":true,"href":"https:\/\/diariodominicano.com\/index.php?rest_route=\/wp\/v2\/users\/3"}],"replies":[{"embeddable":true,"href":"https:\/\/diariodominicano.com\/index.php?rest_route=%2Fwp%2Fv2%2Fcomments&post=70340"}],"version-history":[{"count":0,"href":"https:\/\/diariodominicano.com\/index.php?rest_route=\/wp\/v2\/posts\/70340\/revisions"}],"wp:attachment":[{"href":"https:\/\/diariodominicano.com\/index.php?rest_route=%2Fwp%2Fv2%2Fmedia&parent=70340"}],"wp:term":[{"taxonomy":"category","embeddable":true,"href":"https:\/\/diariodominicano.com\/index.php?rest_route=%2Fwp%2Fv2%2Fcategories&post=70340"},{"taxonomy":"post_tag","embeddable":true,"href":"https:\/\/diariodominicano.com\/index.php?rest_route=%2Fwp%2Fv2%2Ftags&post=70340"}],"curies":[{"name":"wp","href":"https:\/\/api.w.org\/{rel}","templated":true}]}}