{"id":70339,"date":"2009-02-12T18:03:17","date_gmt":"2009-02-12T18:03:17","guid":{"rendered":"http:\/\/diariodominicano.ddns.net\/?p=70339"},"modified":"2009-02-12T18:03:17","modified_gmt":"2009-02-12T18:03:17","slug":"departamento-aeroportuario-realiza-deposita-ofrenda-floral-en-el-altar-de-la-patria","status":"publish","type":"post","link":"https:\/\/diariodominicano.com\/?p=70339","title":{"rendered":"Departamento Aeroportuario realiza deposita ofrenda floral en el altar de la Patria"},"content":{"rendered":"<p><body><\/p>\n<p align=\"justify\" class=\"titulogrande1\"><strong>Departamento Aeroportuario realiza deposita ofrenda floral en el  altar de la Patria<\/strong><\/p>\n<p>&#13;<\/p>\n<p align=\"justify\" class=\"text1noticias\"><strong><img loading=\"lazy\" decoding=\"async\" src=\"http:\/\/localhost:8080\/img\/altares.jpg\" width=\"372\" height=\"285\" hspace=\"4\" align=\"left\" \/>SANTO DOMINGO, 12 de Febrero del 2009.- <\/strong>El  Departamento Aeroportuario deposit\u00f3 hoy una ofrenda floral en el Altar de la Patria, en conmemoraci\u00f3n a  la celebraci\u00f3n de mes de la patria, organizado por la Comisi\u00f3n Permanente  de Efem\u00e9rides Patria.<\/p>\n<p>&#13;<\/p>\n<p align=\"justify\" class=\"text1noticias\">El acto fue  encabezado por Andr\u00e9s Van Der Horst, director ejecutivo de la instituci\u00f3n,  quien estuvo acompa\u00f1ado de ejecutivos y encargados departamentales de la  entidad aeroportuaria. <\/p>\n<p>&#13;<\/p>\n<p align=\"justify\" class=\"text1noticias\">Van Der  Horst se\u00f1al\u00f3 que en los actuales momentos de crisis se hace necesario que cada  ciudadano y ciudadanas pongan de manifiesto los ideales duartianos.\u00a0 <\/p>\n<p>&#13;<\/p>\n<h6> 2009-02-12 18:03:17 <\/h6>\n<p><!--\n<link rel=\"stylesheet\" href=\"css\/bootstrap.min.css\">\n\n\n<ul class=\"pagination\">\n\t    \n\t\n\n<li >\n\t<a href='?page_no=22016'>Previous<\/a>\n\t<\/li>\n\n\n       \n    \n\n<li><a href='?page_no=1'>1<\/a><\/li>\n\n\n\n<li><a href='?page_no=2'>2<\/a><\/li>\n\n\n\n<li><a>...<\/a><\/li>\n\n\n\n<li><a href='?page_no=22015'>22015<\/a><\/li>\n\n\n\n<li><a href='?page_no=22016'>22016<\/a><\/li>\n\n\n\n<li class='active'><a>22017<\/a><\/li>\n\n\n\n<li><a href='?page_no=22018'>22018<\/a><\/li>\n\n\n\n<li><a href='?page_no=22019'>22019<\/a><\/li>\n\n\n\n<li><a>...<\/a><\/li>\n\n\n\n<li><a href='?page_no=22911'>22911<\/a><\/li>\n\n\n\n<li><a href='?page_no=22912'>22912<\/a><\/li>\n\n    \n\t\n\n<li >\n\t<a href='?page_no=22018'>Next<\/a>\n\t<\/li>\n\n\n    \n\n<li><a href='?page_no=22912'>Last &rsaquo;&rsaquo;<\/a><\/li>\n\n<\/ul>\n\n\n--><br \/>\n<\/body><\/p>\n","protected":false},"excerpt":{"rendered":"<p>Departamento Aeroportuario realiza deposita ofrenda floral en el altar de la Patria &#13; SANTO DOMINGO, 12 de Febrero del 2009.- El Departamento Aeroportuario deposit\u00f3 hoy una ofrenda floral en el Altar de la Patria, en conmemoraci\u00f3n a la celebraci\u00f3n de mes de la patria, organizado por la Comisi\u00f3n Permanente de Efem\u00e9rides Patria. &#13; El acto [&hellip;]<\/p>\n","protected":false},"author":3,"featured_media":0,"comment_status":"open","ping_status":"open","sticky":false,"template":"","format":"standard","meta":{"footnotes":""},"categories":[21],"tags":[],"class_list":["post-70339","post","type-post","status-publish","format-standard","hentry","category-cultura"],"_links":{"self":[{"href":"https:\/\/diariodominicano.com\/index.php?rest_route=\/wp\/v2\/posts\/70339","targetHints":{"allow":["GET"]}}],"collection":[{"href":"https:\/\/diariodominicano.com\/index.php?rest_route=\/wp\/v2\/posts"}],"about":[{"href":"https:\/\/diariodominicano.com\/index.php?rest_route=\/wp\/v2\/types\/post"}],"author":[{"embeddable":true,"href":"https:\/\/diariodominicano.com\/index.php?rest_route=\/wp\/v2\/users\/3"}],"replies":[{"embeddable":true,"href":"https:\/\/diariodominicano.com\/index.php?rest_route=%2Fwp%2Fv2%2Fcomments&post=70339"}],"version-history":[{"count":0,"href":"https:\/\/diariodominicano.com\/index.php?rest_route=\/wp\/v2\/posts\/70339\/revisions"}],"wp:attachment":[{"href":"https:\/\/diariodominicano.com\/index.php?rest_route=%2Fwp%2Fv2%2Fmedia&parent=70339"}],"wp:term":[{"taxonomy":"category","embeddable":true,"href":"https:\/\/diariodominicano.com\/index.php?rest_route=%2Fwp%2Fv2%2Fcategories&post=70339"},{"taxonomy":"post_tag","embeddable":true,"href":"https:\/\/diariodominicano.com\/index.php?rest_route=%2Fwp%2Fv2%2Ftags&post=70339"}],"curies":[{"name":"wp","href":"https:\/\/api.w.org\/{rel}","templated":true}]}}