{"id":70338,"date":"2009-02-18T14:47:40","date_gmt":"2009-02-18T14:47:40","guid":{"rendered":"http:\/\/diariodominicano.ddns.net\/?p=70338"},"modified":"2009-02-18T14:47:40","modified_gmt":"2009-02-18T14:47:40","slug":"secretaria-de-estado-de-cultura-ofrecio-muestra-artistica-para-expertos-iberoamericanos-durante-un-recorrido-en-el-palacio-de-bellas-artes","status":"publish","type":"post","link":"https:\/\/diariodominicano.com\/?p=70338","title":{"rendered":"Secretar\u00eda  de  Estado  de  Cultura  ofreci\u00f3   muestra  art\u00edstica  para  expertos  iberoamericanos  durante  un  recorrido en  el  Palacio  de  Bellas  Artes"},"content":{"rendered":"<p><body><\/p>\n<p><span class=\"text1noticias\">La Secretar\u00eda de  Estado  de  Cultura ofreci\u00f3 una muestra art\u00edstica  a  expertos  iberoamericanos  durante  un  recorrido en  el  Palacio  de  Bellas  Artes,  con  motivo  de  su  participaci\u00f3n  en  la Reuni\u00f3n   de  Expertos  Iberoamericanos  celebrada  en  nuestro  pa\u00eds.<\/span><\/p>\n<p><span class=\"text1noticias\"> <\/span><\/p>\n<p><span class=\"text1noticias\">La  actividad  estuvo  presidida  por  el  secretario  de  Estado  de  Cultura,  licenciado  Jos\u00e9  Rafael  Lantigua,  acompa\u00f1ado  de  los  subsecretarios   y  funcionarios  de  la  cartera  a  su  cargo,  quienes  dieron  la  bienvenida  a  los  invitados  y  les  acompa\u00f1aron  durante  todo  el  recorrido.<\/span><\/p>\n<\/p>\n<p><span class=\"text1noticias\">Los  invitados  fueron  guiados  hacia  cada  una  de  las  \u00e1reas  del  Palacio,  donde  adem\u00e1s  de  recibir  informaciones  acerca  del  origen  arquitect\u00f3nico  de  la  estructura,  los  espacios  fueron  aprovechados  con  la  presentaci\u00f3n  de  muestras  vivas  de  los  proyectos  y  programas  emblem\u00e1ticos  en  el  \u00e1rea  de  formaci\u00f3n  y  difusi\u00f3n  de  la  SEC, de  manera  alternada  y  en  lugares  espec\u00edficos  a  lo  largo  del  recorrido.<\/span><\/p>\n<\/p>\n<p><span class=\"text1noticias\">La  coordinaci\u00f3n  general  de  la  actividad estuvo  a  cargo  de  la  licenciada  Bernarda  Jorge,  subsecretar\u00eda  de  Creatividad  y  Participaci\u00f3n  Popular  de  la  SEC  y cont\u00f3  con  la  producci\u00f3n  art\u00edstica  de  V\u00edctor Ram\u00edrez.<\/span><\/p>\n<\/p>\n<p><span class=\"text1noticias\">El  programa  art\u00edstico  cont\u00f3  con  la  participaci\u00f3n  de  los  grupos:  Teatro  Rodante,  con  la  obra  El  Asalto  al  Pirata, que  hace  referencia  a  la  invasi\u00f3n  de  Francis  Drake  al  Santo  Domingo colonial, dirigida  por  la actriz  Carlota  Carretero;  y  la  obra  de  t\u00edteres  U,A,I,  del  Taller  Creativo  Papalote. <\/span><\/p>\n<\/p>\n<p><span class=\"text1noticias\">Tambi\u00e9n,  particip\u00f3  el  Coro Nacional,  bajo la  direcci\u00f3n  del  doctor  Jos\u00e9  E.  Esp\u00edn, con las  piezas  El coro  de  la  procesi\u00f3n, de  I Lom Bardi, de  G.  Verdi  y  cerr\u00f3  con  el  merengue  Ca\u00f1a  brava.<\/span><\/p>\n<\/p>\n<p><span class=\"text1noticias\">Asimismo, el  recorrido continu\u00f3 con  la  presentaci\u00f3n  del   Ballet  Cl\u00e1sico  Nacional,  presidido  por  Marinella  Sallent,  quien  present\u00f3  las  piezas  Con  el  tiempo,  m\u00fasica  de  Enrique  de  Marchena,  Luis  Rivera  y  Bullumba  Landestoy; una coreograf\u00eda  de  Carlos  Veit\u00eda.<\/span><\/p>\n<\/p>\n<p><span class=\"text1noticias\">El Ballet  Folkl\u00f3rico  Nacional, dirigido  por  Josefina  Mini\u00f1o,  figura  emblem\u00e1tica  de  la  danza  dominicana,  cautiv\u00f3  a  los  presentes  durante  su  intervenci\u00f3n.  De  igual  manera,  particip\u00f3  el  grupo  de  danza  folkl\u00f3rico  de  ni\u00f1os  y  ni\u00f1as  de  la  Escuela  Libre  del  sector  Capotillo,  que  dirige  la  destacada  bailarina  folkl\u00f3rica  Nereyda  Rodr\u00edguez.<\/span><\/p>\n<\/p>\n<p><span class=\"text1noticias\">Durante  el  recorrido, un  cuarteto  de  j\u00f3venes  saxofonistas  del  Conservatorio  Nacional  de  M\u00fasica  acogi\u00f3  a  los  presentes  en  el  sal\u00f3n  la  Rotonda  del  Palacio  de  Bellas  Artes, quienes interpretaron<\/span><\/p>\n<p><span class=\"text1noticias\"> las  piezas  Chicago  y  Dueto  para  saxof\u00f3n,  del  Libro  Universal  de  Saxof\u00f3n.<\/span><\/p>\n<\/p>\n<p><span class=\"text1noticias\">Mar\u00eda Irene Blanco, directora  del  conservatorio, manifest\u00f3 la  importancia  del  saxof\u00f3n  como              instrumento indispensable  para  el  merengue, y  destac\u00f3 la  participaci\u00f3n  de  Remy  Vargas,  joven  director  a  cargo  del  cuarteto,  egresado  hace  dos  a\u00f1os  del  Conservatorio.<\/span><\/p>\n<\/p>\n<p><span class=\"text1noticias\">El  recorrido  art\u00edstico  culmin\u00f3  con  la  muestra  musical  del  ensamble  folkl\u00f3rica  interpretada  por  estudiantes,  tambi\u00e9n  del  Conservatorio, con  la direcci\u00f3n  del  m\u00fasico e investigador Edis  S\u00e1nchez,  y  una  banda  de  m\u00fasica  a  cargo  de  Joe  Nicol\u00e1s,  ambas  presentaciones  como  elemento  innovador  del  Conservatorio  Nacional  de  M\u00fasica.<\/span><\/p>\n<h6> 2009-02-18 14:47:40 <\/h6>\n<p><!--\n<link rel=\"stylesheet\" href=\"css\/bootstrap.min.css\">\n\n\n<ul class=\"pagination\">\n\t    \n\t\n\n<li >\n\t<a href='?page_no=22015'>Previous<\/a>\n\t<\/li>\n\n\n       \n    \n\n<li><a href='?page_no=1'>1<\/a><\/li>\n\n\n\n<li><a href='?page_no=2'>2<\/a><\/li>\n\n\n\n<li><a>...<\/a><\/li>\n\n\n\n<li><a href='?page_no=22014'>22014<\/a><\/li>\n\n\n\n<li><a href='?page_no=22015'>22015<\/a><\/li>\n\n\n\n<li class='active'><a>22016<\/a><\/li>\n\n\n\n<li><a href='?page_no=22017'>22017<\/a><\/li>\n\n\n\n<li><a href='?page_no=22018'>22018<\/a><\/li>\n\n\n\n<li><a>...<\/a><\/li>\n\n\n\n<li><a href='?page_no=22911'>22911<\/a><\/li>\n\n\n\n<li><a href='?page_no=22912'>22912<\/a><\/li>\n\n    \n\t\n\n<li >\n\t<a href='?page_no=22017'>Next<\/a>\n\t<\/li>\n\n\n    \n\n<li><a href='?page_no=22912'>Last &rsaquo;&rsaquo;<\/a><\/li>\n\n<\/ul>\n\n\n--><br \/>\n<\/body><\/p>\n","protected":false},"excerpt":{"rendered":"<p>La Secretar\u00eda de Estado de Cultura ofreci\u00f3 una muestra art\u00edstica a expertos iberoamericanos durante un recorrido en el Palacio de Bellas Artes, con motivo de su participaci\u00f3n en la Reuni\u00f3n de Expertos Iberoamericanos celebrada en nuestro pa\u00eds. La actividad estuvo presidida por el secretario de Estado de Cultura, licenciado Jos\u00e9 Rafael Lantigua, acompa\u00f1ado de los [&hellip;]<\/p>\n","protected":false},"author":3,"featured_media":0,"comment_status":"open","ping_status":"open","sticky":false,"template":"","format":"standard","meta":{"footnotes":""},"categories":[21],"tags":[],"class_list":["post-70338","post","type-post","status-publish","format-standard","hentry","category-cultura"],"_links":{"self":[{"href":"https:\/\/diariodominicano.com\/index.php?rest_route=\/wp\/v2\/posts\/70338","targetHints":{"allow":["GET"]}}],"collection":[{"href":"https:\/\/diariodominicano.com\/index.php?rest_route=\/wp\/v2\/posts"}],"about":[{"href":"https:\/\/diariodominicano.com\/index.php?rest_route=\/wp\/v2\/types\/post"}],"author":[{"embeddable":true,"href":"https:\/\/diariodominicano.com\/index.php?rest_route=\/wp\/v2\/users\/3"}],"replies":[{"embeddable":true,"href":"https:\/\/diariodominicano.com\/index.php?rest_route=%2Fwp%2Fv2%2Fcomments&post=70338"}],"version-history":[{"count":0,"href":"https:\/\/diariodominicano.com\/index.php?rest_route=\/wp\/v2\/posts\/70338\/revisions"}],"wp:attachment":[{"href":"https:\/\/diariodominicano.com\/index.php?rest_route=%2Fwp%2Fv2%2Fmedia&parent=70338"}],"wp:term":[{"taxonomy":"category","embeddable":true,"href":"https:\/\/diariodominicano.com\/index.php?rest_route=%2Fwp%2Fv2%2Fcategories&post=70338"},{"taxonomy":"post_tag","embeddable":true,"href":"https:\/\/diariodominicano.com\/index.php?rest_route=%2Fwp%2Fv2%2Ftags&post=70338"}],"curies":[{"name":"wp","href":"https:\/\/api.w.org\/{rel}","templated":true}]}}