{"id":70316,"date":"2009-02-26T15:23:13","date_gmt":"2009-02-26T15:23:13","guid":{"rendered":"http:\/\/diariodominicano.ddns.net\/?p=70316"},"modified":"2009-02-26T15:23:13","modified_gmt":"2009-02-26T15:23:13","slug":"efemerides-cierra-el-mes-de-la-patria-en-santiago","status":"publish","type":"post","link":"https:\/\/diariodominicano.com\/?p=70316","title":{"rendered":"Efem\u00e9rides cierra el Mes de la Patria en Santiago"},"content":{"rendered":"<p><body><\/p>\n<p><span class=\"text1noticias\">La Comisi\u00f3n Permanente de Efem\u00e9rides Patrias culminar\u00e1 las actividades organizadas para celebrar el Mes de la Patria este viernes 27 de Febrero en Santiago de los Caballeros.<\/span><\/p>\n<\/p>\n<p><span class=\"text1noticias\">Los actos estar\u00e1n encabezados por el presidente de esta entidad, el licenciado Juan Daniel Balc\u00e1cer, junto a autoridades y personalidades de esta provincia.<\/span><\/p>\n<\/p>\n<p><span class=\"text1noticias\">Entre las actividades programadas destacan el enhestamiento de la Bandera Nacional con Honores Militares , frente a la gobernaci\u00f3n de Santiago, a las 8 de la ma\u00f1ana.<\/span><\/p>\n<\/p>\n<p><span class=\"text1noticias\">En tanto que a las 8:30 de la ma\u00f1ana el 165 Aniversario de la Independencia Nacional ser\u00e1 conmemorado con un Tedeum que oficiar\u00e1  su excelencia Monse\u00f1or Ram\u00f3n Benito de la Rosa y Carpio, en la Catedral Santiago Ap\u00f3stol.<\/span><\/p>\n<\/p>\n<p><span class=\"text1noticias\">El Desfile Escolar, en el que participar\u00e1n autoridades de la provincia, estudiantes y profesores de centros educativos p\u00fablicos y privados, est\u00e1 pautado para iniciar a las 9:30 de la ma\u00f1ana, saliendo del Parque Duarte, frente al Ayuntamiento Municipal de Santiago.<\/span><\/p>\n<\/p>\n<p><span class=\"text1noticias\">As\u00ed mismo, ser\u00e1 colocar\u00e1  Ofrenda floral ante la estatua del patricio Juan Pablo Duarte, con la participaci\u00f3n de todos los presentes.<\/span><\/p>\n<\/p>\n<p><span class=\"text1noticias\">El licenciado Juan Daniel Balc\u00e1cer  destac\u00f3 el gran \u00e9xito que ha significado este Mes de la Patria, por la gran acogida que han tenido la mayor\u00eda de las actividades programadas en el seno de la poblaci\u00f3n, que particip\u00f3 en masa en las mismas.<\/span><\/p>\n<\/p>\n<p><span class=\"text1noticias\">Desde el pasado 26 de enero, la Comisi\u00f3n Permanente de Efem\u00e9rides Patrias ha cumplido con un amplio programa de actividades que  inclu\u00eda conferencias, obras de teatro, homenajes a la Bandera, a Duarte y a Mella por sus natalicios, ofrendas florales, desfiles, etc.<\/span><\/p>\n<\/p>\n<p><span class=\"text1noticias\">El cierre popular de estas actividades ser\u00e1 en el Monumento a los H\u00e9roes de la Restauraci\u00f3n, con un concierto de m\u00fasica dominicana en el que participan Sergio Vargas, Kinito M\u00e9ndez, Pe\u00f1a Suazo y la Banda Gorda, Michell y Kiko El Presidente.<\/span><\/p>\n<\/p>\n<p><span class=\"text1noticias\">Los animadores de este concierto son Brenda S\u00e1nchez, El Rubio Charlie y Miguel Ortega. El mismo ser\u00e1 transmitido por una cadena de canales integradas por CERTV- (Canal4), Antena Latina (Canal 7), Telecentro (Canal 13) canales 21, 25, 29, Teleuni\u00f3n, Mega Visi\u00f3n y por la emisora Clave 95.9 F.M.<\/span><\/p>\n<h6> 2009-02-26 15:23:13 <\/h6>\n<p><!--\n<link rel=\"stylesheet\" href=\"css\/bootstrap.min.css\">\n\n\n<ul class=\"pagination\">\n\t    \n\t\n\n<li >\n\t<a href='?page_no=21993'>Previous<\/a>\n\t<\/li>\n\n\n       \n    \n\n<li><a href='?page_no=1'>1<\/a><\/li>\n\n\n\n<li><a href='?page_no=2'>2<\/a><\/li>\n\n\n\n<li><a>...<\/a><\/li>\n\n\n\n<li><a href='?page_no=21992'>21992<\/a><\/li>\n\n\n\n<li><a href='?page_no=21993'>21993<\/a><\/li>\n\n\n\n<li class='active'><a>21994<\/a><\/li>\n\n\n\n<li><a href='?page_no=21995'>21995<\/a><\/li>\n\n\n\n<li><a href='?page_no=21996'>21996<\/a><\/li>\n\n\n\n<li><a>...<\/a><\/li>\n\n\n\n<li><a href='?page_no=22911'>22911<\/a><\/li>\n\n\n\n<li><a href='?page_no=22912'>22912<\/a><\/li>\n\n    \n\t\n\n<li >\n\t<a href='?page_no=21995'>Next<\/a>\n\t<\/li>\n\n\n    \n\n<li><a href='?page_no=22912'>Last &rsaquo;&rsaquo;<\/a><\/li>\n\n<\/ul>\n\n\n--><br \/>\n<\/body><\/p>\n","protected":false},"excerpt":{"rendered":"<p>La Comisi\u00f3n Permanente de Efem\u00e9rides Patrias culminar\u00e1 las actividades organizadas para celebrar el Mes de la Patria este viernes 27 de Febrero en Santiago de los Caballeros. Los actos estar\u00e1n encabezados por el presidente de esta entidad, el licenciado Juan Daniel Balc\u00e1cer, junto a autoridades y personalidades de esta provincia. Entre las actividades programadas destacan [&hellip;]<\/p>\n","protected":false},"author":3,"featured_media":0,"comment_status":"open","ping_status":"open","sticky":false,"template":"","format":"standard","meta":{"footnotes":""},"categories":[21],"tags":[],"class_list":["post-70316","post","type-post","status-publish","format-standard","hentry","category-cultura"],"_links":{"self":[{"href":"https:\/\/diariodominicano.com\/index.php?rest_route=\/wp\/v2\/posts\/70316","targetHints":{"allow":["GET"]}}],"collection":[{"href":"https:\/\/diariodominicano.com\/index.php?rest_route=\/wp\/v2\/posts"}],"about":[{"href":"https:\/\/diariodominicano.com\/index.php?rest_route=\/wp\/v2\/types\/post"}],"author":[{"embeddable":true,"href":"https:\/\/diariodominicano.com\/index.php?rest_route=\/wp\/v2\/users\/3"}],"replies":[{"embeddable":true,"href":"https:\/\/diariodominicano.com\/index.php?rest_route=%2Fwp%2Fv2%2Fcomments&post=70316"}],"version-history":[{"count":0,"href":"https:\/\/diariodominicano.com\/index.php?rest_route=\/wp\/v2\/posts\/70316\/revisions"}],"wp:attachment":[{"href":"https:\/\/diariodominicano.com\/index.php?rest_route=%2Fwp%2Fv2%2Fmedia&parent=70316"}],"wp:term":[{"taxonomy":"category","embeddable":true,"href":"https:\/\/diariodominicano.com\/index.php?rest_route=%2Fwp%2Fv2%2Fcategories&post=70316"},{"taxonomy":"post_tag","embeddable":true,"href":"https:\/\/diariodominicano.com\/index.php?rest_route=%2Fwp%2Fv2%2Ftags&post=70316"}],"curies":[{"name":"wp","href":"https:\/\/api.w.org\/{rel}","templated":true}]}}