{"id":70312,"date":"2009-02-26T20:10:52","date_gmt":"2009-02-26T20:10:52","guid":{"rendered":"http:\/\/diariodominicano.ddns.net\/?p=70312"},"modified":"2009-02-26T20:10:52","modified_gmt":"2009-02-26T20:10:52","slug":"centro-cultural-narciso-gonzalez-presenta-ix-festival-nacional-emilio-aparicio-xvii-marzo-teatral","status":"publish","type":"post","link":"https:\/\/diariodominicano.com\/?p=70312","title":{"rendered":"Centro Cultural Narciso Gonz\u00e1lez presenta IX Festival Nacional Emilio Aparicio (XVII Marzo Teatral)"},"content":{"rendered":"<p><body><\/p>\n<p><img decoding=\"async\" src=\"http:\/\/localhost:8080\/img3\/dicur.jpg\" \/>  <\/p>\n<p><span class=\"text1noticias\">El Centro Cultural Narciso Gonz\u00e1lez, de la Secretar\u00eda de Estado de Cultura, presentar\u00e1 el Festival Nacional de Teatro Aficionado Emilio Aparicio en su novena versi\u00f3n, a inaugurarse el pr\u00f3ximo d\u00eda 2 de  marzo del presente a\u00f1o 2009, con la obra ?Del otro lado del mundo?, a las 7:00 de la noche, en la Sala Monina Sol\u00e1 del referido centro.<\/span><\/p>\n<\/p>\n<p><span class=\"text1noticias\">El festival de teatro aficionado contar\u00e1 con la participaci\u00f3n de unos 38 grupos, conformados en diferentes \u00e1reas como son: infantil, interior, Distrito Nacional,  teatro de calle e internacional. Con la particularidad de que esta parte estar\u00e1n como invitados los grupos teatrales: ?Los buenos de Palermo? de Argentina;  ?Grupo Sobretablas? de Venezuela y Teatro El Grupo integrado por artistas de la ?Di\u00e1spora Dominicana? residente en Nueva York. <\/span><\/p>\n<\/p>\n<p><span class=\"text1noticias\">La informaci\u00f3n fue dada por Basilio Nova, Director del Centro Cultural Narciso Gonz\u00e1lez, mediante una Rueda de Prensa efectuada en el referido recinto cultural, adem\u00e1s se\u00f1al\u00f3 en el encuentro con la prensa que los noveles de las tablas estar\u00e1n present\u00e1ndose del 2 al 15 de marzo en las salas Monina Sol\u00e1 y la de T\u00edteres, ambas ubicadas en el Centro Cultural Narciso Gonz\u00e1lez.<\/span><\/p>\n<\/p>\n<p><span class=\"text1noticias\">Entre las obras nacionales a presentarse estar\u00e1n ?El exilio? de Rhenny Armando Gotos; ?Del otro lado del mundo? de Edward D\u00edaz y dirigida por Lidia Ariza; ?La Casa Embrujada? de Francisco Palacios Hardy, dirigida por Gabriel Terrero G\u00f3mez; ?Tiempo de Esperanza? de Elba Batista; ?Tr\u00e1gico a la Fuerza? de Ant\u00f3n Chejov, dirigida por Enrique Vidal Paniagua; ?La flautista de Hamel\u00edn? de Carmely Mota y ?Encierro de Locura? de Luis Therko Vargas.<\/span><\/p>\n<\/p>\n<p><span class=\"text1noticias\">Tambi\u00e9n, ?La Farsa Justicia del se\u00f1or corregidor? de Alejandro Casona, dirigida por Basilio G\u00e1lvez;  ?Dos Pesos de Agua?, adaptaci\u00f3n cuentos de Juan Bosch, dirigida por Tempora Morel; ?Vivencias Dram\u00e1ticas? de Di\u00f3medes Mieses, bajo la direcci\u00f3n de Manuel Chapuseaux y Jorge Mendoza; ?El Difunto estaba vivo?, versi\u00f3n libre de los cuentos de Bosch, dirigida por Juan Jos\u00e9 Pita.<\/span><\/p>\n<\/p>\n<p><span class=\"text1noticias\">?Juego Peligroso? de Carlos Canales, dirigida por Benjam\u00edn Guzm\u00e1n; ?La Mancha Indeleble?, adaptaci\u00f3n cuentos de Bosch, dirigida por Roberto Abreu; ?Entre Mujeres? de Solanyi G\u00f3mez; ?Rostros? de Alfredo Caraballo, dirigida por Dahina Odeisy Delgado; ?Parabolistas?, dirigida por Rafael Noem\u00ed y ?Ra\u00edces? de Miguel de los Santos; ?Que me importa? de Jansel Hern\u00e1ndez.<\/span><\/p>\n<\/p>\n<p><span class=\"text1noticias\">?Adolescentes? adaptaci\u00f3n y direcci\u00f3n de Tony Arias; ?La Bella de Alma de Don Dami\u00e1n?, adaptaci\u00f3n de cuentos de Juan Bosch y ?El Pr\u00edncipe Blue? de Williams Hands, dirigida por Minerva S\u00e1nchez; ?Flores de Oro? dirigida por Margaret Sosa y ?El Animador? de Rodolfo Santana, dirigida por Jorge N\u00fa\u00f1ez. <\/span><\/p>\n<\/p>\n<p><span class=\"text1noticias\">PREMIACION<\/span><\/p>\n<p><span class=\"text1noticias\">Para esta ocasi\u00f3n, el Festival Emilio Aparicio, en su novena versi\u00f3n premiar\u00e1 a los grupos participantes con una dotaci\u00f3n de 75 mil pesos,  el primer lugar, segundo lugar con 50 mil pesos y un tercer lugar con 25 mil pesos. Las Menciones de Honor, recibir\u00e1n 10,000.00 cada una. Cada uno de los grupos participantes  recibir\u00e1n diez mil pesos, transportaci\u00f3n, alojamiento y alimentaci\u00f3n, si son del interior o del extranjero.<\/span><\/p>\n<\/p>\n<p><span class=\"text1noticias\">El Festival Nacional de Teatro Aficionado Emilio Aparicio, lleva ese nombre en memoria de Don Emilio, fundador del teatro escuela de Bellas Artes, quien hizo su llegada al pa\u00eds procedente de Espa\u00f1a a ra\u00edz de la Guerra Civil del pa\u00eds europeo. El festival es totalmente gratis para todo el p\u00fablico dominicano y estar\u00e1 presentando obras teatrales del 2 al 15 de marzo, en horarios de 10:00 am, 5:00pm y 7:00pm, en las Salas Monina Sola y Sala de T\u00edteres del Centro Cultural Narciso Gonz\u00e1lez.<\/span><\/p>\n<\/p>\n<p><span class=\"text1noticias\">En esta ocasi\u00f3n el festival tiene una especial dedicatoria a Jaime Lucero,  dramaturgo, actor y director teatral, y Fernando Coste, actor, director, profesor y t\u00e9cnico teatral,  concluye diciendo Basilio Nova. <\/span><\/p>\n<h6> 2009-02-26 20:10:52 <\/h6>\n<p><!--\n<link rel=\"stylesheet\" href=\"css\/bootstrap.min.css\">\n\n\n<ul class=\"pagination\">\n\t    \n\t\n\n<li >\n\t<a href='?page_no=21989'>Previous<\/a>\n\t<\/li>\n\n\n       \n    \n\n<li><a href='?page_no=1'>1<\/a><\/li>\n\n\n\n<li><a href='?page_no=2'>2<\/a><\/li>\n\n\n\n<li><a>...<\/a><\/li>\n\n\n\n<li><a href='?page_no=21988'>21988<\/a><\/li>\n\n\n\n<li><a href='?page_no=21989'>21989<\/a><\/li>\n\n\n\n<li class='active'><a>21990<\/a><\/li>\n\n\n\n<li><a href='?page_no=21991'>21991<\/a><\/li>\n\n\n\n<li><a href='?page_no=21992'>21992<\/a><\/li>\n\n\n\n<li><a>...<\/a><\/li>\n\n\n\n<li><a href='?page_no=22911'>22911<\/a><\/li>\n\n\n\n<li><a href='?page_no=22912'>22912<\/a><\/li>\n\n    \n\t\n\n<li >\n\t<a href='?page_no=21991'>Next<\/a>\n\t<\/li>\n\n\n    \n\n<li><a href='?page_no=22912'>Last &rsaquo;&rsaquo;<\/a><\/li>\n\n<\/ul>\n\n\n--><br \/>\n<\/body><\/p>\n","protected":false},"excerpt":{"rendered":"<p>El Centro Cultural Narciso Gonz\u00e1lez, de la Secretar\u00eda de Estado de Cultura, presentar\u00e1 el Festival Nacional de Teatro Aficionado Emilio Aparicio en su novena versi\u00f3n, a inaugurarse el pr\u00f3ximo d\u00eda 2 de marzo del presente a\u00f1o 2009, con la obra ?Del otro lado del mundo?, a las 7:00 de la noche, en la Sala Monina [&hellip;]<\/p>\n","protected":false},"author":3,"featured_media":0,"comment_status":"open","ping_status":"open","sticky":false,"template":"","format":"standard","meta":{"footnotes":""},"categories":[21],"tags":[],"class_list":["post-70312","post","type-post","status-publish","format-standard","hentry","category-cultura"],"_links":{"self":[{"href":"https:\/\/diariodominicano.com\/index.php?rest_route=\/wp\/v2\/posts\/70312","targetHints":{"allow":["GET"]}}],"collection":[{"href":"https:\/\/diariodominicano.com\/index.php?rest_route=\/wp\/v2\/posts"}],"about":[{"href":"https:\/\/diariodominicano.com\/index.php?rest_route=\/wp\/v2\/types\/post"}],"author":[{"embeddable":true,"href":"https:\/\/diariodominicano.com\/index.php?rest_route=\/wp\/v2\/users\/3"}],"replies":[{"embeddable":true,"href":"https:\/\/diariodominicano.com\/index.php?rest_route=%2Fwp%2Fv2%2Fcomments&post=70312"}],"version-history":[{"count":0,"href":"https:\/\/diariodominicano.com\/index.php?rest_route=\/wp\/v2\/posts\/70312\/revisions"}],"wp:attachment":[{"href":"https:\/\/diariodominicano.com\/index.php?rest_route=%2Fwp%2Fv2%2Fmedia&parent=70312"}],"wp:term":[{"taxonomy":"category","embeddable":true,"href":"https:\/\/diariodominicano.com\/index.php?rest_route=%2Fwp%2Fv2%2Fcategories&post=70312"},{"taxonomy":"post_tag","embeddable":true,"href":"https:\/\/diariodominicano.com\/index.php?rest_route=%2Fwp%2Fv2%2Ftags&post=70312"}],"curies":[{"name":"wp","href":"https:\/\/api.w.org\/{rel}","templated":true}]}}