{"id":70308,"date":"2009-02-26T23:42:01","date_gmt":"2009-02-26T23:42:01","guid":{"rendered":"http:\/\/diariodominicano.ddns.net\/?p=70308"},"modified":"2009-02-26T23:42:01","modified_gmt":"2009-02-26T23:42:01","slug":"ponen-a-circular-libro-las-hijas-de-nadie-con-auspicios-de-la-uasd","status":"publish","type":"post","link":"https:\/\/diariodominicano.com\/?p=70308","title":{"rendered":"Ponen a circular libro ?Las hijas de nadie?, con auspicios de la UASD"},"content":{"rendered":"<p><body><\/p>\n<p><img decoding=\"async\" src=\"http:\/\/localhost:8080\/img3\/libroz.jpg\" \/>  <\/p>\n<p><span class=\"text1noticias\">Con los auspicios de la Universidad Aut\u00f3noma de Santo Domingo (UASD), la doctora Lillian Fondeur puso en circulaci\u00f3n su libro ?Las hijas de nadie?, una obra en la que expone historias humanas que revelan que ?penalizar el aborto terap\u00e9utico es penalizar la pobreza?. <\/span><\/p>\n<\/p>\n<p><span class=\"text1noticias\">?Las hijas de nadie? es un compendio de historias reales que denuncian la orfandad de las mujeres y adolescentes abusadas por la violencia sexual, los prejuicios religiosos y  la ausencia de una pol\u00edtica racional de Estado en el tema del aborto.<\/span><\/p>\n<\/p>\n<p><span class=\"text1noticias\">Fue puesto a circular en al sal\u00f3n Alc\u00e1zar del Hotel Santo Domingo, en una ceremonia encabezada por su autora, la doctora Fondeur; el rector de la UASD, doctor Franklin Garc\u00eda Ferm\u00edn; la abogada colombiana M\u00f3nica Roa, quien tuvo a su cargo la presentaci\u00f3n y el diputado V\u00edctor Terrero, quien plante\u00f3 que la obra marca el inicio de una jornada de esperanza y de lucha a favor de la mujer.<\/span><\/p>\n<\/p>\n<p><span class=\"text1noticias\">En el discurso central del acto de puesta en circulaci\u00f3n, la doctora Fondeur tuvo palabras de acrecimientos para el rector de la UASD, doctor Franklin Garc\u00eda Ferm\u00edn, por contribuir a elevar el debate y por su visi\u00f3n de colocar la academia como escenario para discutir temas de salud y derechos de la mujer dominicana.<\/span><\/p>\n<\/p>\n<p><span class=\"text1noticias\">Ginec\u00f3loga y articulista del peri\u00f3dico El Nacional, la doctora Fondeur narra en su libro de 108 p\u00e1ginas, en voz de la v\u00edctima, el caso de una ni\u00f1a de 9 a\u00f1os de edad violada por su padre y obligada a parir la criatura resultante del abominable acto.<\/span><\/p>\n<\/p>\n<p><span class=\"text1noticias\">Tambi\u00e9n cuenta el caso de una mujer de 39 a\u00f1os, afectada por un embarazo molar parcial con el potencial de convertirse en una masa de quiste canceroso y cuando llega al hospital con un ?sangrado vaginal de color marr\u00f3n oscuro? es atendida ?con frialdad y distancia, como si tuviese una enfermedad infectocontagiosa?. ?Los m\u00e9dicos la dejan morir al no realizarse el legrado oportuno, ante el temor de verse involucrados en un problema legal?, dice la autora.<\/span><\/p>\n<\/p>\n<p><span class=\"text1noticias\">La abogada y activista Susi Pola, en el pr\u00f3logo de la obra afirma que ?En Rep\u00fablica Dominicana, una sociedad pol\u00edtica poco desarrollada y una Iglesia Cat\u00f3lica con excesivos poderes, han mantenido en el imaginario social del pa\u00eds, desde la adopci\u00f3n de sus leyes penales, un absurdo como el art\u00edculo 317 del C\u00f3digo Penal, que obliga a una mujer, en toda circunstancia, a conservar un embarazo a\u00fan a sabiendas de que ser\u00e1 el fin de su propia vida f\u00edsica y\/o mental?.<\/span><\/p>\n<h6> 2009-02-26 23:42:01 <\/h6>\n<p><!--\n<link rel=\"stylesheet\" href=\"css\/bootstrap.min.css\">\n\n\n<ul class=\"pagination\">\n\t    \n\t\n\n<li >\n\t<a href='?page_no=21985'>Previous<\/a>\n\t<\/li>\n\n\n       \n    \n\n<li><a href='?page_no=1'>1<\/a><\/li>\n\n\n\n<li><a href='?page_no=2'>2<\/a><\/li>\n\n\n\n<li><a>...<\/a><\/li>\n\n\n\n<li><a href='?page_no=21984'>21984<\/a><\/li>\n\n\n\n<li><a href='?page_no=21985'>21985<\/a><\/li>\n\n\n\n<li class='active'><a>21986<\/a><\/li>\n\n\n\n<li><a href='?page_no=21987'>21987<\/a><\/li>\n\n\n\n<li><a href='?page_no=21988'>21988<\/a><\/li>\n\n\n\n<li><a>...<\/a><\/li>\n\n\n\n<li><a href='?page_no=22911'>22911<\/a><\/li>\n\n\n\n<li><a href='?page_no=22912'>22912<\/a><\/li>\n\n    \n\t\n\n<li >\n\t<a href='?page_no=21987'>Next<\/a>\n\t<\/li>\n\n\n    \n\n<li><a href='?page_no=22912'>Last &rsaquo;&rsaquo;<\/a><\/li>\n\n<\/ul>\n\n\n--><br \/>\n<\/body><\/p>\n","protected":false},"excerpt":{"rendered":"<p>Con los auspicios de la Universidad Aut\u00f3noma de Santo Domingo (UASD), la doctora Lillian Fondeur puso en circulaci\u00f3n su libro ?Las hijas de nadie?, una obra en la que expone historias humanas que revelan que ?penalizar el aborto terap\u00e9utico es penalizar la pobreza?. ?Las hijas de nadie? es un compendio de historias reales que denuncian [&hellip;]<\/p>\n","protected":false},"author":3,"featured_media":0,"comment_status":"open","ping_status":"open","sticky":false,"template":"","format":"standard","meta":{"footnotes":""},"categories":[21],"tags":[],"class_list":["post-70308","post","type-post","status-publish","format-standard","hentry","category-cultura"],"_links":{"self":[{"href":"https:\/\/diariodominicano.com\/index.php?rest_route=\/wp\/v2\/posts\/70308","targetHints":{"allow":["GET"]}}],"collection":[{"href":"https:\/\/diariodominicano.com\/index.php?rest_route=\/wp\/v2\/posts"}],"about":[{"href":"https:\/\/diariodominicano.com\/index.php?rest_route=\/wp\/v2\/types\/post"}],"author":[{"embeddable":true,"href":"https:\/\/diariodominicano.com\/index.php?rest_route=\/wp\/v2\/users\/3"}],"replies":[{"embeddable":true,"href":"https:\/\/diariodominicano.com\/index.php?rest_route=%2Fwp%2Fv2%2Fcomments&post=70308"}],"version-history":[{"count":0,"href":"https:\/\/diariodominicano.com\/index.php?rest_route=\/wp\/v2\/posts\/70308\/revisions"}],"wp:attachment":[{"href":"https:\/\/diariodominicano.com\/index.php?rest_route=%2Fwp%2Fv2%2Fmedia&parent=70308"}],"wp:term":[{"taxonomy":"category","embeddable":true,"href":"https:\/\/diariodominicano.com\/index.php?rest_route=%2Fwp%2Fv2%2Fcategories&post=70308"},{"taxonomy":"post_tag","embeddable":true,"href":"https:\/\/diariodominicano.com\/index.php?rest_route=%2Fwp%2Fv2%2Ftags&post=70308"}],"curies":[{"name":"wp","href":"https:\/\/api.w.org\/{rel}","templated":true}]}}