{"id":70304,"date":"2009-02-27T22:48:57","date_gmt":"2009-02-27T22:48:57","guid":{"rendered":"http:\/\/diariodominicano.ddns.net\/?p=70304"},"modified":"2009-02-27T22:48:57","modified_gmt":"2009-02-27T22:48:57","slug":"celebran-tedeum-en-catedral-por-165-aniversario-independencia-nacional","status":"publish","type":"post","link":"https:\/\/diariodominicano.com\/?p=70304","title":{"rendered":"Celebran Tedeum en Catedral por 165 aniversario Independencia Nacional"},"content":{"rendered":"<p><body><\/p>\n<p><img decoding=\"async\" src=\"http:\/\/localhost:8080\/img3\/tedem.jpg\" \/>  <\/p>\n<p><span class=\"text1noticias\">El presidente Leonel Fern\u00e1ndez particip\u00f3 este viernes del Tedeum oficiado en la Catedral Primada de Am\u00e9rica por el Cardenal Nicol\u00e1s de Jes\u00fas L\u00f3pez Rodr\u00edguez con motivo del 165 aniversario de la Independencia Nacional.<\/span><\/p>\n<\/p>\n<p><span class=\"text1noticias\">Tras escuchar la homil\u00eda pronunciada por  L\u00f3pez Rodr\u00edguez, el mandatario recibi\u00f3 los saludos y parabienes de funcionarios civiles, militares y del cuerpo diplom\u00e1tico acreditado en el pa\u00eds.<\/span><\/p>\n<p><span class=\"text1noticias\">El mandatario estuvo acompa\u00f1ado en la celebraci\u00f3n religiosa de la primera dama, doctora Margarita Cede\u00f1o de Fern\u00e1ndez, el vicepresidente Rafael Alburquerque y su esposa.<\/span><\/p>\n<\/p>\n<p><span class=\"text1noticias\">MENSAJE DEL PAPA<\/span><\/p>\n<p><span class=\"text1noticias\">El Papa Benedicto XVI, en mensaje enviado al presidente Fern\u00e1ndez, pidi\u00f3 a Dios encaminar a los dominicanos por el sendero de la concordia y la solidaridad.<\/span><\/p>\n<\/p>\n<p><span class=\"text1noticias\">El mensaje fue le\u00eddo por el nuncio apost\u00f3lico Josef Wesoloski.<\/span><\/p>\n<\/p>\n<p><span class=\"text1noticias\">Por medio de su interlocutor, el Papa Benedicto XVI manifest\u00f3 que era grato hacer llegar su felicitaci\u00f3n cordial al pueblo dominicano en ocasi\u00f3n de la celebraci\u00f3n de la Fiesta Nacional.<\/span><\/p>\n<\/p>\n<p><span class=\"text1noticias\">Al mismo tiempo el Pont\u00edfice puso de manifiesto su afecto de cercan\u00eda espiritual a todos los hijos e hijas de la Rep\u00fablica Dominicana, a los cuales, sostuvo, encomienda en sus plegarias, invocando abundantes dones del alt\u00edsimo para que les ayude en el camino de la concordia y la solidaridad.<\/span><\/p>\n<\/p>\n<p><span class=\"text1noticias\">HOMILIA<\/span><\/p>\n<p><span class=\"text1noticias\">En su homil\u00eda pronunciada en ocasi\u00f3n del 165 aniversario de la Independencia Nacional, el Cardenal Nicol\u00e1s de Jes\u00fas Cardenal L\u00f3pez Rodr\u00edguez reconoci\u00f3 que es mucho lo que el pa\u00eds ha conseguido y avanzado en los \u00faltimos 60 a\u00f1os, si se compara con lo que \u00e9ramos hace cien a\u00f1os.<\/span><\/p>\n<\/p>\n<p><span class=\"text1noticias\">Afirm\u00f3 que la naci\u00f3n disfruta de libertad y estabilidad, adem\u00e1s de mantener relaciones diplom\u00e1ticas e intercambio con otros pueblos y naciones.<\/span><\/p>\n<\/p>\n<p><span class=\"text1noticias\">Manifest\u00f3 el prelado que en el pa\u00eds se percibe un creciente inter\u00e9s por la promoci\u00f3n humana, y un dinamismo de la econom\u00eda dominicana en los \u00faltimos a\u00f1os, a pesar de que en los actuales momentos hay se\u00f1ales de grave preocupaci\u00f3n en el panorama mundial.<\/span><\/p>\n<\/p>\n<p><span class=\"text1noticias\">Nicol\u00e1s de Jes\u00fas L\u00f3pez Rodr\u00edguez tambi\u00e9n hizo referencia al desarrollo tenido por el turismo en el pa\u00eds, tras se\u00f1alar que un gran n\u00famero de visitantes de diversos pa\u00edses llegan hasta la Rep\u00fablica Dominicana debido al desarrollo obtenido por su infraestructura.<\/span><\/p>\n<\/p>\n<p><span class=\"text1noticias\">Se\u00f1al\u00f3 que en los actuales momentos el pa\u00eds est\u00e1 a la espera de que de los trabajos de la Cumbre de Unidad Nacional afloren oportunas sugerencias para enfrentar las nuevas circunstancias.<\/span><\/p>\n<\/p>\n<p><span class=\"text1noticias\">Expres\u00f3 que dentro de las nuevas metas que tiene el pa\u00eds por delante se encuentra una reforma a la Constituci\u00f3n de la Rep\u00fablica que se espera produzca una nueva Carta Magna que mantenga inalterable el art\u00edculo 30 de la misma que versa sobre el derecho a la vida.<\/span><\/p>\n<h6> 2009-02-27 22:48:57 <\/h6>\n<p><!--\n<link rel=\"stylesheet\" href=\"css\/bootstrap.min.css\">\n\n\n<ul class=\"pagination\">\n\t    \n\t\n\n<li >\n\t<a href='?page_no=21981'>Previous<\/a>\n\t<\/li>\n\n\n       \n    \n\n<li><a href='?page_no=1'>1<\/a><\/li>\n\n\n\n<li><a href='?page_no=2'>2<\/a><\/li>\n\n\n\n<li><a>...<\/a><\/li>\n\n\n\n<li><a href='?page_no=21980'>21980<\/a><\/li>\n\n\n\n<li><a href='?page_no=21981'>21981<\/a><\/li>\n\n\n\n<li class='active'><a>21982<\/a><\/li>\n\n\n\n<li><a href='?page_no=21983'>21983<\/a><\/li>\n\n\n\n<li><a href='?page_no=21984'>21984<\/a><\/li>\n\n\n\n<li><a>...<\/a><\/li>\n\n\n\n<li><a href='?page_no=22911'>22911<\/a><\/li>\n\n\n\n<li><a href='?page_no=22912'>22912<\/a><\/li>\n\n    \n\t\n\n<li >\n\t<a href='?page_no=21983'>Next<\/a>\n\t<\/li>\n\n\n    \n\n<li><a href='?page_no=22912'>Last &rsaquo;&rsaquo;<\/a><\/li>\n\n<\/ul>\n\n\n--><br \/>\n<\/body><\/p>\n","protected":false},"excerpt":{"rendered":"<p>El presidente Leonel Fern\u00e1ndez particip\u00f3 este viernes del Tedeum oficiado en la Catedral Primada de Am\u00e9rica por el Cardenal Nicol\u00e1s de Jes\u00fas L\u00f3pez Rodr\u00edguez con motivo del 165 aniversario de la Independencia Nacional. Tras escuchar la homil\u00eda pronunciada por L\u00f3pez Rodr\u00edguez, el mandatario recibi\u00f3 los saludos y parabienes de funcionarios civiles, militares y del cuerpo [&hellip;]<\/p>\n","protected":false},"author":3,"featured_media":0,"comment_status":"open","ping_status":"open","sticky":false,"template":"","format":"standard","meta":{"footnotes":""},"categories":[21],"tags":[],"class_list":["post-70304","post","type-post","status-publish","format-standard","hentry","category-cultura"],"_links":{"self":[{"href":"https:\/\/diariodominicano.com\/index.php?rest_route=\/wp\/v2\/posts\/70304","targetHints":{"allow":["GET"]}}],"collection":[{"href":"https:\/\/diariodominicano.com\/index.php?rest_route=\/wp\/v2\/posts"}],"about":[{"href":"https:\/\/diariodominicano.com\/index.php?rest_route=\/wp\/v2\/types\/post"}],"author":[{"embeddable":true,"href":"https:\/\/diariodominicano.com\/index.php?rest_route=\/wp\/v2\/users\/3"}],"replies":[{"embeddable":true,"href":"https:\/\/diariodominicano.com\/index.php?rest_route=%2Fwp%2Fv2%2Fcomments&post=70304"}],"version-history":[{"count":0,"href":"https:\/\/diariodominicano.com\/index.php?rest_route=\/wp\/v2\/posts\/70304\/revisions"}],"wp:attachment":[{"href":"https:\/\/diariodominicano.com\/index.php?rest_route=%2Fwp%2Fv2%2Fmedia&parent=70304"}],"wp:term":[{"taxonomy":"category","embeddable":true,"href":"https:\/\/diariodominicano.com\/index.php?rest_route=%2Fwp%2Fv2%2Fcategories&post=70304"},{"taxonomy":"post_tag","embeddable":true,"href":"https:\/\/diariodominicano.com\/index.php?rest_route=%2Fwp%2Fv2%2Ftags&post=70304"}],"curies":[{"name":"wp","href":"https:\/\/api.w.org\/{rel}","templated":true}]}}