{"id":70302,"date":"2009-03-02T20:42:30","date_gmt":"2009-03-02T20:42:30","guid":{"rendered":"http:\/\/diariodominicano.ddns.net\/?p=70302"},"modified":"2009-03-02T20:42:30","modified_gmt":"2009-03-02T20:42:30","slug":"culminan-actos-celebracion-independencia-dominicana-en-la-florida-con-proclama-oficial-y-ofrenda-floral","status":"publish","type":"post","link":"https:\/\/diariodominicano.com\/?p=70302","title":{"rendered":"CULMINAN ACTOS CELEBRACION INDEPENDENCIA DOMINICANA EN LA FLORIDA CON PROCLAMA OFICIAL Y OFRENDA FLORAL."},"content":{"rendered":"<p><body><\/p>\n<p><img decoding=\"async\" src=\"http:\/\/localhost:8080\/img3\/indepe.jpg\" \/>  <\/p>\n<p><span class=\"text1noticias\">El 27 de febrero de 1844, un grupo de mujeres y hombres y dominicanos, inspirados en el ansia de libertad que en ellos hab\u00eda despertado Juan Pablo Duarte y Diez, culmin\u00f3 con el trabucazo de Mat\u00edas Ram\u00f3n Mella, el cual  anunciaba al mundo el nacimiento de una nueva rep\u00fablica situada en el centro del Caribe y ?en el mismo trayecto del sol?. Esta acci\u00f3n, fue el resultado de la participaci\u00f3n de un amplio grupo de hombres y mujeres que concibieron la independencia nacional y contribuyeron en su proceso.<\/span><\/p>\n<p><span class=\"text1noticias\">           <\/span><\/p>\n<p><span class=\"text1noticias\">El 27 de febrero de cada a\u00f1o, los dominicanos y dominicanas conmemoran el aniversario de la Independencia de su patria, y se hace homenaje a los hombres y mujeres que jugaron un papel trascendental en el proceso de la libertad de Quisqueya. Al celebrarse el 165 aniversario de la Independencia de La Rep\u00fablica Dominicana, durante una semana las dominicanas y dominicanos residentes en La Florida, tuvieron la oportunidad de compartir y aunar voluntades y corazones para  rendir homenaje de recordaci\u00f3n y agradecimiento a los forjadores de nuestra nacionalidad.    <\/span><\/p>\n<p><span class=\"text1noticias\">   <\/span><\/p>\n<p><span class=\"text1noticias\">La semana del 20 al 27 de Febrero, fue colmada de una intensa agenda de actividades dedicadas a las fiestas patrias en celebraci\u00f3n de la Independencia dominicana,   y hubo espacio para poner en evidencia la riqueza de nuestra cultura y el deseo dar a conocer lo que somos y sentimos.         <\/span><\/p>\n<\/p>\n<p><span class=\"text1noticias\">El 165 aniversario del trabucazo, fue ocasi\u00f3n propicia para compartir, desde la rica y variada cocina criolla  con un Festival Gastron\u00f3mico, hasta la riqueza de nuestra  m\u00fasica, con un concierto popular gratuito denominado ?VOZ Y ALMA DEL PUEBLO?,  celebrado en el Hollywood Beach Cultural &amp; Community Center, del condado de Broward. Asimismo,  el cine dominicano se hizo presente con varias muestras de lo logrado por el llamado s\u00e9ptimo arte. Los ni\u00f1os tambi\u00e9n fueron tomados en cuenta en esta celebraci\u00f3n y  tuvieron  la oportunidad de disfrutar de una lectura de cuentos infantiles, animado por el escritor dominicano residente en Miami, Rene Rodr\u00edguez Soriano.    <\/span><\/p>\n<p><span class=\"text1noticias\">      <\/span><\/p>\n<p><span class=\"text1noticias\">Latinos Unidos, El Consejo Consultivo en el Exterior (Cap\u00edtulo de La Florida)  y el Consulado Dominicano en Miami, fueron los encargados de organizar la Tercera Semana de la Herencia Cultural Dominico-Americana, la cual se inici\u00f3 el  viernes 20 de febrero,  con la  gala pict\u00f3rica denominada ?COLORES DE TIERRA AFUERA? y culmin\u00f3 el viernes 27  en la tarde, con una ofrenda floral ante el busto de Juan pablo Duarte, Francisco del Rosario S\u00e1nchez y Mat\u00edas Ram\u00f3n Mella,  padres y forjadores de nuestra Rep\u00fablica.<\/span><\/p>\n<\/p>\n<p><span class=\"text1noticias\"> Ofrenda Floral en el Parque Juan Pablo Duarte.\t\t<\/span><\/p>\n<p><span class=\"text1noticias\">\t\t\t\t\t<\/span><\/p>\n<p><span class=\"text1noticias\">Este homenaje se llev\u00f3 a cabo  en el Parque Juan pablo Duarte, del sector de Allapattah, el denominado ?Barrio Dominicano?, en el Condado de Miami Dade, con la presencia de dominicanos y dominicanas de diversas edades, ideolog\u00edas pol\u00edticas y simpat\u00edas partidarias, evidenciando una vez m\u00e1s que, cuando de rendir tributo a los h\u00e9roes del 27 de Febrero del 1844, el sentimiento compartido de orgullo patrio y agradecimiento a los forjadores de nuestro destino como naci\u00f3n libre y soberana, se impone por encima de cualquier diferencia ideol\u00f3gica, simpat\u00eda pol\u00edtica o visi\u00f3n personal.<\/span><\/p>\n<\/p>\n<p><span class=\"text1noticias\">Durante la ofrenda a los patricios, el Sr. Amaury R\u00edos,  Vice-C\u00f3nsul y Presidente del Partido de la Liberaci\u00f3n Dominicana en La Florida, felicit\u00f3 a los dominicanos y dominicanas y hizo una exhortaci\u00f3n a la unidad y lucha contra el flagelo del narcotr\u00e1fico, flajelo que pone en peligro los mejores valores de nuestra sociedad.<\/span><\/p>\n<\/p>\n<p><span class=\"text1noticias\">De igual manera, el C\u00f3nsul Manuel Alm\u00e1nzar Castillo, al dirigirse a los presentes, exalt\u00f3 los ideales de los art\u00edfices de nuestra nacionalidad e hizo un llamado a imitarlos, intentando ser coherentes con los ideales que los inspiraron , ya que, ?esa es la mejor manera de honrar su memoria y legado libertador?.<\/span><\/p>\n<\/p>\n<p><span class=\"text1noticias\">Asimismo, llam\u00f3 la atenci\u00f3n sobre ?como al alejarnos de nuestro terru\u00f1o patrio, la lejan\u00eda nos hace sentir mucho m\u00e1s la dominicanidad y el amor por la tierra que nos vio nacer?, afirmando a seguidas que ?quiz\u00e1s si en el d\u00eda de hoy estuvi\u00e9semos en Santo Domingo, dejar\u00edamos actos como este a las autoridades, pol\u00edticos o escolares, sin embargo hoy, en suelo extranjero, por encima de las dificultades, compromisos y limitaciones, estamos aqu\u00ed, honrando a nuestros patricios, enalteciendo su memoria  y agradeci\u00e9ndoles por hacernos libres e independientes, por hacernos orgullosamente dominicanos y dominicanas?.<\/span><\/p>\n<\/p>\n<p><span class=\"text1noticias\">El C\u00f3nsul dominicano, hizo una reflexi\u00f3n sobre ?la necesidad de retomar los valores positivos y echar de lado los afanes desmedidos de riquezas y bienes materiales que muchas veces m\u00e1s que una bendici\u00f3n son un lastre que no nos dejan disfrutar de las cosas importantes y que verdaderamente cuentan?. A seguidas, hizo un llamado a la unidad en torno a nuestra ense\u00f1a tricolor y meditar sobre las palabras de nuestro escudo ?DIOS, PATRIA Y LIBERTAD?, incorporando esos conceptos a nuestra cotidianidad.<\/span><\/p>\n<\/p>\n<p><span class=\"text1noticias\">Fue notoria la presencia de la mujer dominicana en estos actos de recordaci\u00f3n y honra, evidenciando una vez m\u00e1s que, cuando se hable de ?las Mujeres de Febrero?, debe de hacerse con respeto y reverencia por las hijas morales de nuestra hero\u00edna y m\u00e1rtir Mar\u00eda Trinidad S\u00e1nchez, la cual  fue encarcelada y condenada a muerte por oponerse al gobierno conservador y anexionista de Pedro Santana, Ella, Pudo salvar su vida si delataba a los Trinitarios, sin embargo al negarse a tal vileza, fue fusilada el 27 de febrero de 1845, justo un a\u00f1o despu\u00e9s de la gesta libertadora.<\/span><\/p>\n<\/p>\n<p><span class=\"text1noticias\">Proclama Declara 27 Febrero ?D\u00eda de la Independencia Dominicana?.     <\/span><\/p>\n<p><span class=\"text1noticias\">    <\/span><\/p>\n<p><span class=\"text1noticias\">La Dra. Amada Vargas, de Latinos Unidos, hizo el anuncio oficial de que el gobernador de la Florida, Charlie Crist, hizo historia al firmar por primera vez una proclamaci\u00f3n declarando oficialmente el 27 de Febrero, como ?D\u00eda de la Independencia Dominicana? en este estado Norteamericano. La proclamaci\u00f3n fue presentada a la Dra. Amada Vargas, el C\u00f3nsul Manuel Alm\u00e1nzar, el Sr. Jos\u00e9 Zaiter, Presidente del Consejo Consultivo y al resto del Comit\u00e9 Organizador de la Semana de la Herencia Cultural Dominico-Americana durante un desayuno que se llev\u00f3  a cabo el viernes 27, en la ciudad de Miami.  <\/span><\/p>\n<\/p>\n<p><span class=\"text1noticias\">El d\u00eda anterior, una delegaci\u00f3n de dominicanos encabezada por el C\u00f3nsul en Miami Manuel Almanzar, la Dra. Sara Coen asociada del bufete de abogados Rothstein Rosenfeldt Adler (RRA) y el Licdo. Jos\u00e9 Z\u00e1iter, Presidente del Consejo Consultivo de la Presidencia para los Dominicanos en el Exterior de la Florida, visitaron la capital Floridana donde se reunieron oficialmente con el Vice Gobernador de la Florida Jeff Kottkamp y uno de los temas tratados fue  esa petici\u00f3n.<\/span><\/p>\n<\/p>\n<p><span class=\"text1noticias\">?Este evento hist\u00f3rico honra a la comunidad dominicana en la Florida, as\u00ed como a nuestro pa\u00eds.  La proclama nos enorgullece por su matiz patri\u00f3tico, adem\u00e1s de ser un s\u00edmbolo de amistad y solidaridad del gobernador Charlie Crist, quien siempre se ha manifestado como un gran amigo y aliado de la Republica Dominicana? expreso la Dra. Sara Coen.<\/span><\/p>\n<\/p>\n<p><span class=\"text1noticias\">A continuaci\u00f3n el texto de la proclamaci\u00f3n:<\/span><\/p>\n<\/p>\n<p><span class=\"text1noticias\">CHARLIE CRIST <\/span><\/p>\n<p><span class=\"text1noticias\">Gobernador<\/span><\/p>\n<p><span class=\"text1noticias\">DIA DE LA INDEPENDENCIA DOMINICANA<\/span><\/p>\n<\/p>\n<p><span class=\"text1noticias\">Considerando que, Florida de una manera \u00fanica esta unida por herencia y amistad con el pueblo de Rep\u00fablica Dominicana; y<\/span><\/p>\n<\/p>\n<p><span class=\"text1noticias\">Considerando que, Florida y la Rep\u00fablica Dominicana mantienen estrechos lazos a trav\u00e9s de intercambios comerciales, culturales, educativos y turismo; y<\/span><\/p>\n<\/p>\n<p><span class=\"text1noticias\">Considerando que, el intercambio comercial entre la Florida y Rep\u00fablica Dominicana ascendi\u00f3 a mas de $4.9 billones de d\u00f3lares durante el 2008, hecho que apoya a miles de empleos tanto para los Floridanos como para los Dominicanos; y<\/span><\/p>\n<\/p>\n<p><span class=\"text1noticias\">Considerando que el acuerdo del DR-CAFTA presenta numerosas oportunidades, presentes y futuras para fortalecernos mutuamente tanto en comercio como en el intercambio; y<\/span><\/p>\n<\/p>\n<p><span class=\"text1noticias\">Considerando que la Florida cuenta con la tercera poblaci\u00f3n mas grande de Dominicanos en los Estados Unidos; y<\/span><\/p>\n<\/p>\n<p><span class=\"text1noticias\">Considerando que la comunidad Dominicana en la Florida ha hecho numerosas contribuciones para los adelantos sociales, comerciales y comerciales de nuestro gran estado; y<\/span><\/p>\n<\/p>\n<p><span class=\"text1noticias\">Considerando que, la Independencia Dominicana fue lograda Febrero 27, 1844 a trav\u00e9s de una revuelta contra el dominio Haitiano; y<\/span><\/p>\n<\/p>\n<p><span class=\"text1noticias\">Considerando que, en Febrero 27, 2009 se cumple el 165 aniversario del D\u00eda de la Independencia Dominicana; y     <\/span><\/p>\n<\/p>\n<p><span class=\"text1noticias\">Considerando que, los Floridanos se unir\u00e1n con sus amigos Dominicanos a trav\u00e9s del  estado en  actos conmemorando el D\u00eda de la Independencia Dominicana; y<\/span><\/p>\n<\/p>\n<p><span class=\"text1noticias\">AHORA,  POR CONSIGUIENTE, Yo, Charlie Crist, Gobernador del Estado de la Florida, por este medio le extiendo mis felicitaciones y mejores deseos a todos en observaci\u00f3n de Febrero 27, 2009 como EL DIA DE LA INDEPENDENCIA DOMINICANA.<\/span><\/p>\n<\/p>\n<p><span class=\"text1noticias\">COMO TESTIGO DE LO CUAL,<\/span><\/p>\n<p><span class=\"text1noticias\">Yo, sobre esto determino y causo que<\/span><\/p>\n<p><span class=\"text1noticias\">el Gran Escudo del Estado de la Florida<\/span><\/p>\n<p><span class=\"text1noticias\">Sea fijado en este documento en Tallahassee,<\/span><\/p>\n<p><span class=\"text1noticias\">La Capital, este 24 de Febrero, en el a\u00f1o<\/span><\/p>\n<p><span class=\"text1noticias\">dos mil nueve.<\/span><\/p>\n<\/p>\n<p><span class=\"text1noticias\">CHARLIE CRIST<\/span><\/p>\n<p><span class=\"text1noticias\">    Gobernador<\/span><\/p>\n<h6> 2009-03-02 20:42:30 <\/h6>\n<p><!--\n<link rel=\"stylesheet\" href=\"css\/bootstrap.min.css\">\n\n\n<ul class=\"pagination\">\n\t    \n\t\n\n<li >\n\t<a href='?page_no=21979'>Previous<\/a>\n\t<\/li>\n\n\n       \n    \n\n<li><a href='?page_no=1'>1<\/a><\/li>\n\n\n\n<li><a href='?page_no=2'>2<\/a><\/li>\n\n\n\n<li><a>...<\/a><\/li>\n\n\n\n<li><a href='?page_no=21978'>21978<\/a><\/li>\n\n\n\n<li><a href='?page_no=21979'>21979<\/a><\/li>\n\n\n\n<li class='active'><a>21980<\/a><\/li>\n\n\n\n<li><a href='?page_no=21981'>21981<\/a><\/li>\n\n\n\n<li><a href='?page_no=21982'>21982<\/a><\/li>\n\n\n\n<li><a>...<\/a><\/li>\n\n\n\n<li><a href='?page_no=22911'>22911<\/a><\/li>\n\n\n\n<li><a href='?page_no=22912'>22912<\/a><\/li>\n\n    \n\t\n\n<li >\n\t<a href='?page_no=21981'>Next<\/a>\n\t<\/li>\n\n\n    \n\n<li><a href='?page_no=22912'>Last &rsaquo;&rsaquo;<\/a><\/li>\n\n<\/ul>\n\n\n--><br \/>\n<\/body><\/p>\n","protected":false},"excerpt":{"rendered":"<p>El 27 de febrero de 1844, un grupo de mujeres y hombres y dominicanos, inspirados en el ansia de libertad que en ellos hab\u00eda despertado Juan Pablo Duarte y Diez, culmin\u00f3 con el trabucazo de Mat\u00edas Ram\u00f3n Mella, el cual anunciaba al mundo el nacimiento de una nueva rep\u00fablica situada en el centro del Caribe [&hellip;]<\/p>\n","protected":false},"author":3,"featured_media":0,"comment_status":"open","ping_status":"open","sticky":false,"template":"","format":"standard","meta":{"footnotes":""},"categories":[21],"tags":[],"class_list":["post-70302","post","type-post","status-publish","format-standard","hentry","category-cultura"],"_links":{"self":[{"href":"https:\/\/diariodominicano.com\/index.php?rest_route=\/wp\/v2\/posts\/70302","targetHints":{"allow":["GET"]}}],"collection":[{"href":"https:\/\/diariodominicano.com\/index.php?rest_route=\/wp\/v2\/posts"}],"about":[{"href":"https:\/\/diariodominicano.com\/index.php?rest_route=\/wp\/v2\/types\/post"}],"author":[{"embeddable":true,"href":"https:\/\/diariodominicano.com\/index.php?rest_route=\/wp\/v2\/users\/3"}],"replies":[{"embeddable":true,"href":"https:\/\/diariodominicano.com\/index.php?rest_route=%2Fwp%2Fv2%2Fcomments&post=70302"}],"version-history":[{"count":0,"href":"https:\/\/diariodominicano.com\/index.php?rest_route=\/wp\/v2\/posts\/70302\/revisions"}],"wp:attachment":[{"href":"https:\/\/diariodominicano.com\/index.php?rest_route=%2Fwp%2Fv2%2Fmedia&parent=70302"}],"wp:term":[{"taxonomy":"category","embeddable":true,"href":"https:\/\/diariodominicano.com\/index.php?rest_route=%2Fwp%2Fv2%2Fcategories&post=70302"},{"taxonomy":"post_tag","embeddable":true,"href":"https:\/\/diariodominicano.com\/index.php?rest_route=%2Fwp%2Fv2%2Ftags&post=70302"}],"curies":[{"name":"wp","href":"https:\/\/api.w.org\/{rel}","templated":true}]}}