{"id":70298,"date":"2009-03-03T20:38:51","date_gmt":"2009-03-03T20:38:51","guid":{"rendered":"http:\/\/diariodominicano.ddns.net\/?p=70298"},"modified":"2009-03-03T20:38:51","modified_gmt":"2009-03-03T20:38:51","slug":"la-iv-edicion-de-virtual-educa-caribe-analizara-el-vinculo-entre-el-desarrollo-sostenible-y-la-capacitacion-tecnologica","status":"publish","type":"post","link":"https:\/\/diariodominicano.com\/?p=70298","title":{"rendered":"La IV edici\u00f3n de Virtual Educa Caribe analizar\u00e1 el v\u00ednculo entre el desarrollo sostenible y la capacitaci\u00f3n tecnol\u00f3gica"},"content":{"rendered":"<p><body><\/p>\n<p><img decoding=\"async\" src=\"http:\/\/localhost:8080\/img3\/ose.jpg\" \/>  <\/p>\n<p><span class=\"text1noticias\">El Foro Iberoamericano sobre Nuevas Tecnolog\u00edas ser\u00e1 inaugurado el pr\u00f3ximo mi\u00e9rcoles 4 de marzo en el auditorio de FUNGLODE, centrado en los temas de Capacitaci\u00f3n, Innovaci\u00f3n, Responsabilidad Social Empresarial y Desarrollo Sostenible. El jueves 5 y viernes 6 la  reuni\u00f3n regional tendr\u00e1 como escenario el auditorio Manuel del Cabral de la Biblioteca Pedro Mir, de la UASD.<\/span><\/p>\n<\/p>\n<p><span class=\"text1noticias\">(Santo Domingo, 3 de marzo de 2009).-  Representantes del sector p\u00fablico, privado y ONGs del \u00e1mbito iberoamericano se dar\u00e1n cita en el pa\u00eds a partir del mi\u00e9rcoles 4 de marzo para participar en Virtual Educa Caribe 2009, la cuarta edici\u00f3n del encuentro regional que tiene como sede la Fundaci\u00f3n Global Democracia y Desarrollo (FUNGLODE).<\/span><\/p>\n<\/p>\n<p><span class=\"text1noticias\">El Foro Iberoamericano sobre Nuevas Tecnolog\u00edas se centra este a\u00f1o en los temas de  Capacitaci\u00f3n, Innovaci\u00f3n, Responsabilidad Social Empresarial y Desarrollo Sostenible.<\/span><\/p>\n<\/p>\n<p><span class=\"text1noticias\">La conferencia inaugural del encuentro regional tendr\u00e1 lugar el mi\u00e9rcoles 4 de marzo del 2009 a las 7 p.m. en la sede de FUNGLODE. <\/span><\/p>\n<\/p>\n<p><span class=\"text1noticias\">Alfredo Rojas, de la Oficial Nacional de Programa, Liderazgo en Educaci\u00f3n OREALC\/UNESCO , con sede Santiago de Chile, tendr\u00e1 a su cargo la disertaci\u00f3n magistral, con el tema: \u00abLas plataformas tecnol\u00f3gicas gratuitas y el e-learning: Posibilidades, limitaciones y riesgos\u00bb Lecciones aprendidas en la Red de Liderazgo de la OREALC UNESCO<\/span><\/p>\n<\/p>\n<p><span class=\"text1noticias\">Las sesiones de trabajo tendr\u00e1n lugar en el auditorio Manuel del Cabral de la Biblioteca Pedro Mir, de la Universidad Aut\u00f3noma de Santo Domingo, los d\u00edas 5 y 6 de marzo en horario de 8:30 a.m. a 5:00 p.m.<\/span><\/p>\n<\/p>\n<p><span class=\"text1noticias\">Los docentes e interesados en general en participar en el encuentro pueden hacerlo mediante inscripci\u00f3n en FUNGLODE, a trav\u00e9s del tel\u00e9fono 685 9966,  Ext.2447,  y en la direcci\u00f3n electr\u00f3nica e.abre@funglode.org.<\/span><\/p>\n<\/p>\n<p><span class=\"text1noticias\">El costo por participaci\u00f3n es de RD$800 estudiantes y profesores, y RD$1,000 p\u00fablico en general.<\/span><\/p>\n<\/p>\n<p><span class=\"text1noticias\">Tambi\u00e9n se puede participar en dos talleres: ?Creaci\u00f3n de blogs?, que se desarrollar\u00e1 el jueves 5, durante todo el d\u00eda,  y  ?Dise\u00f1o y Edici\u00f3n de publicaciones virtuales?, que se ofrecer\u00e1 el viernes 6, a partir de las 11:30 de la ma\u00f1ana, durante cuatro horas. Ambos tendr\u00e1n un costo adicional de RD$500.<\/span><\/p>\n<\/p>\n<p><span class=\"text1noticias\">FUNGLODE y su entidad hermana en Estados Unidos, Global Foundation Democracy and Development (GFDD) organizan el encuentro junto a un comit\u00e9 organizador que integran importantes representantes de la sociedad civil, del sector p\u00fablico y privado de la Rep\u00fablica Dominicana. <\/span><\/p>\n<h6> 2009-03-03 20:38:51 <\/h6>\n<p><!--\n<link rel=\"stylesheet\" href=\"css\/bootstrap.min.css\">\n\n\n<ul class=\"pagination\">\n\t    \n\t\n\n<li >\n\t<a href='?page_no=21975'>Previous<\/a>\n\t<\/li>\n\n\n       \n    \n\n<li><a href='?page_no=1'>1<\/a><\/li>\n\n\n\n<li><a href='?page_no=2'>2<\/a><\/li>\n\n\n\n<li><a>...<\/a><\/li>\n\n\n\n<li><a href='?page_no=21974'>21974<\/a><\/li>\n\n\n\n<li><a href='?page_no=21975'>21975<\/a><\/li>\n\n\n\n<li class='active'><a>21976<\/a><\/li>\n\n\n\n<li><a href='?page_no=21977'>21977<\/a><\/li>\n\n\n\n<li><a href='?page_no=21978'>21978<\/a><\/li>\n\n\n\n<li><a>...<\/a><\/li>\n\n\n\n<li><a href='?page_no=22911'>22911<\/a><\/li>\n\n\n\n<li><a href='?page_no=22912'>22912<\/a><\/li>\n\n    \n\t\n\n<li >\n\t<a href='?page_no=21977'>Next<\/a>\n\t<\/li>\n\n\n    \n\n<li><a href='?page_no=22912'>Last &rsaquo;&rsaquo;<\/a><\/li>\n\n<\/ul>\n\n\n--><br \/>\n<\/body><\/p>\n","protected":false},"excerpt":{"rendered":"<p>El Foro Iberoamericano sobre Nuevas Tecnolog\u00edas ser\u00e1 inaugurado el pr\u00f3ximo mi\u00e9rcoles 4 de marzo en el auditorio de FUNGLODE, centrado en los temas de Capacitaci\u00f3n, Innovaci\u00f3n, Responsabilidad Social Empresarial y Desarrollo Sostenible. El jueves 5 y viernes 6 la reuni\u00f3n regional tendr\u00e1 como escenario el auditorio Manuel del Cabral de la Biblioteca Pedro Mir, de [&hellip;]<\/p>\n","protected":false},"author":3,"featured_media":0,"comment_status":"open","ping_status":"open","sticky":false,"template":"","format":"standard","meta":{"footnotes":""},"categories":[21],"tags":[],"class_list":["post-70298","post","type-post","status-publish","format-standard","hentry","category-cultura"],"_links":{"self":[{"href":"https:\/\/diariodominicano.com\/index.php?rest_route=\/wp\/v2\/posts\/70298","targetHints":{"allow":["GET"]}}],"collection":[{"href":"https:\/\/diariodominicano.com\/index.php?rest_route=\/wp\/v2\/posts"}],"about":[{"href":"https:\/\/diariodominicano.com\/index.php?rest_route=\/wp\/v2\/types\/post"}],"author":[{"embeddable":true,"href":"https:\/\/diariodominicano.com\/index.php?rest_route=\/wp\/v2\/users\/3"}],"replies":[{"embeddable":true,"href":"https:\/\/diariodominicano.com\/index.php?rest_route=%2Fwp%2Fv2%2Fcomments&post=70298"}],"version-history":[{"count":0,"href":"https:\/\/diariodominicano.com\/index.php?rest_route=\/wp\/v2\/posts\/70298\/revisions"}],"wp:attachment":[{"href":"https:\/\/diariodominicano.com\/index.php?rest_route=%2Fwp%2Fv2%2Fmedia&parent=70298"}],"wp:term":[{"taxonomy":"category","embeddable":true,"href":"https:\/\/diariodominicano.com\/index.php?rest_route=%2Fwp%2Fv2%2Fcategories&post=70298"},{"taxonomy":"post_tag","embeddable":true,"href":"https:\/\/diariodominicano.com\/index.php?rest_route=%2Fwp%2Fv2%2Ftags&post=70298"}],"curies":[{"name":"wp","href":"https:\/\/api.w.org\/{rel}","templated":true}]}}