{"id":70295,"date":"2009-03-04T22:25:11","date_gmt":"2009-03-04T22:25:11","guid":{"rendered":"http:\/\/diariodominicano.ddns.net\/?p=70295"},"modified":"2009-03-04T22:25:11","modified_gmt":"2009-03-04T22:25:11","slug":"centro-cultural-narciso-gonzalez-inaugura-ix-festival-nacional-de-teatro-emilio-aparicio-con-la-obra-del-otro-lado-del-mundo","status":"publish","type":"post","link":"https:\/\/diariodominicano.com\/?p=70295","title":{"rendered":"Centro Cultural Narciso Gonz\u00e1lez inaugura IX Festival Nacional de Teatro Emilio Aparicio, con la obra ?Del otro lado del mundo?"},"content":{"rendered":"<p><body><\/p>\n<p><img decoding=\"async\" src=\"img3\/teatre.jpg\" \/>  <\/p>\n<p><span class=\"text1noticias\">El Centro Cultural Narciso Gonz\u00e1lez, de la Secretar\u00eda de Estado de Cultura, inaugur\u00f3 el IX Festival Nacional de Teatro Aficionado Emilio Aparicio, con la obra ?Del otro lado del mundo?,  en la Sala Monina Sol\u00e1 del referido centro.<\/span><\/p>\n<\/p>\n<p><span class=\"text1noticias\">La apertura del festival cont\u00f3 con la presencia del Secretario de Estado de Cultura, licenciado Jos\u00e9 Rafael Lantigua; Bernarda Jorge, Subsecretaria de Creatividad y Participaci\u00f3n Popular; Luis Acosta Moreta,  Director de Procomunidad.<\/span><\/p>\n<\/p>\n<p><span class=\"text1noticias\">Basilio Nova, Director del Centro Cultural Narciso Gonz\u00e1lez, refiri\u00f3 en su discurso de apertura que el teatro seguir\u00e1 a pesar de todas las vicisitudes, a pesar de todos los sacrificios que conlleva la profesi\u00f3n. <\/span><\/p>\n<\/p>\n<p><span class=\"text1noticias\">?La muerte del teatro nunca ocurrir\u00e1, y \u00e9ste cual ave f\u00e9nix, de sus cenizas por siempre se elevar\u00e1, \u00a1que viva el teatro! \u00a1Que comience la funci\u00f3n!?, manifest\u00f3 Nova.  <\/span><\/p>\n<\/p>\n<p><span class=\"text1noticias\">Luego de la participaci\u00f3n de Nova, fue presentada la obra ?del otro lado del mundo? de Edward D\u00edaz, con un elenco conformado por los j\u00f3venes Mechy Calder\u00f3n, Paola Ramos, Yessica Rodr\u00edguez, Wilson Cabral, Robert S\u00e1nchez, Angel Fern\u00e1ndez, Glenys Vargas y Alejandra Jim\u00e9nez del grupo de teatro de la Universidad APEC, dirigido por la reconocida actriz Lidia Ariza.<\/span><\/p>\n<\/p>\n<p><span class=\"text1noticias\">La historia del drama se desarrolla en una parada de guaguas, de Santo Domingo, en la que convergen varios personajes con caracter\u00edsticas peculiares.  En fin, se pone de manifiesto los m\u00e1s sublimes sentimientos de dominicanidad, en contraparte con los antivalores sociales de nuestro pa\u00eds. <\/span><\/p>\n<\/p>\n<p><span class=\"text1noticias\">El festival de teatro aficionado contar\u00e1 con la participaci\u00f3n de unos 40 grupos, en diferentes \u00e1reas como son: infantil, interior, Distrito Nacional,  teatro de calle e internacional. Con la particularidad de que esta parte estar\u00e1n como invitados los grupos teatrales: ?Los buenos de Palermo? de Argentina;  ?Grupo Sobretablas? de Venezuela y Teatro El Grupo integrado por artistas de la ?Di\u00e1spora Dominicana? residente en Nueva York.\t<\/span><\/p>\n<\/p>\n<p><span class=\"text1noticias\">El festival estar\u00e1 presentando obras teatrales del 2 al 15 de marzo, en horarios de 10:00 am, 5:00pm y 7:00pm, en las Salas Monina Sola y Sala de T\u00edteres del Centro Cultural Narciso Gonz\u00e1lez.<\/span><\/p>\n<\/p>\n<p><span class=\"text1noticias\">En esta ocasi\u00f3n el festival tiene una especial dedicatoria a los dramaturgos y directores de teatro Jaime Lucero,   y Fernando Coste. <\/span><\/p>\n<h6> 2009-03-04 22:25:11 <\/h6>\n<p><!--\n<link rel=\"stylesheet\" href=\"css\/bootstrap.min.css\">\n\n\n<ul class=\"pagination\">\n\t    \n\t\n\n<li >\n\t<a href='?page_no=21972'>Previous<\/a>\n\t<\/li>\n\n\n       \n    \n\n<li><a href='?page_no=1'>1<\/a><\/li>\n\n\n\n<li><a href='?page_no=2'>2<\/a><\/li>\n\n\n\n<li><a>...<\/a><\/li>\n\n\n\n<li><a href='?page_no=21971'>21971<\/a><\/li>\n\n\n\n<li><a href='?page_no=21972'>21972<\/a><\/li>\n\n\n\n<li class='active'><a>21973<\/a><\/li>\n\n\n\n<li><a href='?page_no=21974'>21974<\/a><\/li>\n\n\n\n<li><a href='?page_no=21975'>21975<\/a><\/li>\n\n\n\n<li><a>...<\/a><\/li>\n\n\n\n<li><a href='?page_no=22911'>22911<\/a><\/li>\n\n\n\n<li><a href='?page_no=22912'>22912<\/a><\/li>\n\n    \n\t\n\n<li >\n\t<a href='?page_no=21974'>Next<\/a>\n\t<\/li>\n\n\n    \n\n<li><a href='?page_no=22912'>Last &rsaquo;&rsaquo;<\/a><\/li>\n\n<\/ul>\n\n\n--><br \/>\n<\/body><\/p>\n","protected":false},"excerpt":{"rendered":"<p>El Centro Cultural Narciso Gonz\u00e1lez, de la Secretar\u00eda de Estado de Cultura, inaugur\u00f3 el IX Festival Nacional de Teatro Aficionado Emilio Aparicio, con la obra ?Del otro lado del mundo?, en la Sala Monina Sol\u00e1 del referido centro. La apertura del festival cont\u00f3 con la presencia del Secretario de Estado de Cultura, licenciado Jos\u00e9 Rafael [&hellip;]<\/p>\n","protected":false},"author":3,"featured_media":0,"comment_status":"open","ping_status":"open","sticky":false,"template":"","format":"standard","meta":{"footnotes":""},"categories":[21],"tags":[],"class_list":["post-70295","post","type-post","status-publish","format-standard","hentry","category-cultura"],"_links":{"self":[{"href":"https:\/\/diariodominicano.com\/index.php?rest_route=\/wp\/v2\/posts\/70295","targetHints":{"allow":["GET"]}}],"collection":[{"href":"https:\/\/diariodominicano.com\/index.php?rest_route=\/wp\/v2\/posts"}],"about":[{"href":"https:\/\/diariodominicano.com\/index.php?rest_route=\/wp\/v2\/types\/post"}],"author":[{"embeddable":true,"href":"https:\/\/diariodominicano.com\/index.php?rest_route=\/wp\/v2\/users\/3"}],"replies":[{"embeddable":true,"href":"https:\/\/diariodominicano.com\/index.php?rest_route=%2Fwp%2Fv2%2Fcomments&post=70295"}],"version-history":[{"count":0,"href":"https:\/\/diariodominicano.com\/index.php?rest_route=\/wp\/v2\/posts\/70295\/revisions"}],"wp:attachment":[{"href":"https:\/\/diariodominicano.com\/index.php?rest_route=%2Fwp%2Fv2%2Fmedia&parent=70295"}],"wp:term":[{"taxonomy":"category","embeddable":true,"href":"https:\/\/diariodominicano.com\/index.php?rest_route=%2Fwp%2Fv2%2Fcategories&post=70295"},{"taxonomy":"post_tag","embeddable":true,"href":"https:\/\/diariodominicano.com\/index.php?rest_route=%2Fwp%2Fv2%2Ftags&post=70295"}],"curies":[{"name":"wp","href":"https:\/\/api.w.org\/{rel}","templated":true}]}}