{"id":70294,"date":"2009-03-05T14:42:36","date_gmt":"2009-03-05T14:42:36","guid":{"rendered":"http:\/\/diariodominicano.ddns.net\/?p=70294"},"modified":"2009-03-05T14:42:36","modified_gmt":"2009-03-05T14:42:36","slug":"el-pintor-dominicano-oscar-abreu-abre-nueva-sala-de-arte-en-el-pais","status":"publish","type":"post","link":"https:\/\/diariodominicano.com\/?p=70294","title":{"rendered":"EL PINTOR DOMINICANO OSCAR ABREU ABRE NUEVA SALA DE ARTE EN EL PA\u00cdS"},"content":{"rendered":"<p><body><\/p>\n<p><img decoding=\"async\" src=\"http:\/\/localhost:8080\/img3\/intoz.jpg\" \/>  <\/p>\n<p><span class=\"text1noticias\">Santo Domingo._ El pintor dominicano OSCAR ABREU anuncia formalmente la apertura de una nueva sala de arte que llevar\u00e1 su nombre. La SALA DE ARTE OSCAR ABREU, har\u00e1 apertura con una exposici\u00f3n, que cuenta con los auspicios del Restaurante, Bar y Lounge Isabela, la Embajada de Francia, el Centro Cultural Cariforo, el Ayuntamiento Santo Domingo, D.N., La Alianza Francesa, el Centro Abreu, Vinalca y Rubirosa, que est\u00e1 pautada para el pr\u00f3ximo jueves 5 de marzo, a partir de la 7:30 de la noche, en la Zona Colonial.<\/span><\/p>\n<\/p>\n<p><span class=\"text1noticias\">Unas 25 piezas de rigurosa factura, en acr\u00edlico y materiales extra-pict\u00f3ricos sobre tela, componen la extraordinaria colecci\u00f3n que, en su conjunto. Expresan una notable calidad est\u00e9tica en la que el artista reitera los c\u00f3digos m\u00e1s representativos de su expresionismo abstracto, exponi\u00e9ndolos como una visi\u00f3n de su permanente preocupaci\u00f3n por la explotaci\u00f3n social, el medio ambiente y la lucha interna que vive el hombre moderno como referente de acci\u00f3n en la conformaci\u00f3n de su dram\u00e1tica paleta. Entre las obras de la muestra: ?Levitaci\u00f3n de la memoria?, ?Espectro del poder?, ?Agitaci\u00f3n de la memoria?, ?Intoxicada especial?, ?Posesi\u00f3n de mi YO?, ?Crisis artificial? y ?Tortuoso camino?.<\/span><\/p>\n<\/p>\n<p><span class=\"text1noticias\">?El dise\u00f1o constructivo, normado por l\u00edneas afirmativas en la que prevalece el negro sobre colores c\u00e1lidos, hace de la mancha y el accidente mat\u00e9rico una entidad de alta significaci\u00f3n simb\u00f3lica dentro de la ling\u00fc\u00edstica visual de OSCAR ABREU, en la que prevalecen como valores sem\u00e1nticos, tanto la pintura-pintura como lenguaje aut\u00f3nomo, como lo sociol\u00f3gico del humanismo visceral que connota ante la mirada perceptora el habla interior existencial del propio artista?, como se\u00f1ala el cr\u00edtico de arte Abil Peralta Ag\u00fcero. Del mismo modo, la tambi\u00e9n cr\u00edtico de arte Marianne de Tolentino, expone que ?OSCAR ABREU es un artista muy coherente, un abstracto convencido, aut\u00e9ntico y reincidente, con un repertorio de im\u00e1genes propias, gestadas por el instinto, la fogosidad y la energ\u00eda?. <\/span><\/p>\n<\/p>\n<p><span class=\"text1noticias\">PERFIL DE OSCAR ABREU<\/span><\/p>\n<p><span class=\"text1noticias\"> <\/span><\/p>\n<\/p>\n<p><span class=\"text1noticias\">OSCAR ABREU naci\u00f3 en San Juan de La Maguana, en el 1978, ciudad donde recibi\u00f3 instrucciones art\u00edsticas bajo la tutela del escultor dominicano Jos\u00e9 Nicol\u00e1s Jim\u00e9nez, con quien continu\u00f3 en la Escuela de Bellas Artes de esa provincia. Posteriormente, se instal\u00f3 en Espa\u00f1a en 1990, donde continu\u00f3 su formaci\u00f3n art\u00edstica en el taller del maestro Mu\u00f1oz en Alcal\u00e1 de Henares; y en 1994, viaj\u00f3 a los Estados Unidos y all\u00ed realiz\u00f3 estudios en los programas sabatinos en The School of the Art Institute of Chicago y, simult\u00e1neamente, en la fundaci\u00f3n Marwen de Chicago.<\/span><\/p>\n<\/p>\n<p><span class=\"text1noticias\">En 2000, OSCAR ABREU fund\u00f3 el proyecto editorial ARTEP, una revista especializa en Arte y Arquitectura. En el 2005, fue designado director de Alianza Art Gallery en la ciudad de New York, un proyecto cultural de la m\u00e1s importante y prestigiosa instituci\u00f3n dominicana en el exterior. Durante su gesti\u00f3n, present\u00f3 importantes exposiciones individuales y colectivas de artistas nacionales, entre los que se destacan el maestro Guillo P\u00e9rez, Fernando Ure\u00f1a Rib, Rosa Tav\u00e1rez, Freddy Javier, Jos\u00e9 Cestero, Octavio Paniagua, Miguel G\u00f3mez, entre otros.<\/span><\/p>\n<p><span class=\"text1noticias\">          <\/span><\/p>\n<\/p>\n<p><span class=\"text1noticias\">En el 2006, abri\u00f3 las puertas de Ozamarte, con seis exposiciones individuales bajo el t\u00edtulo de \u00abGeneraciones\u00bb. Con los artistas Domingo Liz, Freddy Javier, Elvis Avil\u00e9s, Amado Melo, Jos\u00e9 Sejo y Amaurys Reyes, cada uno en su propia sala.<\/span><\/p>\n<\/p>\n<p><span class=\"text1noticias\">En el 2007, le fue cambiado el nombre a Centro Abreu, y continu\u00f3 con los programas de exposiciones temporales, de investigaci\u00f3n y de proyecci\u00f3n de las artes pl\u00e1sticas dominicanas.<\/span><\/p>\n<\/p>\n<p><span class=\"text1noticias\">OSCAR ABREU es considerado por la cr\u00edtica especializada como uno de los artistas m\u00e1s importantes de la pl\u00e1stica dominicana. Como profesional cuenta ya con 18 exposiciones individuales al nivel internacional, entre la que se destacan varias exposiciones en Chicago Illinois, New York, Puerto Rico y Rep\u00fablica Dominicana. M\u00e1s detalles en su p\u00e1gina web: http:\/\/www.oscarabreu.com\/<\/span><\/p>\n<h6> 2009-03-05 14:42:36 <\/h6>\n<p><!--\n<link rel=\"stylesheet\" href=\"css\/bootstrap.min.css\">\n\n\n<ul class=\"pagination\">\n\t    \n\t\n\n<li >\n\t<a href='?page_no=21971'>Previous<\/a>\n\t<\/li>\n\n\n       \n    \n\n<li><a href='?page_no=1'>1<\/a><\/li>\n\n\n\n<li><a href='?page_no=2'>2<\/a><\/li>\n\n\n\n<li><a>...<\/a><\/li>\n\n\n\n<li><a href='?page_no=21970'>21970<\/a><\/li>\n\n\n\n<li><a href='?page_no=21971'>21971<\/a><\/li>\n\n\n\n<li class='active'><a>21972<\/a><\/li>\n\n\n\n<li><a href='?page_no=21973'>21973<\/a><\/li>\n\n\n\n<li><a href='?page_no=21974'>21974<\/a><\/li>\n\n\n\n<li><a>...<\/a><\/li>\n\n\n\n<li><a href='?page_no=22911'>22911<\/a><\/li>\n\n\n\n<li><a href='?page_no=22912'>22912<\/a><\/li>\n\n    \n\t\n\n<li >\n\t<a href='?page_no=21973'>Next<\/a>\n\t<\/li>\n\n\n    \n\n<li><a href='?page_no=22912'>Last &rsaquo;&rsaquo;<\/a><\/li>\n\n<\/ul>\n\n\n--><br \/>\n<\/body><\/p>\n","protected":false},"excerpt":{"rendered":"<p>Santo Domingo._ El pintor dominicano OSCAR ABREU anuncia formalmente la apertura de una nueva sala de arte que llevar\u00e1 su nombre. La SALA DE ARTE OSCAR ABREU, har\u00e1 apertura con una exposici\u00f3n, que cuenta con los auspicios del Restaurante, Bar y Lounge Isabela, la Embajada de Francia, el Centro Cultural Cariforo, el Ayuntamiento Santo Domingo, [&hellip;]<\/p>\n","protected":false},"author":3,"featured_media":0,"comment_status":"open","ping_status":"open","sticky":false,"template":"","format":"standard","meta":{"footnotes":""},"categories":[21],"tags":[],"class_list":["post-70294","post","type-post","status-publish","format-standard","hentry","category-cultura"],"_links":{"self":[{"href":"https:\/\/diariodominicano.com\/index.php?rest_route=\/wp\/v2\/posts\/70294","targetHints":{"allow":["GET"]}}],"collection":[{"href":"https:\/\/diariodominicano.com\/index.php?rest_route=\/wp\/v2\/posts"}],"about":[{"href":"https:\/\/diariodominicano.com\/index.php?rest_route=\/wp\/v2\/types\/post"}],"author":[{"embeddable":true,"href":"https:\/\/diariodominicano.com\/index.php?rest_route=\/wp\/v2\/users\/3"}],"replies":[{"embeddable":true,"href":"https:\/\/diariodominicano.com\/index.php?rest_route=%2Fwp%2Fv2%2Fcomments&post=70294"}],"version-history":[{"count":0,"href":"https:\/\/diariodominicano.com\/index.php?rest_route=\/wp\/v2\/posts\/70294\/revisions"}],"wp:attachment":[{"href":"https:\/\/diariodominicano.com\/index.php?rest_route=%2Fwp%2Fv2%2Fmedia&parent=70294"}],"wp:term":[{"taxonomy":"category","embeddable":true,"href":"https:\/\/diariodominicano.com\/index.php?rest_route=%2Fwp%2Fv2%2Fcategories&post=70294"},{"taxonomy":"post_tag","embeddable":true,"href":"https:\/\/diariodominicano.com\/index.php?rest_route=%2Fwp%2Fv2%2Ftags&post=70294"}],"curies":[{"name":"wp","href":"https:\/\/api.w.org\/{rel}","templated":true}]}}