{"id":70291,"date":"2009-03-05T18:08:27","date_gmt":"2009-03-05T18:08:27","guid":{"rendered":"http:\/\/diariodominicano.ddns.net\/?p=70291"},"modified":"2009-03-05T18:08:27","modified_gmt":"2009-03-05T18:08:27","slug":"el-centro-cultural-de-espana-y-mude-mujeres-en-desarrollo-dominicana","status":"publish","type":"post","link":"https:\/\/diariodominicano.com\/?p=70291","title":{"rendered":"El Centro Cultural de Espa\u00f1a y MUDE, Mujeres en Desarrollo Dominicana"},"content":{"rendered":"<p><body><\/p>\n<p><img decoding=\"async\" src=\"http:\/\/localhost:8080\/img3\/mude.jpg\" \/>  <\/p>\n<p><span class=\"text1noticias\">El Centro Cultural de Espa\u00f1a inicia su proyecto Cultura + D dirigido a las organizaciones no gubernamentales y sus comunidades beneficiarias, a trav\u00e9s de la implementaci\u00f3n del componente cultural como \u00e1mbito transversal en su acci\u00f3n de desarrollo. <\/span><\/p>\n<\/p>\n<p><span class=\"text1noticias\">Este proyecto se inicia con una muestra de fotograf\u00eda, dentro de la semana dedicada a MUDE por su 30 aniversario, con la participaci\u00f3n de las fot\u00f3grafas Lorena Espinoza y Tatiana Fern\u00e1ndez Geara, que ilustran las actividades y proyecto de esta  Organizaci\u00f3n No Gubernamental de la Rep\u00fablica Dominicana, a favor del desarrollo de la mujer dominicana en el \u00e1mbito rural.<\/span><\/p>\n<\/p>\n<p><span class=\"text1noticias\">Las  Fot\u00f3grafas Lorena Espinoza y Tatiana Fern\u00e1ndez Geara, nos muestran de la mano de MUDE los proyectos que esta ONG desarrolla en Rep\u00fablica Dominicana.<\/span><\/p>\n<\/p>\n<p><span class=\"text1noticias\">MUDE procura elevar la calidad de vida de las personas de escasos recursos en especial de las mujeres dominicanas y sus familias en \u00e1reas rurales y  suburbanas, y su participaci\u00f3n igualitaria en la sociedad, ofreci\u00e9ndoles de manera eficiente y sostenible servicios y productos, que apoyen su desarrollo integral. MUDE trabaja en m\u00e1s de  16 provincias del pa\u00eds apoyando diversos proyectos sociales y econ\u00f3micos.<\/span><\/p>\n<p><span class=\"text1noticias\">Las fotograf\u00edas expuestas  podr\u00e1n ser adquiridas, destin\u00e1ndose los fondos recaudados  a los proyectos sociales y econ\u00f3micos de la ONG.<\/span><\/p>\n<\/p>\n<p><span class=\"text1noticias\">El Centro Cultural de Espa\u00f1a  y MUDE como parte de las actividades de esta exposici\u00f3n realizar\u00e1: Conferencias, Documentales y un Mercado Artesanal, y este \u00faltimo se desarrollar\u00e1 el domingo 08 de Marzo a las 11 de la ma\u00f1ana, con motivo a la celebraci\u00f3n del D\u00eda Internacional de la Mujer.<\/span><\/p>\n<\/p>\n<p><span class=\"text1noticias\">Dentro de la  Programaci\u00f3n del Centro cultural de Espa\u00f1a  y MUDE  como parte de las acciones de esta exposici\u00f3n se realizar\u00e1n:<\/span><\/p>\n<\/p>\n<p><span class=\"text1noticias\">Conferencias  Jueves 5 de Marzo \/ 7 pm<\/span><\/p>\n<p><span class=\"text1noticias\">?La econom\u00eda rural femenina frente a la crisis?<\/span><\/p>\n<p><span class=\"text1noticias\">Impartida por Ciara Sol\u00eds, soci\u00f3loga, educadora, experta en desarrollo rural, consultora en desarrollo institucional, competitividad y desarrollo rural.<\/span><\/p>\n<p><span class=\"text1noticias\">?Crisis alimentaria desde la perspectiva  de g\u00e9nero?<\/span><\/p>\n<p><span class=\"text1noticias\">Impartida por Cecilia Corpor\u00e1n, consultora para el plan Nacional de Nutrici\u00f3n del P.M.A.<\/span><\/p>\n<\/p>\n<p><span class=\"text1noticias\">Martes 10 de marzo \/ 7pm<\/span><\/p>\n<p><span class=\"text1noticias\">?La mujer en la microempresa en Rep\u00fablica Dominicana?<\/span><\/p>\n<p><span class=\"text1noticias\">Impartida por Marina Ortiz, directora de investigaciones del Fondo para el Financiamiento de la Microempresa (Fondomicro).<\/span><\/p>\n<\/p>\n<p><span class=\"text1noticias\">Viernes 6 de marzo \/ 7pm<\/span><\/p>\n<p><span class=\"text1noticias\">?Pelo bueno, pelo malo? dirigido por Miguel Parra.<\/span><\/p>\n<p><span class=\"text1noticias\">?Extranjeras? dirigido por Helena Taberna y Charo M. Pomar.<\/span><\/p>\n<\/p>\n<p><span class=\"text1noticias\">Domingo 8 de marzo \/ 11 am ? 4pm<\/span><\/p>\n<p><span class=\"text1noticias\">Exposici\u00f3n y venta de artesan\u00eda y dulces t\u00edpicos elaborados por microempresas apoyadas por ONG MUDE de la regiones de Bonao, San Juan de la Maguana y Santiago.<\/span><\/p>\n<h6> 2009-03-05 18:08:27 <\/h6>\n<p><!--\n<link rel=\"stylesheet\" href=\"css\/bootstrap.min.css\">\n\n\n<ul class=\"pagination\">\n\t    \n\t\n\n<li >\n\t<a href='?page_no=21968'>Previous<\/a>\n\t<\/li>\n\n\n       \n    \n\n<li><a href='?page_no=1'>1<\/a><\/li>\n\n\n\n<li><a href='?page_no=2'>2<\/a><\/li>\n\n\n\n<li><a>...<\/a><\/li>\n\n\n\n<li><a href='?page_no=21967'>21967<\/a><\/li>\n\n\n\n<li><a href='?page_no=21968'>21968<\/a><\/li>\n\n\n\n<li class='active'><a>21969<\/a><\/li>\n\n\n\n<li><a href='?page_no=21970'>21970<\/a><\/li>\n\n\n\n<li><a href='?page_no=21971'>21971<\/a><\/li>\n\n\n\n<li><a>...<\/a><\/li>\n\n\n\n<li><a href='?page_no=22911'>22911<\/a><\/li>\n\n\n\n<li><a href='?page_no=22912'>22912<\/a><\/li>\n\n    \n\t\n\n<li >\n\t<a href='?page_no=21970'>Next<\/a>\n\t<\/li>\n\n\n    \n\n<li><a href='?page_no=22912'>Last &rsaquo;&rsaquo;<\/a><\/li>\n\n<\/ul>\n\n\n--><br \/>\n<\/body><\/p>\n","protected":false},"excerpt":{"rendered":"<p>El Centro Cultural de Espa\u00f1a inicia su proyecto Cultura + D dirigido a las organizaciones no gubernamentales y sus comunidades beneficiarias, a trav\u00e9s de la implementaci\u00f3n del componente cultural como \u00e1mbito transversal en su acci\u00f3n de desarrollo. Este proyecto se inicia con una muestra de fotograf\u00eda, dentro de la semana dedicada a MUDE por su [&hellip;]<\/p>\n","protected":false},"author":3,"featured_media":0,"comment_status":"open","ping_status":"open","sticky":false,"template":"","format":"standard","meta":{"footnotes":""},"categories":[21],"tags":[],"class_list":["post-70291","post","type-post","status-publish","format-standard","hentry","category-cultura"],"_links":{"self":[{"href":"https:\/\/diariodominicano.com\/index.php?rest_route=\/wp\/v2\/posts\/70291","targetHints":{"allow":["GET"]}}],"collection":[{"href":"https:\/\/diariodominicano.com\/index.php?rest_route=\/wp\/v2\/posts"}],"about":[{"href":"https:\/\/diariodominicano.com\/index.php?rest_route=\/wp\/v2\/types\/post"}],"author":[{"embeddable":true,"href":"https:\/\/diariodominicano.com\/index.php?rest_route=\/wp\/v2\/users\/3"}],"replies":[{"embeddable":true,"href":"https:\/\/diariodominicano.com\/index.php?rest_route=%2Fwp%2Fv2%2Fcomments&post=70291"}],"version-history":[{"count":0,"href":"https:\/\/diariodominicano.com\/index.php?rest_route=\/wp\/v2\/posts\/70291\/revisions"}],"wp:attachment":[{"href":"https:\/\/diariodominicano.com\/index.php?rest_route=%2Fwp%2Fv2%2Fmedia&parent=70291"}],"wp:term":[{"taxonomy":"category","embeddable":true,"href":"https:\/\/diariodominicano.com\/index.php?rest_route=%2Fwp%2Fv2%2Fcategories&post=70291"},{"taxonomy":"post_tag","embeddable":true,"href":"https:\/\/diariodominicano.com\/index.php?rest_route=%2Fwp%2Fv2%2Ftags&post=70291"}],"curies":[{"name":"wp","href":"https:\/\/api.w.org\/{rel}","templated":true}]}}