{"id":70289,"date":"2009-03-05T21:43:29","date_gmt":"2009-03-05T21:43:29","guid":{"rendered":"http:\/\/diariodominicano.ddns.net\/?p=70289"},"modified":"2009-03-05T21:43:29","modified_gmt":"2009-03-05T21:43:29","slug":"uasd-y-colectiva-mujer-y-salud-impartiran-diplomados","status":"publish","type":"post","link":"https:\/\/diariodominicano.com\/?p=70289","title":{"rendered":"UASD y Colectiva Mujer y Salud impartir\u00e1n diplomados"},"content":{"rendered":"<p><body><\/p>\n<p><img decoding=\"async\" src=\"http:\/\/localhost:8080\/img3\/impar.jpg\" \/>  <\/p>\n<p><span class=\"text1noticias\">La Universidad Aut\u00f3noma de Santo Domingo (UASD) y la Colectiva Mujer y Salud (CMS), impartir\u00e1n tres diplomados en violencia contra la mujer, el VIH y SIDA, tras la firma de un convenio entre ambas instituciones.<\/span><\/p>\n<\/p>\n<p><span class=\"text1noticias\">El rector de la universidad estatal, doctor Franklin Garc\u00eda Ferm\u00edn,  y  la directora ejecutiva de la Colectiva, Sergia Galv\u00e1n, firmaron este jueves un convenio en el sal\u00f3n del Consejo Universitario, en donde se comprometen a desarrollar cuantas actividades sean necesarias para la implementaci\u00f3n de esos programas de formaci\u00f3n. <\/span><\/p>\n<\/p>\n<p><span class=\"text1noticias\">Garc\u00eda Ferm\u00edn abog\u00f3 para que desde el Estado se aplique una pol\u00edtica de prevenci\u00f3n en contra de la violencia de g\u00e9nero y se promuevan los valores que engrandecen al hombre y la mujer. <\/span><\/p>\n<p><span class=\"text1noticias\">        <\/span><\/p>\n<p><span class=\"text1noticias\">Destac\u00f3 que en la UASD se ha discutido en profundidad el problema de la mujer, al grado que se public\u00f3 un libro que sirve como referencia hist\u00f3rica.<\/span><\/p>\n<\/p>\n<p><span class=\"text1noticias\">De su  lado, la se\u00f1ora Galv\u00e1n manifest\u00f3 que a trav\u00e9s del convenio se desarrollar\u00e1n procesos de formaci\u00f3n y capacitaci\u00f3n dirigidos a todas las autoridades que intervienen  en la atenci\u00f3n,  prevenci\u00f3n y lucha contra la violencia, tales como jueces, fiscales, m\u00e9dicos, polic\u00eda, lideres comunitarios, con el fin de fortalecer sus capacidades para que puedan hacer un mejor trabajo que vincule la violencia y el VIH. <\/span><\/p>\n<\/p>\n<p><span class=\"text1noticias\">En el pacto la UASD se comprometi\u00f3 a proveer las instalaciones para el desarrollo de los citados diplomados en las extensiones correspondientes a las zonas que participar\u00e1n en el mismo, que ser\u00e1n El\u00edas Pi\u00f1a, San Juan de la Maguana, Pedernales, Jiman\u00ed, Dajab\u00f3n y otras provincias, as\u00ed como a acreditar y expedir la titulaci\u00f3n al t\u00e9rmino y cumplimiento de los cr\u00e9ditos establecidos por parte del alumnado.<\/span><\/p>\n<\/p>\n<p><span class=\"text1noticias\">En cambio, la CMS suministrar\u00e1 el material de apoyo necesario para desarrollar las instrucciones en materia de violencia contra la mujer y VIH, y los instrumentos y mecanismo de evaluaci\u00f3n como parte de la curr\u00edcula, al tiempo de ser responsable de la selecci\u00f3n y contrataci\u00f3n del profesorado especialista en los distintos m\u00f3dulos que se impartir\u00e1n.<\/span><\/p>\n<\/p>\n<p><span class=\"text1noticias\">Tanto la UASD como la CMS designar\u00e1n sendos representantes que fungir\u00e1n como enlace entre ambas instituciones para garantizar la continuidad de la ejecuci\u00f3n del acuerdo y su evaluaci\u00f3n anual.<\/span><\/p>\n<\/p>\n<p><span class=\"text1noticias\">El acuerdo incorpora a todos los centros universitarios regionales de la academia de estudios superiores y otros, a fin de implementar y desarrollar los planes y programas en las \u00e1reas citadas.<\/span><\/p>\n<\/p>\n<p><span class=\"text1noticias\">A la actividad asistieron, el vicerrector Docente, doctor Iv\u00e1n Grull\u00f3n; el secretario general, doctor Juan Medina, y la directora del Instituto de G\u00e9nero, de la Facultad de Ciencias Econ\u00f3micas y Sociales, licenciada Mirqueya Mateo, entre otros. <\/span><\/p>\n<h6> 2009-03-05 21:43:29 <\/h6>\n<p><!--\n<link rel=\"stylesheet\" href=\"css\/bootstrap.min.css\">\n\n\n<ul class=\"pagination\">\n\t    \n\t\n\n<li >\n\t<a href='?page_no=21966'>Previous<\/a>\n\t<\/li>\n\n\n       \n    \n\n<li><a href='?page_no=1'>1<\/a><\/li>\n\n\n\n<li><a href='?page_no=2'>2<\/a><\/li>\n\n\n\n<li><a>...<\/a><\/li>\n\n\n\n<li><a href='?page_no=21965'>21965<\/a><\/li>\n\n\n\n<li><a href='?page_no=21966'>21966<\/a><\/li>\n\n\n\n<li class='active'><a>21967<\/a><\/li>\n\n\n\n<li><a href='?page_no=21968'>21968<\/a><\/li>\n\n\n\n<li><a href='?page_no=21969'>21969<\/a><\/li>\n\n\n\n<li><a>...<\/a><\/li>\n\n\n\n<li><a href='?page_no=22911'>22911<\/a><\/li>\n\n\n\n<li><a href='?page_no=22912'>22912<\/a><\/li>\n\n    \n\t\n\n<li >\n\t<a href='?page_no=21968'>Next<\/a>\n\t<\/li>\n\n\n    \n\n<li><a href='?page_no=22912'>Last &rsaquo;&rsaquo;<\/a><\/li>\n\n<\/ul>\n\n\n--><br \/>\n<\/body><\/p>\n","protected":false},"excerpt":{"rendered":"<p>La Universidad Aut\u00f3noma de Santo Domingo (UASD) y la Colectiva Mujer y Salud (CMS), impartir\u00e1n tres diplomados en violencia contra la mujer, el VIH y SIDA, tras la firma de un convenio entre ambas instituciones. El rector de la universidad estatal, doctor Franklin Garc\u00eda Ferm\u00edn, y la directora ejecutiva de la Colectiva, Sergia Galv\u00e1n, firmaron [&hellip;]<\/p>\n","protected":false},"author":3,"featured_media":0,"comment_status":"open","ping_status":"open","sticky":false,"template":"","format":"standard","meta":{"footnotes":""},"categories":[21],"tags":[],"class_list":["post-70289","post","type-post","status-publish","format-standard","hentry","category-cultura"],"_links":{"self":[{"href":"https:\/\/diariodominicano.com\/index.php?rest_route=\/wp\/v2\/posts\/70289","targetHints":{"allow":["GET"]}}],"collection":[{"href":"https:\/\/diariodominicano.com\/index.php?rest_route=\/wp\/v2\/posts"}],"about":[{"href":"https:\/\/diariodominicano.com\/index.php?rest_route=\/wp\/v2\/types\/post"}],"author":[{"embeddable":true,"href":"https:\/\/diariodominicano.com\/index.php?rest_route=\/wp\/v2\/users\/3"}],"replies":[{"embeddable":true,"href":"https:\/\/diariodominicano.com\/index.php?rest_route=%2Fwp%2Fv2%2Fcomments&post=70289"}],"version-history":[{"count":0,"href":"https:\/\/diariodominicano.com\/index.php?rest_route=\/wp\/v2\/posts\/70289\/revisions"}],"wp:attachment":[{"href":"https:\/\/diariodominicano.com\/index.php?rest_route=%2Fwp%2Fv2%2Fmedia&parent=70289"}],"wp:term":[{"taxonomy":"category","embeddable":true,"href":"https:\/\/diariodominicano.com\/index.php?rest_route=%2Fwp%2Fv2%2Fcategories&post=70289"},{"taxonomy":"post_tag","embeddable":true,"href":"https:\/\/diariodominicano.com\/index.php?rest_route=%2Fwp%2Fv2%2Ftags&post=70289"}],"curies":[{"name":"wp","href":"https:\/\/api.w.org\/{rel}","templated":true}]}}