{"id":70288,"date":"2009-03-05T21:44:58","date_gmt":"2009-03-05T21:44:58","guid":{"rendered":"http:\/\/diariodominicano.ddns.net\/?p=70288"},"modified":"2009-03-05T21:44:58","modified_gmt":"2009-03-05T21:44:58","slug":"inician-en-uasd-trabajos-de-virtual-educa-2009","status":"publish","type":"post","link":"https:\/\/diariodominicano.com\/?p=70288","title":{"rendered":"Inician en UASD trabajos de Virtual Educa 2009"},"content":{"rendered":"<p><body><\/p>\n<p><img decoding=\"async\" src=\"http:\/\/localhost:8080\/img3\/cultor.jpg\" \/>  <\/p>\n<p><span class=\"text1noticias\">El auditorio Manuel del Cabral de la biblioteca Pedro Mir de la Universidad Aut\u00f3noma de Santo Domingo se constituy\u00f3 en escenario de las sesiones trabajo del ?Foro Iberoamericano sobre Nuevas Tecnolog\u00edas, Virtual Educa 2009?, que se llevar\u00e1 a cabo durante los d\u00edas 4, 5 y 6 de marzo. <\/span><\/p>\n<\/p>\n<p><span class=\"text1noticias\">La actividad es auspiciada por la UASD, en coordinaci\u00f3n con la Secretar\u00eda de Estado de Educaci\u00f3n Superior Ciencia y Tecnolog\u00eda (SEESCyT), Virtual Educa, la Fundaci\u00f3n Global Democracia  y Desarrollo (FUNGLODE), el Instituto Dominicano de las Telecomunicaciones (INDOTEL, Microsoft, el Instituto Tecnol\u00f3gico de Las Am\u00e9rica (ITLA) y otras instituciones p\u00fablicas y privadas. <\/span><\/p>\n<\/p>\n<p><span class=\"text1noticias\"> El rector de la UASD, doctor Franklin Garc\u00eda, expres\u00f3 su satisfacci\u00f3n  por la iniciativa de elegir a la Universidad Primada de Am\u00e9rica como anfitriona de ese  encuentro, donde se discutir\u00e1n las tendencias educativas que demandan los nuevos tiempos.  <\/span><\/p>\n<\/p>\n<p><span class=\"text1noticias\">Salud\u00f3 con benepl\u00e1cito el trabajo realizado por las instituciones de educaci\u00f3n superior y entidades afines para asegurar el \u00e9xito de ese foro internacional, cuyo lema es capacitaci\u00f3n, innovaci\u00f3n, responsabilidad social, empresarial y desarrollo sostenible.<\/span><\/p>\n<\/p>\n<p><span class=\"text1noticias\">?El desarrollo de contenido como parte fundamental de la generaci\u00f3n de nuevas competencias?, ?Las plataformas como sustento al desarrollo continuo de la calidad? , ?El surgimiento como estrategia de la actualizaci\u00f3n continua y aseguramiento de la calidad?, ?El dise\u00f1o instruccional como herramienta de mejoramiento continuo?, son algunos de los temas a debatirse en  Virtual Educa 2009.<\/span><\/p>\n<\/p>\n<p><span class=\"text1noticias\">El acto inaugural del evento tuvo lugar la noche anterior en las oficinas de FUNGLODE, con una conferencia de apertura titulada ?Las plataformas tecnol\u00f3gicas gratuitas y el e-learning: Posibilidades, limitaciones y riesgos?, a cargo del experto chileno Alfredo Rojas. <\/span><\/p>\n<\/p>\n<p><span class=\"text1noticias\">Adem\u00e1s del rector de la UASD, integraron la mesa principal la maestra Ligia Amada Melo,  Secretaria de Educaci\u00f3n Superior, Ciencia y Tecnolog\u00eda; la licenciada Julio Eusebio, coordinadora de Virtual Educa; Jos\u00e9 Mar\u00eda Ant\u00f3n, secretario de esta instituci\u00f3n; Jos\u00e9 Armando Tav\u00e1rez, director ejecutivo del ITLA y otras personalidades del mundo acad\u00e9mico y empresarial.<\/span><\/p>\n<h6> 2009-03-05 21:44:58 <\/h6>\n<p><!--\n<link rel=\"stylesheet\" href=\"css\/bootstrap.min.css\">\n\n\n<ul class=\"pagination\">\n\t    \n\t\n\n<li >\n\t<a href='?page_no=21965'>Previous<\/a>\n\t<\/li>\n\n\n       \n    \n\n<li><a href='?page_no=1'>1<\/a><\/li>\n\n\n\n<li><a href='?page_no=2'>2<\/a><\/li>\n\n\n\n<li><a>...<\/a><\/li>\n\n\n\n<li><a href='?page_no=21964'>21964<\/a><\/li>\n\n\n\n<li><a href='?page_no=21965'>21965<\/a><\/li>\n\n\n\n<li class='active'><a>21966<\/a><\/li>\n\n\n\n<li><a href='?page_no=21967'>21967<\/a><\/li>\n\n\n\n<li><a href='?page_no=21968'>21968<\/a><\/li>\n\n\n\n<li><a>...<\/a><\/li>\n\n\n\n<li><a href='?page_no=22911'>22911<\/a><\/li>\n\n\n\n<li><a href='?page_no=22912'>22912<\/a><\/li>\n\n    \n\t\n\n<li >\n\t<a href='?page_no=21967'>Next<\/a>\n\t<\/li>\n\n\n    \n\n<li><a href='?page_no=22912'>Last &rsaquo;&rsaquo;<\/a><\/li>\n\n<\/ul>\n\n\n--><br \/>\n<\/body><\/p>\n","protected":false},"excerpt":{"rendered":"<p>El auditorio Manuel del Cabral de la biblioteca Pedro Mir de la Universidad Aut\u00f3noma de Santo Domingo se constituy\u00f3 en escenario de las sesiones trabajo del ?Foro Iberoamericano sobre Nuevas Tecnolog\u00edas, Virtual Educa 2009?, que se llevar\u00e1 a cabo durante los d\u00edas 4, 5 y 6 de marzo. La actividad es auspiciada por la UASD, [&hellip;]<\/p>\n","protected":false},"author":3,"featured_media":0,"comment_status":"open","ping_status":"open","sticky":false,"template":"","format":"standard","meta":{"footnotes":""},"categories":[21],"tags":[],"class_list":["post-70288","post","type-post","status-publish","format-standard","hentry","category-cultura"],"_links":{"self":[{"href":"https:\/\/diariodominicano.com\/index.php?rest_route=\/wp\/v2\/posts\/70288","targetHints":{"allow":["GET"]}}],"collection":[{"href":"https:\/\/diariodominicano.com\/index.php?rest_route=\/wp\/v2\/posts"}],"about":[{"href":"https:\/\/diariodominicano.com\/index.php?rest_route=\/wp\/v2\/types\/post"}],"author":[{"embeddable":true,"href":"https:\/\/diariodominicano.com\/index.php?rest_route=\/wp\/v2\/users\/3"}],"replies":[{"embeddable":true,"href":"https:\/\/diariodominicano.com\/index.php?rest_route=%2Fwp%2Fv2%2Fcomments&post=70288"}],"version-history":[{"count":0,"href":"https:\/\/diariodominicano.com\/index.php?rest_route=\/wp\/v2\/posts\/70288\/revisions"}],"wp:attachment":[{"href":"https:\/\/diariodominicano.com\/index.php?rest_route=%2Fwp%2Fv2%2Fmedia&parent=70288"}],"wp:term":[{"taxonomy":"category","embeddable":true,"href":"https:\/\/diariodominicano.com\/index.php?rest_route=%2Fwp%2Fv2%2Fcategories&post=70288"},{"taxonomy":"post_tag","embeddable":true,"href":"https:\/\/diariodominicano.com\/index.php?rest_route=%2Fwp%2Fv2%2Ftags&post=70288"}],"curies":[{"name":"wp","href":"https:\/\/api.w.org\/{rel}","templated":true}]}}