{"id":70287,"date":"2009-03-05T21:52:40","date_gmt":"2009-03-05T21:52:40","guid":{"rendered":"http:\/\/diariodominicano.ddns.net\/?p=70287"},"modified":"2009-03-05T21:52:40","modified_gmt":"2009-03-05T21:52:40","slug":"dpd-recibe-felicitaciones-de-the-global-fund-por-sus-logros-en-la-lucha-contra-el-sida","status":"publish","type":"post","link":"https:\/\/diariodominicano.com\/?p=70287","title":{"rendered":"DPD recibe felicitaciones de The Global Fund, por sus logros en la lucha contra el SIDA"},"content":{"rendered":"<p><body><\/p>\n<p><img decoding=\"async\" src=\"http:\/\/localhost:8080\/img3\/eras.jpg\" \/>  <\/p>\n<p><span class=\"text1noticias\">El Despacho de la Primera Dama que dirige la doctora Margarita Cede\u00f1o de Fern\u00e1ndez, recibi\u00f3 la visita de Helen Evans, directora adjunta de The Global Fund, organizaci\u00f3n dedicada a la lucha contra el virus del SIDA, Tuberculosis y Malaria.<\/span><\/p>\n<\/p>\n<p><span class=\"text1noticias\">Evans manifest\u00f3 su agradecimiento por el recibimiento ofrecido durante su visita al Pa\u00eds y valor\u00f3 el compromiso que tiene la Rep\u00fablica Dominicana para reducir la tasa de incidencia del virus y el desaf\u00edo de enfrentar la problem\u00e1tica de manera bilateral con el vecino pa\u00eds de Hait\u00ed.<\/span><\/p>\n<\/p>\n<p><span class=\"text1noticias\">La representante de The Global Fund, felicit\u00f3 a la Primera Dama dominicana por el liderazgo demostrado en ese aspecto, as\u00ed tambi\u00e9n por su incansable lucha por la inclusi\u00f3n de temas de g\u00e9nero dentro de las problem\u00e1ticas que enfrenta la sociedad Dominicana.<\/span><\/p>\n<\/p>\n<p><span class=\"text1noticias\">La se\u00f1ora Helen Evans expres\u00f3 su inter\u00e9s de continuar trabajando conjuntamente con la esposa del Primer Mandatario dominicano y dijo que es importante para la Rep\u00fablica Dominicana contar con una Primera Dama tan comprometida con la causa, destacando el valioso trabajo realizado desde la ?Coalici\u00f3n de Primeras Damas y Mujeres L\u00edderes de Am\u00e9rica Latina y el Caribe?, de la cual Cede\u00f1o de Fern\u00e1ndez forma parte.<\/span><\/p>\n<\/p>\n<p><span class=\"text1noticias\">Evans dijo sentirse orgullosa de ser testigo del reconocimiento recibido por el pa\u00eds, gracias a los remarcables logros alcanzados en la lucha contra el SIDA durante los \u00faltimos cinco a\u00f1os, haciendo al pa\u00eds beneficiario por seis a\u00f1os adicionales de financiamiento para la implementaci\u00f3n del proyecto contra la mencionada epidemia.<\/span><\/p>\n<\/p>\n<p><span class=\"text1noticias\">La Primera Dama dominicana est\u00e1 comprometida en la lucha contra este flagelo y promueve constantemente la movilizaci\u00f3n y el reforzamiento de la prevenci\u00f3n como principal arma contra la enfermedad, as\u00ed como las facilidades de tratamiento y atenci\u00f3n a pacientes, a fin de reducir el impacto del virus principalmente en mujeres. <\/span><\/p>\n<h6> 2009-03-05 21:52:40 <\/h6>\n<p><!--\n<link rel=\"stylesheet\" href=\"css\/bootstrap.min.css\">\n\n\n<ul class=\"pagination\">\n\t    \n\t\n\n<li >\n\t<a href='?page_no=21964'>Previous<\/a>\n\t<\/li>\n\n\n       \n    \n\n<li><a href='?page_no=1'>1<\/a><\/li>\n\n\n\n<li><a href='?page_no=2'>2<\/a><\/li>\n\n\n\n<li><a>...<\/a><\/li>\n\n\n\n<li><a href='?page_no=21963'>21963<\/a><\/li>\n\n\n\n<li><a href='?page_no=21964'>21964<\/a><\/li>\n\n\n\n<li class='active'><a>21965<\/a><\/li>\n\n\n\n<li><a href='?page_no=21966'>21966<\/a><\/li>\n\n\n\n<li><a href='?page_no=21967'>21967<\/a><\/li>\n\n\n\n<li><a>...<\/a><\/li>\n\n\n\n<li><a href='?page_no=22911'>22911<\/a><\/li>\n\n\n\n<li><a href='?page_no=22912'>22912<\/a><\/li>\n\n    \n\t\n\n<li >\n\t<a href='?page_no=21966'>Next<\/a>\n\t<\/li>\n\n\n    \n\n<li><a href='?page_no=22912'>Last &rsaquo;&rsaquo;<\/a><\/li>\n\n<\/ul>\n\n\n--><br \/>\n<\/body><\/p>\n","protected":false},"excerpt":{"rendered":"<p>El Despacho de la Primera Dama que dirige la doctora Margarita Cede\u00f1o de Fern\u00e1ndez, recibi\u00f3 la visita de Helen Evans, directora adjunta de The Global Fund, organizaci\u00f3n dedicada a la lucha contra el virus del SIDA, Tuberculosis y Malaria. Evans manifest\u00f3 su agradecimiento por el recibimiento ofrecido durante su visita al Pa\u00eds y valor\u00f3 el [&hellip;]<\/p>\n","protected":false},"author":3,"featured_media":0,"comment_status":"open","ping_status":"open","sticky":false,"template":"","format":"standard","meta":{"footnotes":""},"categories":[21],"tags":[],"class_list":["post-70287","post","type-post","status-publish","format-standard","hentry","category-cultura"],"_links":{"self":[{"href":"https:\/\/diariodominicano.com\/index.php?rest_route=\/wp\/v2\/posts\/70287","targetHints":{"allow":["GET"]}}],"collection":[{"href":"https:\/\/diariodominicano.com\/index.php?rest_route=\/wp\/v2\/posts"}],"about":[{"href":"https:\/\/diariodominicano.com\/index.php?rest_route=\/wp\/v2\/types\/post"}],"author":[{"embeddable":true,"href":"https:\/\/diariodominicano.com\/index.php?rest_route=\/wp\/v2\/users\/3"}],"replies":[{"embeddable":true,"href":"https:\/\/diariodominicano.com\/index.php?rest_route=%2Fwp%2Fv2%2Fcomments&post=70287"}],"version-history":[{"count":0,"href":"https:\/\/diariodominicano.com\/index.php?rest_route=\/wp\/v2\/posts\/70287\/revisions"}],"wp:attachment":[{"href":"https:\/\/diariodominicano.com\/index.php?rest_route=%2Fwp%2Fv2%2Fmedia&parent=70287"}],"wp:term":[{"taxonomy":"category","embeddable":true,"href":"https:\/\/diariodominicano.com\/index.php?rest_route=%2Fwp%2Fv2%2Fcategories&post=70287"},{"taxonomy":"post_tag","embeddable":true,"href":"https:\/\/diariodominicano.com\/index.php?rest_route=%2Fwp%2Fv2%2Ftags&post=70287"}],"curies":[{"name":"wp","href":"https:\/\/api.w.org\/{rel}","templated":true}]}}